{"id":17602,"date":"2024-05-20T08:20:43","date_gmt":"2024-05-20T06:20:43","guid":{"rendered":"https:\/\/www.prva.hr\/?p=17602"},"modified":"2024-05-20T08:20:46","modified_gmt":"2024-05-20T06:20:46","slug":"drzavno-natjecanje-u-debati-u-i-gimnaziji","status":"publish","type":"post","link":"https:\/\/prva.hr\/index.php\/2024\/05\/20\/drzavno-natjecanje-u-debati-u-i-gimnaziji\/","title":{"rendered":"DR\u017dAVNO NATJECANJE U DEBATI U I. GIMNAZIJI"},"content":{"rendered":"\n<p>Najbolji debatanti osnovnih i srednjih \u0161kola okupili su se 17. i 18. 5. 2024. u I. gimnaziji. Uz suradnju Hrvatskog debatnog dru\u0161tva i Agencije za odgoj i obrazovanje trudili smo se da ih lijepo ugostimo i boravak u na\u0161oj \u0161koli u\u010dinimo \u0161to ugodnijim. Na sve\u010danom otvaranju nastupio je zbor I. gimnazije te na\u0161e nagra\u0111ivane glumice Nika Dani\u010di\u0107 (4. c) i Ida Butkovi\u0107 (4. a) koje su ujedno i vodile ceremoniju otvaranja. <\/p>\n","protected":false},"excerpt":{"rendered":"<p>Najbolji debatanti osnovnih i srednjih \u0161kola okupili su se 17. i 18. 5. 2024. u I. gimnaziji. Uz suradnju Hrvatskog debatnog dru\u0161tva i Agencije za odgoj i obrazovanje trudili smo se da ih lijepo ugostimo i boravak u na\u0161oj \u0161koli u\u010dinimo \u0161to ugodnijim. Na sve\u010danom otvaranju nastupio je zbor I. gimnazije te na\u0161e nagra\u0111ivane glumice [&hellip;]<\/p>\n","protected":false},"author":2,"featured_media":17603,"comment_status":"closed","ping_status":"0","sticky":false,"template":"","format":"standard","meta":{"_et_pb_use_builder":"","_et_pb_old_content":"","_et_gb_content_width":"","footnotes":""},"categories":[16,6,4],"tags":[],"class_list":["post-17602","post","type-post","status-publish","format-standard","has-post-thumbnail","hentry","category-debata","category-aktualna-dogadanja","category-najnovije-vijesti"],"_links":{"self":[{"href":"https:\/\/prva.hr\/index.php\/wp-json\/wp\/v2\/posts\/17602","targetHints":{"allow":["GET"]}}],"collection":[{"href":"https:\/\/prva.hr\/index.php\/wp-json\/wp\/v2\/posts"}],"about":[{"href":"https:\/\/prva.hr\/index.php\/wp-json\/wp\/v2\/types\/post"}],"author":[{"embeddable":true,"href":"https:\/\/prva.hr\/index.php\/wp-json\/wp\/v2\/users\/2"}],"replies":[{"embeddable":true,"href":"https:\/\/prva.hr\/index.php\/wp-json\/wp\/v2\/comments?post=17602"}],"version-history":[{"count":1,"href":"https:\/\/prva.hr\/index.php\/wp-json\/wp\/v2\/posts\/17602\/revisions"}],"predecessor-version":[{"id":17604,"href":"https:\/\/prva.hr\/index.php\/wp-json\/wp\/v2\/posts\/17602\/revisions\/17604"}],"wp:featuredmedia":[{"embeddable":true,"href":"https:\/\/prva.hr\/index.php\/wp-json\/wp\/v2\/media\/17603"}],"wp:attachment":[{"href":"https:\/\/prva.hr\/index.php\/wp-json\/wp\/v2\/media?parent=17602"}],"wp:term":[{"taxonomy":"category","embeddable":true,"href":"https:\/\/prva.hr\/index.php\/wp-json\/wp\/v2\/categories?post=17602"},{"taxonomy":"post_tag","embeddable":true,"href":"https:\/\/prva.hr\/index.php\/wp-json\/wp\/v2\/tags?post=17602"}],"curies":[{"name":"wp","href":"https:\/\/api.w.org\/{rel}","templated":true}]}}