{"id":17647,"date":"2024-05-13T11:12:23","date_gmt":"2024-05-13T09:12:23","guid":{"rendered":"https:\/\/www.prva.hr\/?p=17647"},"modified":"2024-05-23T11:27:46","modified_gmt":"2024-05-23T09:27:46","slug":"prva-na-dojdi-osmas-zagreb-te-zove","status":"publish","type":"post","link":"https:\/\/prva.hr\/index.php\/2024\/05\/13\/prva-na-dojdi-osmas-zagreb-te-zove\/","title":{"rendered":"Sudjelovanje Prve na manifestaciji Dojdi osma\u0161, Zagreb te zove!"},"content":{"rendered":"\n<p>I ove godine I. gimnazija sudjelovala je u manifestaciji Dojdi osma\u0161, Zagreb te zove!. Manifestacija se odr\u017eala u petak, 10. svibnja, od 10 do 16 sati na Trgu Nikole \u0160ubi\u0107a Zrinskog. Za pru\u017eanje informacija budu\u0107im u\u010denicima bili su zadu\u017eeni stru\u010dni suradnici, nastavnici i u\u010denici na\u0161e \u0161kole. Puno interesa bilo je za prirodoslovno-matemati\u010dki smjer koji \u0107e i ove godine biti organiziran u dva razredna odjela prvih razreda, a \u010desta su bila i pitanja vezana uz prijemne ispite. Osma\u0161i su pozvani na\u00a0<em>Otvoreni dan \u0161kole<\/em>\u00a08. lipnja od 10 sati kako bi i sami stekli dojmove iz prve ruke te saznali dodatne informacije koje ih zanimaju.\u00a0<\/p>\n\n\n\n<figure class=\"wp-block-gallery has-nested-images columns-default is-cropped wp-block-gallery-1 is-layout-flex wp-block-gallery-is-layout-flex\">\n<figure class=\"wp-block-image size-large\"><img decoding=\"async\" width=\"1024\" height=\"577\" data-id=\"17649\" data-src=\"https:\/\/www.prva.hr\/wp-content\/uploads\/2024\/05\/WhatsApp-Slika-2024-05-23-u-11.20.33_cdd8cfe3-1024x577.jpg\" alt=\"\" class=\"wp-image-17649 lazyload\" data-srcset=\"https:\/\/prva.hr\/wp-content\/uploads\/2024\/05\/WhatsApp-Slika-2024-05-23-u-11.20.33_cdd8cfe3-1024x577.jpg 1024w, https:\/\/prva.hr\/wp-content\/uploads\/2024\/05\/WhatsApp-Slika-2024-05-23-u-11.20.33_cdd8cfe3-300x169.jpg 300w, https:\/\/prva.hr\/wp-content\/uploads\/2024\/05\/WhatsApp-Slika-2024-05-23-u-11.20.33_cdd8cfe3-768x432.jpg 768w, https:\/\/prva.hr\/wp-content\/uploads\/2024\/05\/WhatsApp-Slika-2024-05-23-u-11.20.33_cdd8cfe3-1536x865.jpg 1536w, https:\/\/prva.hr\/wp-content\/uploads\/2024\/05\/WhatsApp-Slika-2024-05-23-u-11.20.33_cdd8cfe3-400x225.jpg 400w, https:\/\/prva.hr\/wp-content\/uploads\/2024\/05\/WhatsApp-Slika-2024-05-23-u-11.20.33_cdd8cfe3.jpg 2048w\" data-sizes=\"(max-width: 1024px) 100vw, 1024px\" src=\"data:image\/svg+xml;base64,PHN2ZyB3aWR0aD0iMSIgaGVpZ2h0PSIxIiB4bWxucz0iaHR0cDovL3d3dy53My5vcmcvMjAwMC9zdmciPjwvc3ZnPg==\" style=\"--smush-placeholder-width: 1024px; --smush-placeholder-aspect-ratio: 1024\/577;\" \/><\/figure>\n\n\n\n<figure class=\"wp-block-image size-large\"><img decoding=\"async\" width=\"1024\" height=\"577\" data-id=\"17650\" data-src=\"https:\/\/www.prva.hr\/wp-content\/uploads\/2024\/05\/WhatsApp-Slika-2024-05-23-u-11.20.33_f935af6c-1024x577.jpg\" alt=\"\" class=\"wp-image-17650 lazyload\" data-srcset=\"https:\/\/prva.hr\/wp-content\/uploads\/2024\/05\/WhatsApp-Slika-2024-05-23-u-11.20.33_f935af6c-1024x577.jpg 1024w, https:\/\/prva.hr\/wp-content\/uploads\/2024\/05\/WhatsApp-Slika-2024-05-23-u-11.20.33_f935af6c-300x169.jpg 300w, https:\/\/prva.hr\/wp-content\/uploads\/2024\/05\/WhatsApp-Slika-2024-05-23-u-11.20.33_f935af6c-768x432.jpg 768w, https:\/\/prva.hr\/wp-content\/uploads\/2024\/05\/WhatsApp-Slika-2024-05-23-u-11.20.33_f935af6c-1536x865.jpg 1536w, https:\/\/prva.hr\/wp-content\/uploads\/2024\/05\/WhatsApp-Slika-2024-05-23-u-11.20.33_f935af6c-400x225.jpg 400w, https:\/\/prva.hr\/wp-content\/uploads\/2024\/05\/WhatsApp-Slika-2024-05-23-u-11.20.33_f935af6c.jpg 2048w\" data-sizes=\"(max-width: 1024px) 100vw, 1024px\" src=\"data:image\/svg+xml;base64,PHN2ZyB3aWR0aD0iMSIgaGVpZ2h0PSIxIiB4bWxucz0iaHR0cDovL3d3dy53My5vcmcvMjAwMC9zdmciPjwvc3ZnPg==\" style=\"--smush-placeholder-width: 1024px; --smush-placeholder-aspect-ratio: 1024\/577;\" \/><\/figure>\n<\/figure>\n","protected":false},"excerpt":{"rendered":"<p>I ove godine I. gimnazija sudjelovala je u manifestaciji Dojdi osma\u0161, Zagreb te zove!. Manifestacija se odr\u017eala u petak, 10. svibnja, od 10 do 16 sati na Trgu Nikole \u0160ubi\u0107a Zrinskog. Za pru\u017eanje informacija budu\u0107im u\u010denicima bili su zadu\u017eeni stru\u010dni suradnici, nastavnici i u\u010denici na\u0161e \u0161kole. Puno interesa bilo je za prirodoslovno-matemati\u010dki smjer koji \u0107e [&hellip;]<\/p>\n","protected":false},"author":7,"featured_media":17648,"comment_status":"closed","ping_status":"0","sticky":false,"template":"","format":"standard","meta":{"_et_pb_use_builder":"","_et_pb_old_content":"","_et_gb_content_width":"","footnotes":""},"categories":[6,4],"tags":[],"class_list":["post-17647","post","type-post","status-publish","format-standard","has-post-thumbnail","hentry","category-aktualna-dogadanja","category-najnovije-vijesti"],"_links":{"self":[{"href":"https:\/\/prva.hr\/index.php\/wp-json\/wp\/v2\/posts\/17647","targetHints":{"allow":["GET"]}}],"collection":[{"href":"https:\/\/prva.hr\/index.php\/wp-json\/wp\/v2\/posts"}],"about":[{"href":"https:\/\/prva.hr\/index.php\/wp-json\/wp\/v2\/types\/post"}],"author":[{"embeddable":true,"href":"https:\/\/prva.hr\/index.php\/wp-json\/wp\/v2\/users\/7"}],"replies":[{"embeddable":true,"href":"https:\/\/prva.hr\/index.php\/wp-json\/wp\/v2\/comments?post=17647"}],"version-history":[{"count":2,"href":"https:\/\/prva.hr\/index.php\/wp-json\/wp\/v2\/posts\/17647\/revisions"}],"predecessor-version":[{"id":17654,"href":"https:\/\/prva.hr\/index.php\/wp-json\/wp\/v2\/posts\/17647\/revisions\/17654"}],"wp:featuredmedia":[{"embeddable":true,"href":"https:\/\/prva.hr\/index.php\/wp-json\/wp\/v2\/media\/17648"}],"wp:attachment":[{"href":"https:\/\/prva.hr\/index.php\/wp-json\/wp\/v2\/media?parent=17647"}],"wp:term":[{"taxonomy":"category","embeddable":true,"href":"https:\/\/prva.hr\/index.php\/wp-json\/wp\/v2\/categories?post=17647"},{"taxonomy":"post_tag","embeddable":true,"href":"https:\/\/prva.hr\/index.php\/wp-json\/wp\/v2\/tags?post=17647"}],"curies":[{"name":"wp","href":"https:\/\/api.w.org\/{rel}","templated":true}]}}