{"id":17819,"date":"2024-06-06T21:04:01","date_gmt":"2024-06-06T19:04:01","guid":{"rendered":"https:\/\/www.prva.hr\/?p=17819"},"modified":"2024-06-18T14:48:06","modified_gmt":"2024-06-18T12:48:06","slug":"plasman-na-drzavnu-smotru-ucenickih-zadruga","status":"publish","type":"post","link":"https:\/\/prva.hr\/index.php\/2024\/06\/06\/plasman-na-drzavnu-smotru-ucenickih-zadruga\/","title":{"rendered":"Plasman na dr\u017eavnu smotru u\u010deni\u010dkih zadruga"},"content":{"rendered":"\n<p>Na \u017dupanijskoj smotri UZ Grada Zagreba sudjelovao je rekordan broj UZ iz osnovnih i srednjih \u0161kola i centara za odgoj i obrazovanje. Smotra se odr\u017eavala na Zrinjevcu na kojem su 42 zadruge izlo\u017eile svoje radove nastale tijekom \u0161kolske godine. Vrijedni mali i veliki zadrugari pokazali su vje\u0161tine i znanje te su svim zainteresiranim posjetiteljima obja\u0161njavali kako se rade pojedini predmeti.<\/p>\n\n\n\n<p>Na\u0161u u\u010deni\u010dku zadrugu i na\u0161u \u0161kolu predstavljala je sekcija Kreativci koja je izradila predmete nadahnuta ljepotom poljskog crvenog maka. Izradili smo i izlo\u017eili posudice od gline koja se su\u0161i na zraku, cvjetove od starih crvenih zavjesa, drvene nau\u0161nice, magnete i druge proizvode. Oslikali smo ambala\u017eu i privukli pa\u017enju drugih sudionika, ali i slu\u010dajnih prolaznika.<\/p>\n\n\n\n<p>Od prosudbenog povjerenstva dobili smo visoke ocjene (40 od mogu\u0107ih 40 bodova) te zauzeli prvo mjesto (tre\u0107a nagrada).  To nam je donijelo plasman na Dr\u017eavnu smotru u\u010deni\u010dkih zadruga.<\/p>\n\n\n\n<p>Hvala svim biv\u0161im i sada\u0161njim u\u010denicima i nastavnicima koji su nas podr\u017eali i navratili na na\u0161 \u0161tand.<\/p>\n\n\n\n<p>Na smotri su sudjelovali Lucija Kova\u010devi\u0107, Tamara Marti\u0107 i Jakov Kovi\u0107 s mentoricom Gordanom Sekuli\u0107-\u0160tiv\u010devi\u0107.<\/p>\n\n\n\n<figure class=\"wp-block-image size-large\"><img decoding=\"async\" width=\"768\" height=\"1024\" data-src=\"https:\/\/www.prva.hr\/wp-content\/uploads\/2024\/06\/2-stand-768x1024.jpg\" alt=\"\" class=\"wp-image-17820 lazyload\" data-srcset=\"https:\/\/prva.hr\/wp-content\/uploads\/2024\/06\/2-stand-768x1024.jpg 768w, https:\/\/prva.hr\/wp-content\/uploads\/2024\/06\/2-stand-225x300.jpg 225w, https:\/\/prva.hr\/wp-content\/uploads\/2024\/06\/2-stand-1152x1536.jpg 1152w, https:\/\/prva.hr\/wp-content\/uploads\/2024\/06\/2-stand.jpg 1536w\" data-sizes=\"(max-width: 768px) 100vw, 768px\" src=\"data:image\/svg+xml;base64,PHN2ZyB3aWR0aD0iMSIgaGVpZ2h0PSIxIiB4bWxucz0iaHR0cDovL3d3dy53My5vcmcvMjAwMC9zdmciPjwvc3ZnPg==\" style=\"--smush-placeholder-width: 768px; --smush-placeholder-aspect-ratio: 768\/1024;\" \/><\/figure>\n\n\n\n<figure class=\"wp-block-image size-large\"><img decoding=\"async\" width=\"1024\" height=\"768\" data-src=\"https:\/\/www.prva.hr\/wp-content\/uploads\/2024\/06\/3-stand-1024x768.jpg\" alt=\"\" class=\"wp-image-17821 lazyload\" data-srcset=\"https:\/\/prva.hr\/wp-content\/uploads\/2024\/06\/3-stand-1024x768.jpg 1024w, https:\/\/prva.hr\/wp-content\/uploads\/2024\/06\/3-stand-300x225.jpg 300w, https:\/\/prva.hr\/wp-content\/uploads\/2024\/06\/3-stand-768x576.jpg 768w, https:\/\/prva.hr\/wp-content\/uploads\/2024\/06\/3-stand-1536x1152.jpg 1536w, https:\/\/prva.hr\/wp-content\/uploads\/2024\/06\/3-stand-400x300.jpg 400w, https:\/\/prva.hr\/wp-content\/uploads\/2024\/06\/3-stand-rotated.jpg 2048w\" data-sizes=\"(max-width: 1024px) 100vw, 1024px\" src=\"data:image\/svg+xml;base64,PHN2ZyB3aWR0aD0iMSIgaGVpZ2h0PSIxIiB4bWxucz0iaHR0cDovL3d3dy53My5vcmcvMjAwMC9zdmciPjwvc3ZnPg==\" style=\"--smush-placeholder-width: 1024px; --smush-placeholder-aspect-ratio: 1024\/768;\" \/><\/figure>\n\n\n\n<figure class=\"wp-block-image size-large\"><img decoding=\"async\" width=\"768\" height=\"1024\" data-src=\"https:\/\/www.prva.hr\/wp-content\/uploads\/2024\/06\/4-stand-768x1024.jpg\" alt=\"\" class=\"wp-image-17822 lazyload\" data-srcset=\"https:\/\/prva.hr\/wp-content\/uploads\/2024\/06\/4-stand-768x1024.jpg 768w, https:\/\/prva.hr\/wp-content\/uploads\/2024\/06\/4-stand-225x300.jpg 225w, https:\/\/prva.hr\/wp-content\/uploads\/2024\/06\/4-stand-1152x1536.jpg 1152w, https:\/\/prva.hr\/wp-content\/uploads\/2024\/06\/4-stand-1536x2048.jpg 1536w, https:\/\/prva.hr\/wp-content\/uploads\/2024\/06\/4-stand-scaled.jpg 1920w\" data-sizes=\"(max-width: 768px) 100vw, 768px\" src=\"data:image\/svg+xml;base64,PHN2ZyB3aWR0aD0iMSIgaGVpZ2h0PSIxIiB4bWxucz0iaHR0cDovL3d3dy53My5vcmcvMjAwMC9zdmciPjwvc3ZnPg==\" style=\"--smush-placeholder-width: 768px; --smush-placeholder-aspect-ratio: 768\/1024;\" \/><\/figure>\n\n\n\n<figure class=\"wp-block-image size-large\"><img decoding=\"async\" width=\"768\" height=\"1024\" data-src=\"https:\/\/www.prva.hr\/wp-content\/uploads\/2024\/06\/5-ucenici-768x1024.jpg\" alt=\"\" class=\"wp-image-17823 lazyload\" data-srcset=\"https:\/\/prva.hr\/wp-content\/uploads\/2024\/06\/5-ucenici-768x1024.jpg 768w, https:\/\/prva.hr\/wp-content\/uploads\/2024\/06\/5-ucenici-225x300.jpg 225w, https:\/\/prva.hr\/wp-content\/uploads\/2024\/06\/5-ucenici-1152x1536.jpg 1152w, https:\/\/prva.hr\/wp-content\/uploads\/2024\/06\/5-ucenici.jpg 1200w\" data-sizes=\"(max-width: 768px) 100vw, 768px\" src=\"data:image\/svg+xml;base64,PHN2ZyB3aWR0aD0iMSIgaGVpZ2h0PSIxIiB4bWxucz0iaHR0cDovL3d3dy53My5vcmcvMjAwMC9zdmciPjwvc3ZnPg==\" style=\"--smush-placeholder-width: 768px; --smush-placeholder-aspect-ratio: 768\/1024;\" \/><\/figure>\n\n\n\n<figure class=\"wp-block-image size-large\"><img decoding=\"async\" width=\"1024\" height=\"768\" data-src=\"https:\/\/www.prva.hr\/wp-content\/uploads\/2024\/06\/6-posude-1024x768.jpg\" alt=\"\" class=\"wp-image-17824 lazyload\" data-srcset=\"https:\/\/prva.hr\/wp-content\/uploads\/2024\/06\/6-posude-1024x768.jpg 1024w, https:\/\/prva.hr\/wp-content\/uploads\/2024\/06\/6-posude-300x225.jpg 300w, https:\/\/prva.hr\/wp-content\/uploads\/2024\/06\/6-posude-768x576.jpg 768w, https:\/\/prva.hr\/wp-content\/uploads\/2024\/06\/6-posude-1536x1152.jpg 1536w, https:\/\/prva.hr\/wp-content\/uploads\/2024\/06\/6-posude-400x300.jpg 400w, https:\/\/prva.hr\/wp-content\/uploads\/2024\/06\/6-posude.jpg 2048w\" data-sizes=\"(max-width: 1024px) 100vw, 1024px\" src=\"data:image\/svg+xml;base64,PHN2ZyB3aWR0aD0iMSIgaGVpZ2h0PSIxIiB4bWxucz0iaHR0cDovL3d3dy53My5vcmcvMjAwMC9zdmciPjwvc3ZnPg==\" style=\"--smush-placeholder-width: 1024px; --smush-placeholder-aspect-ratio: 1024\/768;\" \/><\/figure>\n","protected":false},"excerpt":{"rendered":"<p>Na \u017dupanijskoj smotri UZ Grada Zagreba sudjelovao je rekordan broj UZ iz osnovnih i srednjih \u0161kola i centara za odgoj i obrazovanje. Smotra se odr\u017eavala na Zrinjevcu na kojem su 42 zadruge izlo\u017eile svoje radove nastale tijekom \u0161kolske godine. Vrijedni mali i veliki zadrugari pokazali su vje\u0161tine i znanje te su svim zainteresiranim posjetiteljima obja\u0161njavali [&hellip;]<\/p>\n","protected":false},"author":5,"featured_media":17825,"comment_status":"closed","ping_status":"0","sticky":false,"template":"","format":"standard","meta":{"_et_pb_use_builder":"","_et_pb_old_content":"","_et_gb_content_width":"","footnotes":""},"categories":[84,6,4],"tags":[],"class_list":["post-17819","post","type-post","status-publish","format-standard","has-post-thumbnail","hentry","category-aktivnosti-izvannastavne-aktivnosti-zadruga","category-aktualna-dogadanja","category-najnovije-vijesti"],"_links":{"self":[{"href":"https:\/\/prva.hr\/index.php\/wp-json\/wp\/v2\/posts\/17819","targetHints":{"allow":["GET"]}}],"collection":[{"href":"https:\/\/prva.hr\/index.php\/wp-json\/wp\/v2\/posts"}],"about":[{"href":"https:\/\/prva.hr\/index.php\/wp-json\/wp\/v2\/types\/post"}],"author":[{"embeddable":true,"href":"https:\/\/prva.hr\/index.php\/wp-json\/wp\/v2\/users\/5"}],"replies":[{"embeddable":true,"href":"https:\/\/prva.hr\/index.php\/wp-json\/wp\/v2\/comments?post=17819"}],"version-history":[{"count":2,"href":"https:\/\/prva.hr\/index.php\/wp-json\/wp\/v2\/posts\/17819\/revisions"}],"predecessor-version":[{"id":17882,"href":"https:\/\/prva.hr\/index.php\/wp-json\/wp\/v2\/posts\/17819\/revisions\/17882"}],"wp:featuredmedia":[{"embeddable":true,"href":"https:\/\/prva.hr\/index.php\/wp-json\/wp\/v2\/media\/17825"}],"wp:attachment":[{"href":"https:\/\/prva.hr\/index.php\/wp-json\/wp\/v2\/media?parent=17819"}],"wp:term":[{"taxonomy":"category","embeddable":true,"href":"https:\/\/prva.hr\/index.php\/wp-json\/wp\/v2\/categories?post=17819"},{"taxonomy":"post_tag","embeddable":true,"href":"https:\/\/prva.hr\/index.php\/wp-json\/wp\/v2\/tags?post=17819"}],"curies":[{"name":"wp","href":"https:\/\/api.w.org\/{rel}","templated":true}]}}