{"id":17858,"date":"2024-06-13T08:28:12","date_gmt":"2024-06-13T06:28:12","guid":{"rendered":"https:\/\/www.prva.hr\/?p=17858"},"modified":"2024-06-13T10:16:27","modified_gmt":"2024-06-13T08:16:27","slug":"povrat-i-preuzimanje-udzbenika-20-lipnja-2024-vazno","status":"publish","type":"post","link":"https:\/\/prva.hr\/index.php\/2024\/06\/13\/povrat-i-preuzimanje-udzbenika-20-lipnja-2024-vazno\/","title":{"rendered":"Povrat i preuzimanje ud\u017ebenika 20. lipnja, 2024. \u2013 VA\u017dNO!"},"content":{"rendered":"\n<p class=\"has-black-color has-text-color\">Dragi u\u010denici, drage u\u010denice,<\/p>\n\n\n\n<p class=\"has-black-color has-text-color\">dragi roditelji\/skrbnici,<\/p>\n\n\n\n<p class=\"has-black-color has-text-color\">Slijede informacije o povratku i preuzimanju besplatnih ud\u017ebenika.<\/p>\n\n\n\n<p class=\"has-black-color has-text-color\"><strong>Prvi razredi ud\u017ebenike <\/strong><strong>vra\u0107aju u rujnu 2024.g. <\/strong>kada \u0107e ih<strong> &nbsp;<\/strong>predati novoupisanim u\u010denicima o \u010demu \u0107e biti naknadno obavije\u0161teni. <strong>Prvi razredi<\/strong> ud\u017ebenike za sljede\u0107u \u0161kolsku 2024.\/2025. godinu &nbsp;<strong>preuzimaju u \u010detvrtak, 20. lipnja 2024., nakon nastave. Iznimka je 1. F razred \u2013 oni \u0107e dobiti i vratiti ud\u017ebenike u rujnu 2024.<\/strong><\/p>\n\n\n\n<p class=\"has-black-color has-text-color\"><strong>Drugi razredi vra\u0107aju i preuzimaju ud\u017ebenike u<\/strong>&nbsp;<strong>\u010detvrtak,&nbsp;20. lipnja 2024., nakon nastave.<\/strong><\/p>\n\n\n\n<p class=\"has-black-color has-text-color\"><strong>Tre\u0107i razredi vra\u0107aju ud\u017ebenike u \u010detvrtak, 20. lipnja 2024., nakon nastave.<\/strong><\/p>\n\n\n\n<p class=\"has-black-color has-text-color\"><strong>\u010cetvrti razredi <\/strong>ud\u017ebenike <strong>vra\u0107aju u \u010detvrtak, 27. lipnja 2024. poslije 12 sati<\/strong>, <strong>nakon mature iz matematike.<\/strong> Isti dan <strong>\u0107e tre\u0107i razredi<\/strong> preuzeti ud\u017ebenike. Detaljan raspored \u0107e biti naknadno objavljen.<\/p>\n\n\n\n<p class=\"has-black-color has-text-color\">&#8212;&#8212;&#8212;&#8212;&#8212;&#8212;&#8212;&#8212;&#8212;&#8212;&#8212;&#8212;&#8212;&#8212;&#8212;&#8212;&#8212;&#8212;&#8212;&#8212;&#8212;&#8212;&#8212;&#8212;&#8212;&#8212;&#8212;&#8212;&#8212;&#8212;&#8212;&#8212;&#8212;&#8212;&#8212;&#8212;&#8211;<\/p>\n\n\n\n<p class=\"has-black-color has-text-color\"><strong>Primopredaja ud\u017ebenika<\/strong> za <strong>prve, druge i tre\u0107e razrede <\/strong>za sljede\u0107u \u0161kolsku godinu bit \u0107e organizirana <strong>u \u010detvrtak 20. lipnja<\/strong> <strong>2024.<\/strong> od <strong>14 sati <\/strong>prema dolje navedenom rasporedu. Ukoliko ste sprije\u010deni predati ud\u017ebenike u navedenom terminu, dogovorite s razrednikom na koji na\u010din \u0107ete to rije\u0161iti.<\/p>\n\n\n\n<p class=\"has-black-color has-text-color\">Primopredaja \u0107e se odvijati na na\u010din da svaki u\u010denik zna od kojeg \u0107e u\u010denika preuzeti ud\u017ebenike za sljede\u0107i razred i kojem u\u010deniku treba predati komplet. Razrednici \u0107e dobiti detaljan popis koji \u0107e vam proslijediti.<\/p>\n\n\n\n<p class=\"has-black-color has-text-color\">U\u010denici <strong>svih drugih i tre\u0107ih<\/strong> razreda du\u017eni su taj dan donijeti svoje ud\u017ebenike koje su zadu\u017eili na po\u010detku \u0161kolske godine. <strong>Radne bilje\u017enice i ud\u017ebenici stranih jezika se ne vra\u0107aju, ali se ni ne bacaju, jer \u0107e vam trebati sljede\u0107e godine.<\/strong> Ukoliko neki ud\u017ebenik nedostaje ili je u neuporabnom stanju potrebno je o tome <strong>obavijestiti razrednika do<\/strong> <strong>18. lipnja<\/strong> radi dogovora o nadoknadi.<\/p>\n\n\n\n<p class=\"has-black-color has-text-color\">Kada dobijete ud\u017ebenike, provjerite stanje i ukoliko ne\u0161to nedostaje, upi\u0161ite u Excel tablicu koju \u0107ete dobiti na razredne mailove. <strong>Rok unosa je 24. lipnja 2024<\/strong>. Ono \u0161to svima nedostaje su radne bilje\u017enice i ud\u017ebenici pojedinih stranih jezika \u2013 to nemojte upisivati u Excel, njih \u0107ete dobiti na jesen kada bude zamjena ud\u017ebenika iz etike i vjeronauka. <\/p>\n\n\n\n<p><strong>3. razredi &#8211;<\/strong> popis ud\u017ebenika za povrat mo\u017eete vidjeti na poveznicama:&nbsp;&nbsp;<a href=\"https:\/\/www.prva.hr\/wp-content\/uploads\/2022\/06\/NOVO-3.-R.-UDZBENICI-ZA-POVRAT-OG.docx\" target=\"_blank\" rel=\"noreferrer noopener\"><strong>&nbsp;3. R.- UDZBENICI ZA POVRAT \u2013 OG<\/strong><\/a>&nbsp;i&nbsp;<a href=\"https:\/\/www.prva.hr\/wp-content\/uploads\/2022\/06\/NOVO-3.-R.-UDZBENICI-ZA-POVRAT-PM.docx\" target=\"_blank\" rel=\"noreferrer noopener\"><strong>&nbsp;3. R.- UDZBENICI ZA POVRAT \u2013 PM<\/strong><\/a><\/p>\n\n\n\n<p><strong>2. razredi<\/strong> &#8211; popis ud\u017ebenika za povrat mo\u017eete vidjeti na poveznicama:&nbsp;<a href=\"https:\/\/www.prva.hr\/wp-content\/uploads\/2022\/06\/NOVO-2.-R.-UDZBENICI-ZA-POVRAT-OG.docx\" target=\"_blank\" rel=\"noreferrer noopener\"><strong>2. R.- UDZBENICI ZA POVRAT \u2013 OG<\/strong><\/a>i&nbsp;<a href=\"https:\/\/www.prva.hr\/wp-content\/uploads\/2022\/06\/NOVO-2.-R.-UDZBENICI-ZA-POVRAT-PM.docx\" target=\"_blank\" rel=\"noreferrer noopener\"><strong>2. R.- UDZBENICI ZA POVRAT \u2013 PM<\/strong><\/a><strong><u>.<\/u><\/strong><\/p>\n\n\n\n<p class=\"has-text-align-center has-black-color has-text-color\"><strong>Raspored primopredaje ud\u017ebenika<\/strong> &#8211; <strong>20. lipnja, 2024.<\/strong><\/p>\n\n\n\n<figure class=\"wp-block-table\"><table class=\"has-black-color has-white-background-color has-text-color has-background\"><tbody><tr><td><strong>Vrijeme<\/strong><\/td><td><strong>Broj u\u010dionice<\/strong><\/td><td><strong>Razred koji predaje<\/strong> <strong>ud\u017ebenike \/ razrednik<\/strong><\/td><td><strong>Razred koji preuzima ud\u017ebenike \/ razrednik<\/strong><\/td><\/tr><tr><td rowspan=\"5\">&nbsp; &nbsp; <strong>14:05<\/strong><\/td><td>221<\/td><td>2. A \u2013 I. Janji\u0107<\/td><td>1. A \u2013 M. \u010cubrani\u0107<\/td><\/tr><tr><td>222<\/td><td>2. B \u2013 I. Mandu\u0161i\u0107<\/td><td>1. B \u2013 H. Begi\u0107<\/td><\/tr><tr><td>208<\/td><td>2. C \u2013 Z. Pa\u0161tar<\/td><td>1. C \u2013 M. Karapand\u017ea<\/td><\/tr><tr><td>209<\/td><td>2. D \u2013 B. Ka\u010dar<\/td><td>1. D \u2013 M. B. Romi\u0107<\/td><\/tr><tr><td>216<\/td><td>2. E \u2013 M. R. Mehmedba\u0161i\u0107<\/td><td>1. E \u2013 M. Bra\u010di\u0107<\/td><\/tr><\/tbody><\/table><\/figure>\n\n\n\n<figure class=\"wp-block-table\"><table class=\"has-black-color has-text-color\"><tbody><tr><td><strong>Vrijeme<\/strong><\/td><td><strong>Broj u\u010dionice<\/strong><\/td><td>&nbsp; <strong>Razred koji predaje<\/strong> <strong>ud\u017ebenike \/ razrednik<\/strong><\/td><td>&nbsp; <strong>Razred koji preuzima ud\u017ebenike \/ razrednik<\/strong><\/td><\/tr><tr><td rowspan=\"5\">&nbsp; &nbsp; <strong>14:20<\/strong><\/td><td>221<\/td><td>3. A \u2013 T. Juki\u0107<\/td><td>2. A \u2013 I. Janji\u0107<\/td><\/tr><tr><td>222<\/td><td>3. B \u2013 I.B. Peri\u010di\u0107<\/td><td>2. B \u2013 I. Mandu\u0161i\u0107<\/td><\/tr><tr><td>208<\/td><td>3. C \u2013 D. O. Sanuri<\/td><td>2. C \u2013 Z. Pa\u0161tar<\/td><\/tr><tr><td>209<\/td><td>3. D \u2013 M. Fer\u010dek<\/td><td>2. D \u2013 B. Ka\u010dar<\/td><\/tr><tr><td>216<\/td><td>3. E \u2013 P. Polan\u010dec<\/td><td>2. E \u2013 M. R. Mehmedba\u0161i\u0107<\/td><\/tr><\/tbody><\/table><\/figure>\n","protected":false},"excerpt":{"rendered":"<p>Dragi u\u010denici, drage u\u010denice, dragi roditelji\/skrbnici, Slijede informacije o povratku i preuzimanju besplatnih ud\u017ebenika. Prvi razredi ud\u017ebenike vra\u0107aju u rujnu 2024.g. kada \u0107e ih &nbsp;predati novoupisanim u\u010denicima o \u010demu \u0107e biti naknadno obavije\u0161teni. Prvi razredi ud\u017ebenike za sljede\u0107u \u0161kolsku 2024.\/2025. godinu &nbsp;preuzimaju u \u010detvrtak, 20. lipnja 2024., nakon nastave. Iznimka je 1. F razred \u2013 [&hellip;]<\/p>\n","protected":false},"author":9,"featured_media":0,"comment_status":"closed","ping_status":"0","sticky":false,"template":"","format":"standard","meta":{"_et_pb_use_builder":"","_et_pb_old_content":"","_et_gb_content_width":"","footnotes":""},"categories":[6,9,4,1],"tags":[78],"class_list":["post-17858","post","type-post","status-publish","format-standard","hentry","category-aktualna-dogadanja","category-arhiva","category-najnovije-vijesti","category-nekategorizirano","tag-udzbenici"],"_links":{"self":[{"href":"https:\/\/prva.hr\/index.php\/wp-json\/wp\/v2\/posts\/17858","targetHints":{"allow":["GET"]}}],"collection":[{"href":"https:\/\/prva.hr\/index.php\/wp-json\/wp\/v2\/posts"}],"about":[{"href":"https:\/\/prva.hr\/index.php\/wp-json\/wp\/v2\/types\/post"}],"author":[{"embeddable":true,"href":"https:\/\/prva.hr\/index.php\/wp-json\/wp\/v2\/users\/9"}],"replies":[{"embeddable":true,"href":"https:\/\/prva.hr\/index.php\/wp-json\/wp\/v2\/comments?post=17858"}],"version-history":[{"count":16,"href":"https:\/\/prva.hr\/index.php\/wp-json\/wp\/v2\/posts\/17858\/revisions"}],"predecessor-version":[{"id":17874,"href":"https:\/\/prva.hr\/index.php\/wp-json\/wp\/v2\/posts\/17858\/revisions\/17874"}],"wp:attachment":[{"href":"https:\/\/prva.hr\/index.php\/wp-json\/wp\/v2\/media?parent=17858"}],"wp:term":[{"taxonomy":"category","embeddable":true,"href":"https:\/\/prva.hr\/index.php\/wp-json\/wp\/v2\/categories?post=17858"},{"taxonomy":"post_tag","embeddable":true,"href":"https:\/\/prva.hr\/index.php\/wp-json\/wp\/v2\/tags?post=17858"}],"curies":[{"name":"wp","href":"https:\/\/api.w.org\/{rel}","templated":true}]}}