{"id":17903,"date":"2024-06-20T10:02:52","date_gmt":"2024-06-20T08:02:52","guid":{"rendered":"https:\/\/www.prva.hr\/?p=17903"},"modified":"2024-06-20T10:05:49","modified_gmt":"2024-06-20T08:05:49","slug":"prva-alumni-vecer-u-prvoj","status":"publish","type":"post","link":"https:\/\/prva.hr\/index.php\/2024\/06\/20\/prva-alumni-vecer-u-prvoj\/","title":{"rendered":"Prva Alumni ve\u010der u Prvoj!"},"content":{"rendered":"\n<p>Na\u0161i maturanti iz 1994. godine odli\u010dna su generacija da zapo\u010dnemo projekt Alumni30. Oni su prvi maturanti obnovljenih gimnazija koje su do tada hibernirale ugra\u0111ene u glomazne centre usmjerenog obrazovanja. Oni su i prvi maturanti koji su zavr\u0161ili gimnaziju na adresi Av. Dubrovnik 36. U godini u kojoj slavimo 170 godina na\u0161e \u0161kole veselimo se svim \u201eokruglim\u201c i emotivnim godi\u0161njicama.<\/p>\n\n\n\n<p>Okupili su se u\u010denici tri razreda i njihove razrednice: Zdenka Hlebec, Drinka Trinajsti\u0107 i Marija Pavkovi\u0107. Prof. Hlebec je bila prisutna on line, ali je susret ipak bio srda\u010dan i topao. U \u0161koli su mogli vidjeti program koji je pripremila dramska grupa i scensko muziciranje, \u010duti o tome \u0161to je novo u radu \u0161kole otkad su oni oti\u0161li te se upoznati s radom Zaklade I. gimnazije Akica.<\/p>\n\n\n\n<p>Na odlasku iz \u0161kole, uz obavezno fotografiranje, biv\u0161i maturanti su i prikupili donacije za Zakladu Akica. Svoje su dru\u017eenje nastavili u obli\u017enjem restoranu, raznje\u017eeni brojnim anegdotama i uspomenama kojih su se prisje\u0107ali!<\/p>\n\n\n\n<figure class=\"wp-block-gallery has-nested-images columns-default is-cropped wp-block-gallery-1 is-layout-flex wp-block-gallery-is-layout-flex\">\n<figure class=\"wp-block-image size-large\"><img decoding=\"async\" width=\"1024\" height=\"683\" data-id=\"17905\" data-src=\"https:\/\/www.prva.hr\/wp-content\/uploads\/2024\/06\/bendovi-1024x683.jpg\" alt=\"\" class=\"wp-image-17905 lazyload\" data-srcset=\"https:\/\/prva.hr\/wp-content\/uploads\/2024\/06\/bendovi-1024x683.jpg 1024w, https:\/\/prva.hr\/wp-content\/uploads\/2024\/06\/bendovi-300x200.jpg 300w, https:\/\/prva.hr\/wp-content\/uploads\/2024\/06\/bendovi-768x512.jpg 768w, https:\/\/prva.hr\/wp-content\/uploads\/2024\/06\/bendovi-1536x1024.jpg 1536w, https:\/\/prva.hr\/wp-content\/uploads\/2024\/06\/bendovi-2048x1366.jpg 2048w, https:\/\/prva.hr\/wp-content\/uploads\/2024\/06\/bendovi-400x267.jpg 400w\" data-sizes=\"(max-width: 1024px) 100vw, 1024px\" src=\"data:image\/svg+xml;base64,PHN2ZyB3aWR0aD0iMSIgaGVpZ2h0PSIxIiB4bWxucz0iaHR0cDovL3d3dy53My5vcmcvMjAwMC9zdmciPjwvc3ZnPg==\" style=\"--smush-placeholder-width: 1024px; --smush-placeholder-aspect-ratio: 1024\/683;\" \/><\/figure>\n<\/figure>\n\n\n\n<figure class=\"wp-block-gallery has-nested-images columns-default is-cropped wp-block-gallery-2 is-layout-flex wp-block-gallery-is-layout-flex\">\n<figure class=\"wp-block-image size-large\"><img decoding=\"async\" width=\"1024\" height=\"671\" data-id=\"17907\" data-src=\"https:\/\/www.prva.hr\/wp-content\/uploads\/2024\/06\/dramska-bolja-1024x671.jpg\" alt=\"\" class=\"wp-image-17907 lazyload\" data-srcset=\"https:\/\/prva.hr\/wp-content\/uploads\/2024\/06\/dramska-bolja-1024x671.jpg 1024w, https:\/\/prva.hr\/wp-content\/uploads\/2024\/06\/dramska-bolja-300x197.jpg 300w, https:\/\/prva.hr\/wp-content\/uploads\/2024\/06\/dramska-bolja-768x503.jpg 768w, https:\/\/prva.hr\/wp-content\/uploads\/2024\/06\/dramska-bolja-1536x1006.jpg 1536w, https:\/\/prva.hr\/wp-content\/uploads\/2024\/06\/dramska-bolja-2048x1341.jpg 2048w, https:\/\/prva.hr\/wp-content\/uploads\/2024\/06\/dramska-bolja-400x262.jpg 400w\" data-sizes=\"(max-width: 1024px) 100vw, 1024px\" src=\"data:image\/svg+xml;base64,PHN2ZyB3aWR0aD0iMSIgaGVpZ2h0PSIxIiB4bWxucz0iaHR0cDovL3d3dy53My5vcmcvMjAwMC9zdmciPjwvc3ZnPg==\" style=\"--smush-placeholder-width: 1024px; --smush-placeholder-aspect-ratio: 1024\/671;\" \/><\/figure>\n<\/figure>\n\n\n\n<figure class=\"wp-block-gallery has-nested-images columns-default is-cropped wp-block-gallery-3 is-layout-flex wp-block-gallery-is-layout-flex\">\n<figure class=\"wp-block-image size-large\"><img decoding=\"async\" width=\"1024\" height=\"683\" data-id=\"17909\" data-src=\"https:\/\/www.prva.hr\/wp-content\/uploads\/2024\/06\/4.b-1024x683.jpg\" alt=\"\" class=\"wp-image-17909 lazyload\" data-srcset=\"https:\/\/prva.hr\/wp-content\/uploads\/2024\/06\/4.b-1024x683.jpg 1024w, https:\/\/prva.hr\/wp-content\/uploads\/2024\/06\/4.b-300x200.jpg 300w, https:\/\/prva.hr\/wp-content\/uploads\/2024\/06\/4.b-768x512.jpg 768w, https:\/\/prva.hr\/wp-content\/uploads\/2024\/06\/4.b-1536x1024.jpg 1536w, https:\/\/prva.hr\/wp-content\/uploads\/2024\/06\/4.b-2048x1366.jpg 2048w, https:\/\/prva.hr\/wp-content\/uploads\/2024\/06\/4.b-400x267.jpg 400w\" data-sizes=\"(max-width: 1024px) 100vw, 1024px\" src=\"data:image\/svg+xml;base64,PHN2ZyB3aWR0aD0iMSIgaGVpZ2h0PSIxIiB4bWxucz0iaHR0cDovL3d3dy53My5vcmcvMjAwMC9zdmciPjwvc3ZnPg==\" style=\"--smush-placeholder-width: 1024px; --smush-placeholder-aspect-ratio: 1024\/683;\" \/><\/figure>\n<\/figure>\n\n\n\n<figure class=\"wp-block-image size-large\"><img decoding=\"async\" width=\"1024\" height=\"683\" data-src=\"https:\/\/www.prva.hr\/wp-content\/uploads\/2024\/06\/4.c-1024x683.jpg\" alt=\"\" class=\"wp-image-17911 lazyload\" data-srcset=\"https:\/\/prva.hr\/wp-content\/uploads\/2024\/06\/4.c-1024x683.jpg 1024w, https:\/\/prva.hr\/wp-content\/uploads\/2024\/06\/4.c-300x200.jpg 300w, https:\/\/prva.hr\/wp-content\/uploads\/2024\/06\/4.c-768x512.jpg 768w, https:\/\/prva.hr\/wp-content\/uploads\/2024\/06\/4.c-1536x1024.jpg 1536w, https:\/\/prva.hr\/wp-content\/uploads\/2024\/06\/4.c-2048x1366.jpg 2048w, https:\/\/prva.hr\/wp-content\/uploads\/2024\/06\/4.c-400x267.jpg 400w\" data-sizes=\"(max-width: 1024px) 100vw, 1024px\" src=\"data:image\/svg+xml;base64,PHN2ZyB3aWR0aD0iMSIgaGVpZ2h0PSIxIiB4bWxucz0iaHR0cDovL3d3dy53My5vcmcvMjAwMC9zdmciPjwvc3ZnPg==\" style=\"--smush-placeholder-width: 1024px; --smush-placeholder-aspect-ratio: 1024\/683;\" \/><\/figure>\n\n\n\n<figure class=\"wp-block-image size-large\"><img decoding=\"async\" width=\"1024\" height=\"683\" data-src=\"https:\/\/www.prva.hr\/wp-content\/uploads\/2024\/06\/4.a-1-1024x683.jpg\" alt=\"\" class=\"wp-image-17912 lazyload\" data-srcset=\"https:\/\/prva.hr\/wp-content\/uploads\/2024\/06\/4.a-1-1024x683.jpg 1024w, https:\/\/prva.hr\/wp-content\/uploads\/2024\/06\/4.a-1-300x200.jpg 300w, https:\/\/prva.hr\/wp-content\/uploads\/2024\/06\/4.a-1-768x512.jpg 768w, https:\/\/prva.hr\/wp-content\/uploads\/2024\/06\/4.a-1-1536x1024.jpg 1536w, https:\/\/prva.hr\/wp-content\/uploads\/2024\/06\/4.a-1-2048x1366.jpg 2048w, https:\/\/prva.hr\/wp-content\/uploads\/2024\/06\/4.a-1-400x267.jpg 400w\" data-sizes=\"(max-width: 1024px) 100vw, 1024px\" src=\"data:image\/svg+xml;base64,PHN2ZyB3aWR0aD0iMSIgaGVpZ2h0PSIxIiB4bWxucz0iaHR0cDovL3d3dy53My5vcmcvMjAwMC9zdmciPjwvc3ZnPg==\" style=\"--smush-placeholder-width: 1024px; --smush-placeholder-aspect-ratio: 1024\/683;\" \/><\/figure>\n","protected":false},"excerpt":{"rendered":"<p>Na\u0161i maturanti iz 1994. godine odli\u010dna su generacija da zapo\u010dnemo projekt Alumni30. Oni su prvi maturanti obnovljenih gimnazija koje su do tada hibernirale ugra\u0111ene u glomazne centre usmjerenog obrazovanja. Oni su i prvi maturanti koji su zavr\u0161ili gimnaziju na adresi Av. Dubrovnik 36. U godini u kojoj slavimo 170 godina na\u0161e \u0161kole veselimo se svim [&hellip;]<\/p>\n","protected":false},"author":2,"featured_media":17904,"comment_status":"closed","ping_status":"0","sticky":false,"template":"","format":"standard","meta":{"_et_pb_use_builder":"","_et_pb_old_content":"","_et_gb_content_width":"","footnotes":""},"categories":[4,27],"tags":[],"class_list":["post-17903","post","type-post","status-publish","format-standard","has-post-thumbnail","hentry","category-najnovije-vijesti","category-alumni"],"_links":{"self":[{"href":"https:\/\/prva.hr\/index.php\/wp-json\/wp\/v2\/posts\/17903","targetHints":{"allow":["GET"]}}],"collection":[{"href":"https:\/\/prva.hr\/index.php\/wp-json\/wp\/v2\/posts"}],"about":[{"href":"https:\/\/prva.hr\/index.php\/wp-json\/wp\/v2\/types\/post"}],"author":[{"embeddable":true,"href":"https:\/\/prva.hr\/index.php\/wp-json\/wp\/v2\/users\/2"}],"replies":[{"embeddable":true,"href":"https:\/\/prva.hr\/index.php\/wp-json\/wp\/v2\/comments?post=17903"}],"version-history":[{"count":2,"href":"https:\/\/prva.hr\/index.php\/wp-json\/wp\/v2\/posts\/17903\/revisions"}],"predecessor-version":[{"id":17913,"href":"https:\/\/prva.hr\/index.php\/wp-json\/wp\/v2\/posts\/17903\/revisions\/17913"}],"wp:featuredmedia":[{"embeddable":true,"href":"https:\/\/prva.hr\/index.php\/wp-json\/wp\/v2\/media\/17904"}],"wp:attachment":[{"href":"https:\/\/prva.hr\/index.php\/wp-json\/wp\/v2\/media?parent=17903"}],"wp:term":[{"taxonomy":"category","embeddable":true,"href":"https:\/\/prva.hr\/index.php\/wp-json\/wp\/v2\/categories?post=17903"},{"taxonomy":"post_tag","embeddable":true,"href":"https:\/\/prva.hr\/index.php\/wp-json\/wp\/v2\/tags?post=17903"}],"curies":[{"name":"wp","href":"https:\/\/api.w.org\/{rel}","templated":true}]}}