{"id":17927,"date":"2024-06-20T17:02:24","date_gmt":"2024-06-20T15:02:24","guid":{"rendered":"https:\/\/www.prva.hr\/?p=17927"},"modified":"2024-06-20T17:03:31","modified_gmt":"2024-06-20T15:03:31","slug":"primopredaja-udzbenika-treci-i-cetvrti-razredi-vazno-3","status":"publish","type":"post","link":"https:\/\/prva.hr\/index.php\/2024\/06\/20\/primopredaja-udzbenika-treci-i-cetvrti-razredi-vazno-3\/","title":{"rendered":"PRIMOPREDAJA UD\u017dBENIKA \u2013 TRE\u0106I I \u010cETVRTI RAZREDI \u2013 VA\u017dNO!"},"content":{"rendered":"\n<p class=\"has-black-color has-text-color\">Dragi u\u010denici, drage u\u010denice <strong>tre\u0107ih i \u010detvrtih razreda,<\/strong><\/p>\n\n\n\n<p class=\"has-black-color has-text-color\">dragi roditelji\/skrbnici,<\/p>\n\n\n\n<p class=\"has-black-color has-text-color\">Kao \u0161to je ve\u0107 najavljeno, povrat i preuzimanje ud\u017ebenika <strong>za tre\u0107e i \u010detvrte razrede<\/strong> \u0107e biti <strong>27. lipnja 2024. nakon mature iz matematike, od 12:00 sati nadalje.<\/strong><\/p>\n\n\n\n<p class=\"has-black-color has-text-color\">Popis ud\u017ebenika za povrat mo\u017eete vidjeti na poveznicama:&nbsp;<a href=\"https:\/\/www.prva.hr\/wp-content\/uploads\/2022\/06\/4.-R.-UDZBENICI-ZA-POVRAT-OG.docx\" target=\"_blank\" rel=\"noreferrer noopener\"><strong>4. R.- UDZBENICI ZA POVRAT \u2013 OG<\/strong><\/a>i&nbsp;<a href=\"https:\/\/www.prva.hr\/wp-content\/uploads\/2022\/06\/4.-R.-UDZBENICI-ZA-POVRAT-PM.docx\" target=\"_blank\" rel=\"noreferrer noopener\"><strong>4. R.- UDZBENICI ZA POVRAT \u2013 PM<\/strong><\/a><\/p>\n\n\n\n<p class=\"has-black-color has-text-color\">Primopredaja \u0107e se odvijati na na\u010din da svaki u\u010denik zna od kojeg \u0107e u\u010denika preuzeti ud\u017ebenike za sljede\u0107i razred i kojem u\u010deniku treba predati komplet.<\/p>\n\n\n\n<p class=\"has-black-color has-text-color\">Razrednici \u0107e dobiti detaljan popis koji \u0107e vam proslijediti.<\/p>\n\n\n\n<p class=\"has-black-color has-text-color\">U\u010denici&nbsp;<strong>svih &nbsp;\u010detvrtih<\/strong>&nbsp;razreda du\u017eni su taj dan donijeti svoje ud\u017ebenike koje su zadu\u017eili na po\u010detku \u0161kolske godine.&nbsp;<strong>Radne bilje\u017enice i ud\u017ebenici stranih jezika se ne vra\u0107aju. <\/strong>Ukoliko neki ud\u017ebenik nedostaje ili je u neuporabnom stanju, &nbsp;javite na mail <a href=\"mailto:knjiznica.prve@gmail.com\">knjiznica.prve@gmail.com<\/a> do <strong>25. lipnja 2024. do 12:00 sati. <\/strong>&nbsp;U mailu napi\u0161ite va\u0161e ime, prezime, razred i \u0161to nedostaje.<\/p>\n\n\n\n<p class=\"has-black-color has-text-color\">U\u010denici <strong>tre\u0107ih razreda koji su <\/strong>&nbsp;dobili ud\u017ebenike trebaju provjeriti stanje i ukoliko ne\u0161to nedostaje, upi\u0161ite u Excel tablicu koju \u0107ete dobiti na razredne mailove.&nbsp;<strong>Rok unosa je 28. lipnja 2024<\/strong>. <strong>do 12 sati.<\/strong> &nbsp;Ono \u0161to svima nedostaje su radne bilje\u017enice i ud\u017ebenici pojedinih stranih jezika \u2013 to nemojte upisivati u Excel, njih \u0107ete dobiti na jesen kada bude zamjena ud\u017ebenika iz etike i vjeronauka.<\/p>\n\n\n\n<p class=\"has-black-color has-text-color\"><strong>U nastavku je raspored primopredaje 27. lipnja 2024.<\/strong><\/p>\n\n\n\n<figure class=\"wp-block-table\"><table class=\"has-black-color has-text-color\"><tbody><tr><td>&nbsp; vrijeme<\/td><td>Broj u\u010dionice<\/td><td>Razred koji predaje ud\u017ebenike \/ razrednik<\/td><td>Razred koji preuzima ud\u017ebenike \/ razrednik<\/td><\/tr><tr><td rowspan=\"5\">&nbsp; &nbsp; 12:05<\/td><td>221<\/td><td>4. A \u2013 M. Romac<\/td><td>3. A \u2013 T. Juki\u0107<\/td><\/tr><tr><td>222<\/td><td>4. B \u2013 S. Liber<\/td><td>3. B \u2013 I.B. Peri\u010di\u0107<\/td><\/tr><tr><td>208<\/td><td>4. C \u2013 D.&nbsp; Kr\u0161i\u0107<\/td><td>3. C \u2013 D. O. Sanuri<\/td><\/tr><tr><td>209<\/td><td>4. D \u2013 M. Mordu\u0161<\/td><td>3. D \u2013 M. Fer\u010dek<\/td><\/tr><tr><td>228<\/td><td>4. E \u2013 D. Math<\/td><td>3. E \u2013 P. Polan\u010dec<\/td><\/tr><\/tbody><\/table><\/figure>\n","protected":false},"excerpt":{"rendered":"<p>Dragi u\u010denici, drage u\u010denice tre\u0107ih i \u010detvrtih razreda, dragi roditelji\/skrbnici, Kao \u0161to je ve\u0107 najavljeno, povrat i preuzimanje ud\u017ebenika za tre\u0107e i \u010detvrte razrede \u0107e biti 27. lipnja 2024. nakon mature iz matematike, od 12:00 sati nadalje. Popis ud\u017ebenika za povrat mo\u017eete vidjeti na poveznicama:&nbsp;4. R.- UDZBENICI ZA POVRAT \u2013 OGi&nbsp;4. R.- UDZBENICI ZA POVRAT [&hellip;]<\/p>\n","protected":false},"author":9,"featured_media":0,"comment_status":"closed","ping_status":"0","sticky":false,"template":"","format":"standard","meta":{"_et_pb_use_builder":"","_et_pb_old_content":"","_et_gb_content_width":"","footnotes":""},"categories":[6,9,4,1],"tags":[],"class_list":["post-17927","post","type-post","status-publish","format-standard","hentry","category-aktualna-dogadanja","category-arhiva","category-najnovije-vijesti","category-nekategorizirano"],"_links":{"self":[{"href":"https:\/\/prva.hr\/index.php\/wp-json\/wp\/v2\/posts\/17927","targetHints":{"allow":["GET"]}}],"collection":[{"href":"https:\/\/prva.hr\/index.php\/wp-json\/wp\/v2\/posts"}],"about":[{"href":"https:\/\/prva.hr\/index.php\/wp-json\/wp\/v2\/types\/post"}],"author":[{"embeddable":true,"href":"https:\/\/prva.hr\/index.php\/wp-json\/wp\/v2\/users\/9"}],"replies":[{"embeddable":true,"href":"https:\/\/prva.hr\/index.php\/wp-json\/wp\/v2\/comments?post=17927"}],"version-history":[{"count":1,"href":"https:\/\/prva.hr\/index.php\/wp-json\/wp\/v2\/posts\/17927\/revisions"}],"predecessor-version":[{"id":17928,"href":"https:\/\/prva.hr\/index.php\/wp-json\/wp\/v2\/posts\/17927\/revisions\/17928"}],"wp:attachment":[{"href":"https:\/\/prva.hr\/index.php\/wp-json\/wp\/v2\/media?parent=17927"}],"wp:term":[{"taxonomy":"category","embeddable":true,"href":"https:\/\/prva.hr\/index.php\/wp-json\/wp\/v2\/categories?post=17927"},{"taxonomy":"post_tag","embeddable":true,"href":"https:\/\/prva.hr\/index.php\/wp-json\/wp\/v2\/tags?post=17927"}],"curies":[{"name":"wp","href":"https:\/\/api.w.org\/{rel}","templated":true}]}}