{"id":1797,"date":"2017-09-21T15:43:41","date_gmt":"2017-09-21T13:43:41","guid":{"rendered":"http:\/\/www.prva.hr\/?p=1797"},"modified":"2017-09-21T15:45:04","modified_gmt":"2017-09-21T13:45:04","slug":"obiljezavanje-europskog-skolskog-sportskog-dana-2107","status":"publish","type":"post","link":"https:\/\/prva.hr\/index.php\/2017\/09\/21\/obiljezavanje-europskog-skolskog-sportskog-dana-2107\/","title":{"rendered":"Obilje\u017eavanje Europskog \u0161kolskog sportskog dana 2107."},"content":{"rendered":"<p>Sredi\u0161nji dr\u017eavni ured za \u0161port, po tre\u0107i put zaredom, u Republici Hrvatskoj provodi projekt Europske komisije &#8211; Europski tjedan sporta koji \u0107e se odr\u017eati od 23. do 30. rujna ove godine.<\/p>\n<p>Glavni cilj projekta je promicanje sporta te podizanje svijesti, posebice djece, o va\u017enosti bavljenja tjelesnim aktivnostima u funkciji o\u010duvanja i pobolj\u0161anja zdravlja. Slu\u017ebeno otvorenje Europskog tjedna sporta odr\u017eat \u0107e se 23. rujna na zagreba\u010dkom Jarunu s po\u010detkom u 11 sati, a zatvaranje 30. rujna u Vukovaru u 9 sati.<\/p>\n<p>Na navedene dane predvi\u0111en je cjelodnevni sportski program namjenjen svim dobnim skupinama. Sve informacije o Europskom tjednu sporta dostupne su na web stranici http:\/\/europski-tjedan-sporta.hr\/.<\/p>\n","protected":false},"excerpt":{"rendered":"<p>Sredi\u0161nji dr\u017eavni ured za \u0161port, po tre\u0107i put zaredom, u Republici Hrvatskoj provodi projekt Europske komisije &#8211; Europski tjedan sporta koji \u0107e se odr\u017eati od 23. do 30. rujna ove godine. Glavni cilj projekta je promicanje sporta te podizanje svijesti, posebice djece, o va\u017enosti bavljenja tjelesnim aktivnostima u funkciji o\u010duvanja i pobolj\u0161anja zdravlja. Slu\u017ebeno otvorenje [&hellip;]<\/p>\n","protected":false},"author":4,"featured_media":0,"comment_status":"closed","ping_status":"closed","sticky":false,"template":"","format":"standard","meta":{"_et_pb_use_builder":"","_et_pb_old_content":"","_et_gb_content_width":"","footnotes":""},"categories":[14],"tags":[],"class_list":["post-1797","post","type-post","status-publish","format-standard","hentry","category-dogadanja-izvan-skole"],"_links":{"self":[{"href":"https:\/\/prva.hr\/index.php\/wp-json\/wp\/v2\/posts\/1797","targetHints":{"allow":["GET"]}}],"collection":[{"href":"https:\/\/prva.hr\/index.php\/wp-json\/wp\/v2\/posts"}],"about":[{"href":"https:\/\/prva.hr\/index.php\/wp-json\/wp\/v2\/types\/post"}],"author":[{"embeddable":true,"href":"https:\/\/prva.hr\/index.php\/wp-json\/wp\/v2\/users\/4"}],"replies":[{"embeddable":true,"href":"https:\/\/prva.hr\/index.php\/wp-json\/wp\/v2\/comments?post=1797"}],"version-history":[{"count":2,"href":"https:\/\/prva.hr\/index.php\/wp-json\/wp\/v2\/posts\/1797\/revisions"}],"predecessor-version":[{"id":1799,"href":"https:\/\/prva.hr\/index.php\/wp-json\/wp\/v2\/posts\/1797\/revisions\/1799"}],"wp:attachment":[{"href":"https:\/\/prva.hr\/index.php\/wp-json\/wp\/v2\/media?parent=1797"}],"wp:term":[{"taxonomy":"category","embeddable":true,"href":"https:\/\/prva.hr\/index.php\/wp-json\/wp\/v2\/categories?post=1797"},{"taxonomy":"post_tag","embeddable":true,"href":"https:\/\/prva.hr\/index.php\/wp-json\/wp\/v2\/tags?post=1797"}],"curies":[{"name":"wp","href":"https:\/\/api.w.org\/{rel}","templated":true}]}}