{"id":1809,"date":"2016-09-22T10:53:35","date_gmt":"2016-09-22T08:53:35","guid":{"rendered":"http:\/\/www.prva.hr\/?p=1809"},"modified":"2017-09-22T10:54:13","modified_gmt":"2017-09-22T08:54:13","slug":"skola-u-medijima","status":"publish","type":"post","link":"https:\/\/prva.hr\/index.php\/2016\/09\/22\/skola-u-medijima\/","title":{"rendered":"\u0160kola u medijima"},"content":{"rendered":"<h2><strong>U\u010cENICA MARTINA HODINJ &#8211; JEDNA OD NAJBOLJIH ZAGREBA\u010cKIH VOLONTERA<\/strong><\/h2>\n<p>U Ve\u010dernjem listu objavljen je \u010dlanak o najboljim volonterima u Zagrebu. Jedna od njih je na\u0161a maturantica, Martina Hodinj koja je ujedno i voditeljica Volonterskog kluba I. gimnazije te je nominirana za Volonterskog Oskara 2016..<\/p>\n<p>Cijeli \u010dlanak mo\u017eete pogledati <a href=\"http:\/\/www.vecernji.hr\/zg-zivot\/ovo-su-najbolji-zagrebacki-volonteri-za-oskara-1146533\" target=\"_blank\" rel=\"noopener noreferrer\">ovdje<\/a>.<\/p>\n<p>Hrvatska radiotelevizija je u sklopu emisije Zagreba\u010dka panorama napravila prilog o Martini Hodinj povodom njenog ulaska u finale za nagradu Volonterski Oscar. Prilog iz emisije mo\u017eete pogledati <a href=\"https:\/\/www.facebook.com\/zagrebackapanorama\/videos\/1122329447893640\/\" target=\"_blank\" rel=\"noopener noreferrer\">ovdje<\/a>.<\/p>\n<p>Nova TV je u emisiji IN magazin napravila reporta\u017eu o nominiranim kandidatima za Volonterskog Oskara, izme\u0111u kojih je i na\u0161a u\u010denica Martina Hodinj. Cijelu reporta\u017eu mo\u017eete pogledati <a href=\"https:\/\/www.facebook.com\/INmagazinNovaTV\/videos\/10158144966675361\/\" target=\"_blank\" rel=\"noopener noreferrer\">ovdje<\/a>.<\/p>\n<p><img decoding=\"async\" data-src=\"http:\/\/prva.hr\/images\/pdf\/Hodinj-vecernji%20list.jpg\" width=\"250\" height=\"162\" border=\"0\" src=\"data:image\/svg+xml;base64,PHN2ZyB3aWR0aD0iMSIgaGVpZ2h0PSIxIiB4bWxucz0iaHR0cDovL3d3dy53My5vcmcvMjAwMC9zdmciPjwvc3ZnPg==\" class=\"lazyload\" style=\"--smush-placeholder-width: 250px; --smush-placeholder-aspect-ratio: 250\/162;\" \/><\/p>\n<div><strong>\u00a0<\/strong><\/div>\n<hr \/>\n<h2><strong>I. GIMNAZIJA &#8211; JEDNA OD SIGURNIH \u0160KOLA<\/strong><\/h2>\n<p>Novinarka Jutarnjeg lista u petak, 3. velja\u010de je obilazila srednje \u0161kole Grada Zagreba te je napravila istra\u017eivanje koliko su srednje \u0161kole sigurne te spre\u010dava li netko posjetitelje na ulazu u \u0161kolu. Od deset posje\u0107enih \u0161kola, I. gimnazija se pokazala kao sigurna \u0161kola. Na ulazu u \u0161kolu novinarku je zaustavio portir te je pitao koga treba i objasnio joj da svi posjetitelji moraju re\u0107i koga trebaju i ostaviti svoje podatke.<\/p>\n<p>Cijeli \u010dlanka Jutarnjeg lista mo\u017eete pro\u010ditati <a href=\"http:\/\/www.jutarnji.hr\/vijesti\/zagreb\/na-terenu-smo-istrazili-sigurnost-zagrebackih-srednjih-skola-od-deset-skola-u-sedam-sam-usla-bez-ikakvih-poteskoca\/5586659\/\" target=\"_blank\" rel=\"noopener noreferrer\">ovdje<\/a><\/p>\n<p><img decoding=\"async\" data-src=\"http:\/\/prva.hr\/images\/pdf\/jutarnji%20list-clanak.jpg\" width=\"250\" height=\"167\" border=\"0\" src=\"data:image\/svg+xml;base64,PHN2ZyB3aWR0aD0iMSIgaGVpZ2h0PSIxIiB4bWxucz0iaHR0cDovL3d3dy53My5vcmcvMjAwMC9zdmciPjwvc3ZnPg==\" class=\"lazyload\" style=\"--smush-placeholder-width: 250px; --smush-placeholder-aspect-ratio: 250\/167;\" \/><\/p>\n<hr \/>\n<h2><strong>BO\u017dI\u0106 U I. GIMNAZIJI<\/strong><\/h2>\n<p><img decoding=\"async\" data-src=\"http:\/\/prva.hr\/images\/pdf\/cestitka-01.jpg\" width=\"250\" height=\"354\" border=\"0\" src=\"data:image\/svg+xml;base64,PHN2ZyB3aWR0aD0iMSIgaGVpZ2h0PSIxIiB4bWxucz0iaHR0cDovL3d3dy53My5vcmcvMjAwMC9zdmciPjwvc3ZnPg==\" class=\"lazyload\" style=\"--smush-placeholder-width: 250px; --smush-placeholder-aspect-ratio: 250\/354;\" \/><\/p>\n<p>Kako su u\u010denici i nastavnici do\u010dekali kraj I. polugodi\u0161ta u I. gimnaziji mo\u017eete pogledati <a href=\"http:\/\/vijesti.hrt.hr\/366579\/ucenici-i-profesori-docekali-dobrodosao-odmor\">ovdje<\/a><\/p>\n<hr \/>\n<h2><strong>I. GIMNAZIJA JE JEDNA OD 10 ZAGREBA\u010cKIH SREDNJIH \u0160KOLA KOJE UPISUJU NAJBOLJI U\u010cENICI<\/strong><\/h2>\n<p>Portal Srednja.hr objavio je \u010dlanak u kojem se nalazi popis zagreba\u010dkih srednjih \u0161kola koje su pro\u0161le \u0161kolske godine upisivali najbolji u\u010denici. Me\u0111u 10 srednjih \u0161kola je i I. gimnazija.<\/p>\n<p>Cijeli \u010dlanak objavljen na portalu mo\u017eete pogledati\u00a0<a href=\"http:\/\/m.srednja.hr\/Novosti\/Upisi-u-srednje\/10-zagrebackih-srednjih-skola-koje-upisuju-najbolji-ucenici\" target=\"_blank\" rel=\"noopener noreferrer\">ovdje<\/a>.<\/p>\n<hr \/>\n<h2><strong>SPIKAONICA &#8211; &#8220;Ima li zabave bez alkohola?&#8221;<\/strong><\/h2>\n<p>U srijedu, 30. o\u017eujka u I. gimnaziji se odr\u017eala spikaonica u organizaciji\u00a0Ve\u010dernjeg lista, Gradskog ureda za zdravstvo, Hrvatskog debatnog dru\u0161tva i portala Ordinacija.hr. Kroz debatu u\u010denici \u0161kole imali su priliku raspravljati na temu &#8220;Ima li zabave bez alkohola?&#8221;.<\/p>\n<p>Cijeli \u010dlanak mo\u017eete pro\u010ditati\u00a0<a href=\"http:\/\/www.vecernji.hr\/zg-vijesti\/kad-popijemo-ne-shvacamo-da-smo-pretjerali-1072552\" target=\"_blank\" rel=\"noopener noreferrer\">ovdje<\/a>.<\/p>\n<p><img decoding=\"async\" data-src=\"http:\/\/prva.hr\/images\/pdf\/spikaonica.jpg\" width=\"320\" height=\"205\" border=\"0\" src=\"data:image\/svg+xml;base64,PHN2ZyB3aWR0aD0iMSIgaGVpZ2h0PSIxIiB4bWxucz0iaHR0cDovL3d3dy53My5vcmcvMjAwMC9zdmciPjwvc3ZnPg==\" class=\"lazyload\" style=\"--smush-placeholder-width: 320px; --smush-placeholder-aspect-ratio: 320\/205;\" \/><\/p>\n<hr \/>\n<h2><strong>22. KAP DOBROTE<\/strong><\/h2>\n<p>Tijekom dva dana humanitarnog sajma \u201eKap dobrote\u201c na\u0161i su u\u010denici, nastavnici, tehni\u010dko osoblje \u0161kole, Volonterski klub i gosti iz Slovenije predstavljanjem pojedinih zemalja, prodajom svojih proizvoda te zajedni\u010dkim trudom i zalaganjem prikupili ukupno\u00a0<strong>39, 010 kn<\/strong>. Sav prikupljeni iznos ide u \u0161kolske fondove, Fond solidarnosti i Fond izvrsnosti. \u010cestitke i zahvala svima koji su sudjelovali i jo\u0161 jednom pokazali poduzetni\u010dki duh i entuzijazam za sudjelovanjem u ovoj manifestaciji!<\/p>\n<p>\u010clanak u Ve\u010dernjem listu (18. o\u017eujka) posve\u0107en 22. humanitarnoj akciji &#8220;Kap dobrote&#8221; mo\u017eete pro\u010ditati\u00a0<a href=\"http:\/\/www.vecernji.hr\/zg-zivot\/burek-po-burek-maturalac-anto-magzanpixsell-1069400\" target=\"_blank\" rel=\"noopener noreferrer\">ovdje<\/a><\/p>\n<p><img decoding=\"async\" data-src=\"http:\/\/prva.hr\/images\/KAPdobrote2016_a4hor.jpg\" width=\"500\" height=\"353\" border=\"0\" src=\"data:image\/svg+xml;base64,PHN2ZyB3aWR0aD0iMSIgaGVpZ2h0PSIxIiB4bWxucz0iaHR0cDovL3d3dy53My5vcmcvMjAwMC9zdmciPjwvc3ZnPg==\" class=\"lazyload\" style=\"--smush-placeholder-width: 500px; --smush-placeholder-aspect-ratio: 500\/353;\" \/><\/p>\n<hr \/>\n<h2><strong>U I. GIMNAZIJI OTVORENA &#8220;ZELENA KNJI\u017dNICA&#8221;<\/strong><\/h2>\n<p>U I. gimnaziji 17. studenoga 2015. sve\u010dano je otvorena Zelena knji\u017enica. U suradnji s Fondom za za\u0161titu okoli\u0161a i energetsku u\u010dinkovitost i Ministarstvom za\u0161tite okoli\u0161a i prirode u \u0161kolskoj knji\u017enici postavljena je polica gdje se nalaze razne knjige i bro\u0161ure u kojima se nalaze osnovne informacije o energetskoj efikasnosti, energetski efikasnim proizvodima i sustavima te njihovoj primjeni u ku\u0107anstvu, kao i savjeti za promjenu pona\u0161anja u cilju odgovornijeg kori\u0161tenja energije, \u010dlanci na temu za\u0161tite okoli\u0161a, recikliranja i sl..<\/p>\n<p>I. gimnazija je jedna od 15 \u0161kola koje su odabarane za uklju\u010divanje u projekt otvaranja Zelenih knji\u017enica u \u00a0javnim ustanovama u Republici Hrvatskoj.<\/p>\n<p>\u010clanak objavljen 19. studenoga u 24 sata mo\u017eete pogledati\u00a0<a href=\"http:\/\/www.24sata.hr\/prva-gimnazija-u-zagrebu-dobila-zelenu-knjiznicu-447816\" target=\"_blank\" rel=\"noopener noreferrer\">ovdje<\/a><\/p>\n<p><img decoding=\"async\" data-src=\"http:\/\/prva.hr\/images\/pdf\/zelena%20knjiznica1.jpg\" width=\"263\" height=\"198\" border=\"0\" src=\"data:image\/svg+xml;base64,PHN2ZyB3aWR0aD0iMSIgaGVpZ2h0PSIxIiB4bWxucz0iaHR0cDovL3d3dy53My5vcmcvMjAwMC9zdmciPjwvc3ZnPg==\" class=\"lazyload\" style=\"--smush-placeholder-width: 263px; --smush-placeholder-aspect-ratio: 263\/198;\" \/><\/p>\n<p><img decoding=\"async\" data-src=\"http:\/\/prva.hr\/images\/pdf\/zelena%20knjiznica2.jpg\" width=\"263\" height=\"198\" border=\"0\" src=\"data:image\/svg+xml;base64,PHN2ZyB3aWR0aD0iMSIgaGVpZ2h0PSIxIiB4bWxucz0iaHR0cDovL3d3dy53My5vcmcvMjAwMC9zdmciPjwvc3ZnPg==\" class=\"lazyload\" style=\"--smush-placeholder-width: 263px; --smush-placeholder-aspect-ratio: 263\/198;\" \/><\/p>\n<hr \/>\n<h2><strong>KAP DOBROTE I. GIMNAZIJE U MEDIJIMA<\/strong><\/h2>\n<p><strong>RADIO SLJEME \u201e S mjesta u eter\u201c<\/strong><\/p>\n<p>U utorak 24.3.2015. u emisiji novinarke Radio Sljemena Sanje Brajkovi\u0107 \u201eS mjesta u eter\u201c \u00a0gostovali su na\u0161i \u201epoduzetnici\u201c \u00a0Marija Banek i Dario Varo\u0161anec, prof. Igor Luki\u0107 i psihologinja Vlasta Luka\u010devi\u0107 te najavili niz zanimljivosti povodom 21. humanitarne akcije I. gimnazije Kap dobrote.<\/p>\n<p><img decoding=\"async\" data-src=\"http:\/\/prva.hr\/images\/pdf\/radio%20sljeme1.jpg\" width=\"208\" height=\"156\" border=\"0\" src=\"data:image\/svg+xml;base64,PHN2ZyB3aWR0aD0iMSIgaGVpZ2h0PSIxIiB4bWxucz0iaHR0cDovL3d3dy53My5vcmcvMjAwMC9zdmciPjwvc3ZnPg==\" class=\"lazyload\" style=\"--smush-placeholder-width: 208px; --smush-placeholder-aspect-ratio: 208\/156;\" \/> <img decoding=\"async\" data-src=\"http:\/\/prva.hr\/images\/pdf\/radio%20sljeme%202.jpg\" width=\"208\" height=\"156\" border=\"0\" src=\"data:image\/svg+xml;base64,PHN2ZyB3aWR0aD0iMSIgaGVpZ2h0PSIxIiB4bWxucz0iaHR0cDovL3d3dy53My5vcmcvMjAwMC9zdmciPjwvc3ZnPg==\" class=\"lazyload\" style=\"--smush-placeholder-width: 208px; --smush-placeholder-aspect-ratio: 208\/156;\" \/><\/p>\n<p><strong>HRVATSKA TELEVIZIJA 2. program \u201eKod Sunca u 6\u201c<\/strong><\/p>\n<p>U srijedu 25.3.2015. povodom odvijanja 21. humanitarne akcije \u201eKap dobrote\u201c u emisiji \u201eKod Sunca u 6\u201c gostovale su na\u0161e \u201epoduzetnice\u201c Ma\u0161a Petranovi\u0107, Matea Je\u017ei\u0107, voditeljica Volonterskog kluba I. gimnazije Barbara Rubini\u0107 i psihologinja Vlasta Luka\u010devi\u0107 te najavile brojna doga\u0111anja i goste u na\u0161oj humanitarnoj manifestaciji \u00a0\u201e21. \u017eupanija \u2013 humanitarna gastromanija\u201c.<\/p>\n<p><img decoding=\"async\" data-src=\"http:\/\/prva.hr\/images\/pdf\/kod%20sunca.jpg\" width=\"200\" height=\"150\" border=\"0\" src=\"data:image\/svg+xml;base64,PHN2ZyB3aWR0aD0iMSIgaGVpZ2h0PSIxIiB4bWxucz0iaHR0cDovL3d3dy53My5vcmcvMjAwMC9zdmciPjwvc3ZnPg==\" class=\"lazyload\" style=\"--smush-placeholder-width: 200px; --smush-placeholder-aspect-ratio: 200\/150;\" \/><\/p>\n<p><strong>HRVATSKA TELEVIZIJA \u2013 1. program \u201eHrvatska u\u017eivo\u201c<\/strong><\/p>\n<p>O pravoj atmosferi \u00a0s 21.humanitarnog doga\u0111anja \u201eKap dobrote\u201c pogledajte na linku emisije \u201eHrvatska u\u017eivo\u201c koja se emitirala u petak 27.3.2015.<\/p>\n<p><a href=\"http:\/\/www.hrt.hr\/enz\/hrvatska-uzivo\/278002\/\" target=\"_blank\" rel=\"noopener noreferrer\">http:\/\/www.hrt.hr\/enz\/hrvatska-uzivo\/278002\/<\/a><\/p>\n<p><strong>\u010cLANAK U VE\u010cERNJEM LISTU &#8211; SUBOTA, 28.3.2015., RUBRIKA \u201eHeroj ulice\u201c<\/strong><\/p>\n<p>\u010clanak mo\u017eete pro\u010ditati\u00a0<a href=\"http:\/\/prva.hr\/images\/pdf\/KD_news.pdf\" target=\"_blank\" rel=\"noopener noreferrer\">ovdje<\/a><\/p>\n<p><strong>\u010cLANAK NA WEB STRANICI KARLOVA\u010cKE \u017dUPANIJE<\/strong><\/p>\n<p>\u010clanak mo\u017eete pogledati na linku<\/p>\n<p><a href=\"http:\/\/www.kazup.hr\/o-zupaniji\/gospodarstvo\/turizam\/52-clanci\/2236-karlovacka-zupanija-na-humanitarnoj-akciji-kap-dobrote.html\" target=\"_blank\" rel=\"noopener noreferrer\">http:\/\/www.kazup.hr\/o-zupaniji\/gospodarstvo\/turizam\/52-clanci\/2236-karlovacka-zupanija-na-humanitarnoj-akciji-kap-dobrote.html<\/a><\/p>\n<p><strong>PORTAL SREDNJA.HR<\/strong><\/p>\n<p>Humanitarnu akciju &#8220;Kap dobrote&#8221; popratio je i portal srednja.hr.<\/p>\n<p>\u010clanak mo\u017eete pro\u010ditati na linku:\u00a0<a href=\"http:\/\/www.srednja.hr\/Novosti\/Hrvatska\/Ucenici-1-gimnazije-prikupili-vise-od-33-tisuce-kuna-za-kolege-slabijeg-imovinskog-statusa#ad-image-0\" target=\"_blank\" rel=\"noopener noreferrer\">http:\/\/www.srednja.hr\/Novosti\/Hrvatska\/Ucenici-1-gimnazije-prikupili-vise-od-33-tisuce-kuna-za-kolege-slabijeg-imovinskog-statusa#ad-image-0<\/a><\/p>\n<p><strong>WEB PORTAL VOLONTIRAM.INFO<\/strong><\/p>\n<p>\u010clanak mo\u017eete pogledati na linku \u00a0<a href=\"http:\/\/volontiram.info\/skole\/volonterske-akcije\/item\/363-humanitarna-akcija-1-gimnazije\">http:\/\/volontiram.info\/skole\/volonterske-akcije\/item\/363-humanitarna-akcija-1-gimnazije<\/a><\/p>\n<hr \/>\n<h2><strong>VODITELJICA VOLONTERSKOG KLUBA BARBARA RUBINI\u0106 PROGLA\u0160ENA COSMO HUMANITARKOM GODINE!<\/strong><\/h2>\n<p>Na proslavi 17 . ro\u0111endana \u010dasopisa Cosmopolitan , u \u010detvrtak 26.3.2015. god. voditeljica Barbara Rubini\u0107 je sudjelovala na sve\u010danom progla\u0161enju i dodjeli nagrada \u010dasopisa Cosmopolitan. Podsjetimo, Barbara je, s preko 700 odra\u0111enih volonterskih sati u pro\u0161loj godini, u konkurenciji s jo\u0161 tri kandidatkinje u kategoriji \u201eVeliko srce\u201c osvojila presti\u017ean naslov Cosmo humanitarke godine na natje\u010daju \u00a0\u201eJa sam vi\u0161e od selfieja\u201c \u010diju nagradu je pratila tvrtka Hewlett Packard. Vi\u0161e na:<\/p>\n<p><a href=\"http:\/\/www.cosmopolitan.hr\/clanci\/postani-cosmo-djevojka\/kad-cosmopolitan-slavi-17-rodendan\" target=\"_blank\" rel=\"noopener noreferrer\">http:\/\/www.cosmopolitan.hr\/clanci\/postani-cosmo-djevojka\/kad-cosmopolitan-slavi-17-rodendan<\/a><\/p>\n<p>\u010clanak o Barbari u novom broju Cosmopolitana mo\u017eete pro\u010ditati\u00a0<a href=\"http:\/\/prva.hr\/images\/pdf\/barbara-cosmo.jpg\" target=\"_blank\" rel=\"noopener noreferrer\">ovdje<\/a><\/p>\n<p><img decoding=\"async\" data-src=\"http:\/\/prva.hr\/images\/pdf\/cosmo.jpg\" width=\"205\" height=\"154\" border=\"0\" src=\"data:image\/svg+xml;base64,PHN2ZyB3aWR0aD0iMSIgaGVpZ2h0PSIxIiB4bWxucz0iaHR0cDovL3d3dy53My5vcmcvMjAwMC9zdmciPjwvc3ZnPg==\" class=\"lazyload\" style=\"--smush-placeholder-width: 205px; --smush-placeholder-aspect-ratio: 205\/154;\" \/> <img decoding=\"async\" data-src=\"http:\/\/prva.hr\/images\/pdf\/cosmo1.jpg\" width=\"205\" height=\"154\" border=\"0\" src=\"data:image\/svg+xml;base64,PHN2ZyB3aWR0aD0iMSIgaGVpZ2h0PSIxIiB4bWxucz0iaHR0cDovL3d3dy53My5vcmcvMjAwMC9zdmciPjwvc3ZnPg==\" class=\"lazyload\" style=\"--smush-placeholder-width: 205px; --smush-placeholder-aspect-ratio: 205\/154;\" \/><\/p>\n<p><img decoding=\"async\" data-src=\"http:\/\/prva.hr\/images\/pdf\/cosmo2.jpg\" width=\"205\" height=\"154\" border=\"0\" src=\"data:image\/svg+xml;base64,PHN2ZyB3aWR0aD0iMSIgaGVpZ2h0PSIxIiB4bWxucz0iaHR0cDovL3d3dy53My5vcmcvMjAwMC9zdmciPjwvc3ZnPg==\" class=\"lazyload\" style=\"--smush-placeholder-width: 205px; --smush-placeholder-aspect-ratio: 205\/154;\" \/> <img decoding=\"async\" data-src=\"http:\/\/prva.hr\/images\/pdf\/cosmo3.jpg\" width=\"205\" height=\"154\" border=\"0\" src=\"data:image\/svg+xml;base64,PHN2ZyB3aWR0aD0iMSIgaGVpZ2h0PSIxIiB4bWxucz0iaHR0cDovL3d3dy53My5vcmcvMjAwMC9zdmciPjwvc3ZnPg==\" class=\"lazyload\" style=\"--smush-placeholder-width: 205px; --smush-placeholder-aspect-ratio: 205\/154;\" \/><\/p>\n<hr \/>\n<h2><strong>JAVNA DEBATA &#8220;SPOLNA ODGOVORNOST ILI APSTINENCIJA&#8221;<\/strong><\/h2>\n<p>U prostorima \u0161kole, 11. velja\u010de 2015., odr\u017eala se prva u nizu &#8220;spikaonica&#8221;, javna debata &#8220;Spolna odgovornost ili apstinencija&#8221;.\u00a0Uz debatante DK Krvolo\u010dne Visibabe iz I. gimnazije sudjelovali su i ambasadori Iva \u0160ulenti\u0107 i Hrvoje \u0160alkovi\u0107 uz stru\u010dnjake dr. Kuzman i dr. Lepu\u0161i\u0107.\u00a0Hrvatsko debatno dru\u0161tvo u suorganizaciji s Ve\u010dernjim listom, Ministarstvom zdravlja i ostalima organizira \u201cspikaonice\u201d kojima je cilj rasprava i podizanje medijske svijesti o HPV-u.\u00a0Ovom prigodom u publici su bili u\u010denici i njihovi razrednici koji su &#8220;\u0161kakljivu&#8221; temu povezali sa Zdravstvenim odgojem te su istaknuli kako im je bilo jako zanimljivo i svakako pou\u010dno.<\/p>\n<p>Vi\u0161e o odr\u017eanoj &#8220;spikaonici&#8221; mo\u017eete pro\u010ditati u sljede\u0107im \u010dlancima:<\/p>\n<p>1.\u00a0<a href=\"http:\/\/voxfeminae.net\/vijestice-list\/item\/7098-spikaonica-spolna-odgovornost-ili-apstinencija\/7098-spikaonica-spolna-odgovornost-ili-apstinencija\" target=\"_blank\" rel=\"noopener noreferrer\">Vox feminae.net<\/a><\/p>\n<p>2.\u00a0<a href=\"http:\/\/www.ordinacija.hr\/zdravlje\/ohr-savjetnik\/zna-li-se-koliko-je-mladih-u-hrvatskoj-zarazeno-hpv-om\/\" target=\"_blank\" rel=\"noopener noreferrer\">Ordinacija.hr<\/a><\/p>\n<p>3. Pregled slika-<a href=\"https:\/\/www.pixsell.hr\/agencija\/pxl-standard-news\/zagreb-u-i-gimnaziji-odrzana-spikaonica-o-hpv-u-galerija-430387\/\" target=\"_blank\" rel=\"noopener noreferrer\"> Pixell<\/a><\/p>\n<p><img decoding=\"async\" data-src=\"http:\/\/prva.hr\/images\/pdf\/Spikaonica1.JPG\" width=\"364\" height=\"159\" border=\"0\" src=\"data:image\/svg+xml;base64,PHN2ZyB3aWR0aD0iMSIgaGVpZ2h0PSIxIiB4bWxucz0iaHR0cDovL3d3dy53My5vcmcvMjAwMC9zdmciPjwvc3ZnPg==\" class=\"lazyload\" style=\"--smush-placeholder-width: 364px; --smush-placeholder-aspect-ratio: 364\/159;\" \/><\/p>\n<p><img decoding=\"async\" data-src=\"http:\/\/prva.hr\/images\/pdf\/Spikaonica3.jpg\" width=\"256\" height=\"171\" border=\"0\" src=\"data:image\/svg+xml;base64,PHN2ZyB3aWR0aD0iMSIgaGVpZ2h0PSIxIiB4bWxucz0iaHR0cDovL3d3dy53My5vcmcvMjAwMC9zdmciPjwvc3ZnPg==\" class=\"lazyload\" style=\"--smush-placeholder-width: 256px; --smush-placeholder-aspect-ratio: 256\/171;\" \/><\/p>\n<p><img decoding=\"async\" data-src=\"http:\/\/prva.hr\/images\/pdf\/Spikaonica5.jpg\" width=\"256\" height=\"171\" border=\"0\" src=\"data:image\/svg+xml;base64,PHN2ZyB3aWR0aD0iMSIgaGVpZ2h0PSIxIiB4bWxucz0iaHR0cDovL3d3dy53My5vcmcvMjAwMC9zdmciPjwvc3ZnPg==\" class=\"lazyload\" style=\"--smush-placeholder-width: 256px; --smush-placeholder-aspect-ratio: 256\/171;\" \/><\/p>\n<p><img decoding=\"async\" data-src=\"http:\/\/prva.hr\/images\/pdf\/Spikaonica4.jpg\" width=\"256\" height=\"171\" border=\"0\" src=\"data:image\/svg+xml;base64,PHN2ZyB3aWR0aD0iMSIgaGVpZ2h0PSIxIiB4bWxucz0iaHR0cDovL3d3dy53My5vcmcvMjAwMC9zdmciPjwvc3ZnPg==\" class=\"lazyload\" style=\"--smush-placeholder-width: 256px; --smush-placeholder-aspect-ratio: 256\/171;\" \/><\/p>\n<p><img decoding=\"async\" data-src=\"http:\/\/prva.hr\/images\/pdf\/Spikaonica2.jpg\" width=\"256\" height=\"171\" border=\"0\" src=\"data:image\/svg+xml;base64,PHN2ZyB3aWR0aD0iMSIgaGVpZ2h0PSIxIiB4bWxucz0iaHR0cDovL3d3dy53My5vcmcvMjAwMC9zdmciPjwvc3ZnPg==\" class=\"lazyload\" style=\"--smush-placeholder-width: 256px; --smush-placeholder-aspect-ratio: 256\/171;\" \/><\/p>\n<div><\/div>\n<p>Kroz ciklus javnih debata mladi uz stru\u010dnjake progovaraju o spolnom zdravlju pod okriljem projekta \u201cHPV- spika\u0161 o svemu, spikaj i o njemu\u201d. Svake srijede \u0107e srednje \u0161kole ugostiti predava\u010de kako bi u raspravi sa stru\u010dnjacima, debatantima i publikom utjecali na svijest mladih o ovoj temi i otvorili medijski prostor za raspravu.<\/p>\n<hr \/>\n<h2><strong>POSLU\u0160AJTE VOLONTERE PRVE U RADIO EMISIJU HR1 \u201eIZVAN OKVIRA\u201c<\/strong><\/h2>\n<p>Novinarka Hrvatskog radija Ivana Su\u010di\u0107 napravila je intervju s \u010dlanicama Volonterskog kluba I. gimnazije Barbarom Rubini\u0107 (4.e), Marijom Pa\u0161trovi\u0107 i Martinom Hodinj (2.f) o va\u017enosti promicanja volonterskog anga\u017emana kroz obrazovni sustav. Emisija je emitirana na HR1 u utorak 23.12.2014.god. i mo\u017eete je poslu\u0161ati na:<\/p>\n<p><a href=\"http:\/\/radio.hrt.hr\/ep\/izvan-okvira\/92571\/\" target=\"_blank\" rel=\"noopener noreferrer\">http:\/\/radio.hrt.hr\/ep\/izvan-okvira\/92571\/<\/a><\/p>\n<p><img decoding=\"async\" data-src=\"http:\/\/prva.hr\/images\/pdf\/radio%20emisija.JPG\" width=\"200\" height=\"150\" border=\"0\" src=\"data:image\/svg+xml;base64,PHN2ZyB3aWR0aD0iMSIgaGVpZ2h0PSIxIiB4bWxucz0iaHR0cDovL3d3dy53My5vcmcvMjAwMC9zdmciPjwvc3ZnPg==\" class=\"lazyload\" style=\"--smush-placeholder-width: 200px; --smush-placeholder-aspect-ratio: 200\/150;\" \/><\/p>\n<hr \/>\n<h2><strong>VOLONTERI PRVE RADNO I SVE\u010cANO PROSLAVILI ME\u0110UNARODNI DAN VOLONTERA<\/strong><\/h2>\n<p>Povodom obilje\u017eavanja 5.12. &#8211; Me\u0111unarodnog dana volontera, Volonterski klub I. gimnazije organizirao je tijekom prosinca niz doga\u0111anja:<\/p>\n<p><strong>\u201eSLATKI\u0160I PRVE ZA DJECU CARITASA\u201c<\/strong><\/p>\n<p><img decoding=\"async\" data-src=\"http:\/\/prva.hr\/images\/pdf\/P1020439.JPG\" width=\"200\" height=\"150\" border=\"0\" src=\"data:image\/svg+xml;base64,PHN2ZyB3aWR0aD0iMSIgaGVpZ2h0PSIxIiB4bWxucz0iaHR0cDovL3d3dy53My5vcmcvMjAwMC9zdmciPjwvc3ZnPg==\" class=\"lazyload\" style=\"--smush-placeholder-width: 200px; --smush-placeholder-aspect-ratio: 200\/150;\" \/><\/p>\n<p>U humanitarnoj akciji\u00a0<strong>\u201eSlatki\u0161i Prve za djecu Caritasa\u201c, <\/strong>u kojoj I. gimnazija sudjeluje ve\u0107 zadnje tri godine,\u00a0 u razdoblju od 1.- 3. 12. 2014. god. prikupljen je rekordan\u00a0 broj slatki\u0161a: \u010dak\u00a0<strong>preko 630 pakiranja bombona, \u010dokolada, keksa! <\/strong>Akciji su se odazvali gotovo svi razredi \u0161kole, a svojim doprinosom su se istaknuli u\u010denici 2.f, 2.d, 2.c, 4.e, \u00a01.a i 1.b. Veliko hvala svima u ime mali\u0161ana i sv. Nikole! Pro\u010ditajte zahvalu Caritasa I. gimnaziji na<\/p>\n<p><a href=\"http:\/\/www.czn.hr\/Vijesti\/CijelaVijest.aspx?VijestID=1232\" target=\"_blank\" rel=\"noopener noreferrer\">http:\/\/www.czn.hr\/Vijesti\/CijelaVijest.aspx?VijestID=1232<\/a><\/p>\n<p><strong>ZAHVALNICA I. GIMNAZIJI\u00a0 NA PROVEDBI HUMANIRATNE AKCIJE POMO\u0106I DJECI TANZANIJE \u201e\u010cA\u0160A VODE ZA DJECU MAGOGA\u201c<\/strong><\/p>\n<p><img decoding=\"async\" data-src=\"http:\/\/prva.hr\/images\/pdf\/4244.JPG\" width=\"214\" height=\"143\" border=\"0\" src=\"data:image\/svg+xml;base64,PHN2ZyB3aWR0aD0iMSIgaGVpZ2h0PSIxIiB4bWxucz0iaHR0cDovL3d3dy53My5vcmcvMjAwMC9zdmciPjwvc3ZnPg==\" class=\"lazyload\" style=\"--smush-placeholder-width: 214px; --smush-placeholder-aspect-ratio: 214\/143;\" \/> <img decoding=\"async\" data-src=\"http:\/\/prva.hr\/images\/pdf\/4228.JPG\" width=\"214\" height=\"143\" border=\"0\" src=\"data:image\/svg+xml;base64,PHN2ZyB3aWR0aD0iMSIgaGVpZ2h0PSIxIiB4bWxucz0iaHR0cDovL3d3dy53My5vcmcvMjAwMC9zdmciPjwvc3ZnPg==\" class=\"lazyload\" style=\"--smush-placeholder-width: 214px; --smush-placeholder-aspect-ratio: 214\/143;\" \/> <img decoding=\"async\" data-src=\"http:\/\/prva.hr\/images\/pdf\/4222.JPG\" width=\"214\" height=\"143\" border=\"0\" src=\"data:image\/svg+xml;base64,PHN2ZyB3aWR0aD0iMSIgaGVpZ2h0PSIxIiB4bWxucz0iaHR0cDovL3d3dy53My5vcmcvMjAwMC9zdmciPjwvc3ZnPg==\" class=\"lazyload\" style=\"--smush-placeholder-width: 214px; --smush-placeholder-aspect-ratio: 214\/143;\" \/><\/p>\n<p><img decoding=\"async\" src=\"http:\/\/prva.hr\/images\/pdf\/CLX-3180_20141218_10125001%20(1).JPG\" width=\"249\" height=\"351\" border=\"0\" \/><\/p>\n<p>U \u010detvrtak 4.12.2014. god. predsjednica humanitarne <strong>udruge \u201eGledati srcem\u201c<\/strong> g\u0111a.\u00a0 Sanja Sansovi\u0107 odr\u017eala\u00a0 je za u\u010denike \u0161kole prezentaciju me\u0111unarodnog projekta<strong>\u201e\u010ca\u0161a vode za djecu Magoga\u201c,<\/strong> a volonteri su organizirali volonterski \u0161tand\u00a0 s kutijicama za prikupljanje pomo\u0107i za izgradnju bunara za djecu u Tanzaniji. Hvala svima koji su doprinijeli uspjehu akcije, posebno u\u010denicima 2.f, 4.e , 1.c i 1.a \u00a0razreda. <strong>Akcija traje do utorka 23.12.2014.<\/strong> Pridru\u017eite se!<\/p>\n<p><strong>U NA\u0160OJ \u0160KOLI, PO TRE\u0106I PUT USPJE\u0160NO PROVEDENA \u00a0BO\u017dI\u0106NA HUMANITARNA AKCIJA \u201eZA 1000 RADOSTI \u2013 Sve je mogu\u0107e!\u201c<\/strong><\/p>\n<p><img decoding=\"async\" data-src=\"http:\/\/prva.hr\/images\/pdf\/4248.JPG\" width=\"214\" height=\"143\" border=\"0\" src=\"data:image\/svg+xml;base64,PHN2ZyB3aWR0aD0iMSIgaGVpZ2h0PSIxIiB4bWxucz0iaHR0cDovL3d3dy53My5vcmcvMjAwMC9zdmciPjwvc3ZnPg==\" class=\"lazyload\" style=\"--smush-placeholder-width: 214px; --smush-placeholder-aspect-ratio: 214\/143;\" \/><\/p>\n<p>Ve\u0107 tre\u0107u godinu za redom Volonterski klub I. gimnazije, u suradnji s Hrvatskim Caritasom, tijekom prosinca provodi humanitarnu akciju pomo\u0107i osobama i \u00a0obiteljima u potrebi prodajom\u00a0 narukvica prijateljstva s porukama nade. Dio prikupljenih sredstava ide u Fond solidarnosti na\u0161e \u0161kole. U akciji su sudjelovali svi razredi, a svojim prilozima su se posebno istaknuli u\u010denici 4.e, 3.e, 2.c i 1.b. Akcija je krenula na Me\u0111unarodni dan volontera 5.12.2014 i\u00a0<strong>traje do utorka 23.12.2014<\/strong>.\u00a0 Pridru\u017eite se!<\/p>\n<p><strong>VOLONTERSKI KLUB I. GIMNAZIJE OSVOJIO PRIZNANJE VOLONTERSKOG CENTRA ZAGREB!<\/strong><\/p>\n<p><img decoding=\"async\" data-src=\"http:\/\/prva.hr\/images\/pdf\/P1020499.JPG\" width=\"200\" height=\"150\" border=\"0\" src=\"data:image\/svg+xml;base64,PHN2ZyB3aWR0aD0iMSIgaGVpZ2h0PSIxIiB4bWxucz0iaHR0cDovL3d3dy53My5vcmcvMjAwMC9zdmciPjwvc3ZnPg==\" class=\"lazyload\" style=\"--smush-placeholder-width: 200px; --smush-placeholder-aspect-ratio: 200\/150;\" \/><\/p>\n<p><img decoding=\"async\" data-src=\"http:\/\/prva.hr\/images\/pdf\/CLX-3180_20141218_10304307.JPG\" width=\"249\" height=\"351\" border=\"0\" src=\"data:image\/svg+xml;base64,PHN2ZyB3aWR0aD0iMSIgaGVpZ2h0PSIxIiB4bWxucz0iaHR0cDovL3d3dy53My5vcmcvMjAwMC9zdmciPjwvc3ZnPg==\" class=\"lazyload\" style=\"--smush-placeholder-width: 249px; --smush-placeholder-aspect-ratio: 249\/351;\" \/><\/p>\n<p>Povodom Me\u0111unarodnog dana volontera u petak 5.12.2014. god. na\u00a0<strong>Volontarijadi, <\/strong>ravnateljica \u00a0Dunja Maru\u0161i\u0107 Brezeti\u0107 \u00a0je primila priznanje Volonterskog centar Zagreb (VCZ) \u00a0I. gimnaziji za dugogodi\u0161nji rad i djelovanje Volonterskog kluba te izniman doprinos promociji i razvoju volonterstva u srednjim \u0161kolama\u00a0 u RH.<\/p>\n<p>Tom prilikom je krenula internet i FB\u00a0<strong>kampanja VCZ-a \u201eVIV \u2013Very Important Volunteers: Generacija 2014\u201c<\/strong> u kojoj je VCZ nominirao ispred I. gimnazije voditeljicu Volonterskog kluba Barbara Rubini\u0107 i koordinatoricu Volonterskog kluba I. gimnazije Vlasta Luka\u010devi\u0107, prof.<\/p>\n<p><a href=\"https:\/\/hr-hr.facebook.com\/volonterskicentarzagreb\" target=\"_blank\" rel=\"noopener noreferrer\">https:\/\/hr-hr.facebook.com\/volonterskicentarzagreb<\/a><\/p>\n<p><a href=\"http:\/\/www.vcz.hr\/volonteri\/crtice-iz-volonterskog-zivota\/viv-generacija-2014-barbara-rubinic\/\" target=\"_blank\" rel=\"noopener noreferrer\">http:\/\/www.vcz.hr\/volonteri\/crtice-iz-volonterskog-zivota\/viv-generacija-2014-barbara-rubinic\/<\/a><\/p>\n<p><a href=\"http:\/\/www.vcz.hr\/volonteri\/crtice-iz-volonterskog-zivota\/viv-generacija-2014-vlasta-lukacevic\/\" target=\"_blank\" rel=\"noopener noreferrer\">http:\/\/www.vcz.hr\/volonteri\/crtice-iz-volonterskog-zivota\/viv-generacija-2014-vlasta-lukacevic\/<\/a><\/p>\n<p><strong>BO\u017dI\u0106NA PRIREDBA VOLONTERA PRVE U DOMU ZA STARIJE OSOBE SV. ANA \u2013 NOVI ZAGREB<\/strong><\/p>\n<p><img decoding=\"async\" data-src=\"http:\/\/prva.hr\/images\/pdf\/P1020533.JPG\" width=\"200\" height=\"150\" border=\"0\" src=\"data:image\/svg+xml;base64,PHN2ZyB3aWR0aD0iMSIgaGVpZ2h0PSIxIiB4bWxucz0iaHR0cDovL3d3dy53My5vcmcvMjAwMC9zdmciPjwvc3ZnPg==\" class=\"lazyload\" style=\"--smush-placeholder-width: 200px; --smush-placeholder-aspect-ratio: 200\/150;\" \/><\/p>\n<p>U utorak 9.12.2014. god. volonteri \u00a0na\u0161e \u0161kole posjetili su po prvi put <strong>Dom za starije osobe sv. Ana<\/strong> u Novom Zagrebu. Uz prof. Francuza i prof. Brcka odr\u017eali su <strong>Bo\u017ei\u0107nu priredbu<\/strong> za vi\u0161e od 50 \u0161ti\u0107enika Doma te pjesmama izmamili i suze i osmijeh na njihova lica. U znak zahvale, ravnateljica Doma je darovala I. gimnaziji kerami\u010dku skulpturu njihove kerami\u010darske skupine.<\/p>\n<p><strong>NOVA GENERACIJA VOLONTERA PRVE SU UKLJUI\u010cILA U RAD U PU\u010cKOJ KUHINJI<\/strong><\/p>\n<p><img decoding=\"async\" src=\"http:\/\/prva.hr\/images\/pdf\/IMG_7531%20(1).JPG\" width=\"205\" height=\"154\" border=\"0\" \/><\/p>\n<p>U ponedjeljak 8. 12. 2014. u\u010denici 1.b razreda Andrea, Lovro, Nikolina i\u00a0 Kristina su se pridru\u017eili voditeljici Volonterskog kluba \u00a0Barbari Rubini\u0107 i pomagali besku\u0107nicima Zagreba volontiraju\u0107i u <strong>Pu\u010dkoj kuhinji Majke Tereze. <\/strong>U petak 12.12. 2014.god.volonterke 4.e Barbara, Marija, Helena i Anamarija su, nakon sve\u010dane dodjele nagrade Nacionalne zaklade za razvoj civilnog dru\u0161tva I. gimnaziji \u201eOtisak srca\u201c u muzeju Mimara, provele popodne volontiraju\u0107i u Pu\u010dkoj kuhinji. \u010cestitamo volonterima \u00a0na nesebi\u010dnom anga\u017emanu!<\/p>\n<hr \/>\n<p><strong>I. GIMNAZIJA OSVOJILA DR\u017dAVNU NAGRADU VLADE RH ZA VOLONTERSTVO!<\/strong><\/p>\n<p>Povodom Me\u0111unarodnog dana\u00a0 volontera, u \u00a0petak 5.12. 2014. u prostoru Vlade RH, odr\u017eana je sve\u010dana dodjela <strong>Dr\u017eavne nagrade \u00a0za volonterstvo<\/strong> <strong>I. gimnaziji <\/strong><strong>kao organizatoru volontiranja u 2014. god.<\/strong><\/p>\n<p>Tu najvi\u0161u nagradu koja se u podru\u010dju volonterstva\u00a0 dodjeljuje u Republici Hrvatskoj uru\u010dila je ravnateljici I. gimnazije Dunji Maru\u0161i\u0107 Brezeti\u0107, potpredsjednica Vlade RH i ministrica socijalne politike i mladih Milanka Opa\u010di\u0107. Prilikom primanja tog presti\u017enog priznanja, ravnateljica se zahvalila i naglasila da volontersko djelovanja I. gimnazije, preko humanitarnog sajma \u201eKap dobrote\u201c\u00a0 traje ve\u0107 punih 20 god., a Volonterski klub \u0161kole, osnovan na inicijativu u\u010denika \u00a02007. god., \u00a0postao je \u00a0glavni pokreta\u010d \u00a0i nositelj volonterskih i humanitarnih \u00a0doga\u0111anja u \u0161koli.<\/p>\n<p><img decoding=\"async\" data-src=\"http:\/\/prva.hr\/images\/pdf\/Drzavna%20nagrada%20za%20volontiranje.JPG\" width=\"318\" height=\"450\" border=\"0\" src=\"data:image\/svg+xml;base64,PHN2ZyB3aWR0aD0iMSIgaGVpZ2h0PSIxIiB4bWxucz0iaHR0cDovL3d3dy53My5vcmcvMjAwMC9zdmciPjwvc3ZnPg==\" class=\"lazyload\" style=\"--smush-placeholder-width: 318px; --smush-placeholder-aspect-ratio: 318\/450;\" \/><\/p>\n<p><img decoding=\"async\" data-src=\"http:\/\/prva.hr\/images\/pdf\/Primanje%20nagrade.JPG\" width=\"275\" height=\"183\" border=\"0\" src=\"data:image\/svg+xml;base64,PHN2ZyB3aWR0aD0iMSIgaGVpZ2h0PSIxIiB4bWxucz0iaHR0cDovL3d3dy53My5vcmcvMjAwMC9zdmciPjwvc3ZnPg==\" class=\"lazyload\" style=\"--smush-placeholder-width: 275px; --smush-placeholder-aspect-ratio: 275\/183;\" \/><\/p>\n<p>\u010clanak objavljen na mre\u017enim stranicama Vlade Republike Hrvatske mo\u017eete pogledati\u00a0<a href=\"https:\/\/vlada.gov.hr\/vijesti\/potpredsjednica-vlade-opacic-dodijelila-drzavne-nagrade-za-volontiranje-u-2014-godini\/15282\" target=\"_blank\" rel=\"noopener noreferrer\">ovdje<\/a><\/p>\n<hr \/>\n<p><strong>POSLU\u0160AJTE O VOLONTERSKOM KLUBU I. GIMNAZIJE U EMISIJI RADIO MARTINA<\/strong><\/p>\n<p>Tijekom obilje\u017eavanja 160. godi\u0161njice I. gimnazije 26.11.2014 god. \u00a0snimljen je intervju s volonterima I. gimnazije povodom osvajanja nagrade Grada Zagreba \u201eLuka Ritz \u2013 nasilje nije hrabrost\u201c voditeljice Volonterskog kluba (VK) Barbare Rubini\u0107.\u00a0 Snimku razgovora s ravnateljicom Dunjom Maru\u0161i\u0107 Brezeti\u0107, koordinatoricom Volonterskog kluba Vlastom Luka\u010devi\u0107, voditeljicom VK Barbarom Rubini\u0107, te volonterkama 2.c razreda Larom Paunovi\u0107, Marijom Magdalenom \u0160ol\u010di\u0107 i Valentinom \u0160ali\u0107 mo\u017eete poslu\u0161ati na: <a href=\"http:\/\/www32.zippyshare.com\/v\/98166430\/file.html\" target=\"_blank\" rel=\"noopener noreferrer\">http:\/\/www32.zippyshare.com\/v\/98166430\/file.html<\/a><\/p>\n<p><img decoding=\"async\" data-src=\"http:\/\/prva.hr\/images\/pdf\/160.-volonteri.JPG\" width=\"224\" height=\"158\" border=\"0\" src=\"data:image\/svg+xml;base64,PHN2ZyB3aWR0aD0iMSIgaGVpZ2h0PSIxIiB4bWxucz0iaHR0cDovL3d3dy53My5vcmcvMjAwMC9zdmciPjwvc3ZnPg==\" class=\"lazyload\" style=\"--smush-placeholder-width: 224px; --smush-placeholder-aspect-ratio: 224\/158;\" \/><\/p>\n<hr \/>\n<h2><strong>ODR\u017dANA SVE\u010cANA DODJELA NAGRADE GRADA ZAGREBA \u201eLUKA RITZ \u00a0&#8211; NASILJE NIJE HRABROST\u201c VODITELJICI VOLONTERSKOG KLUBA BARBARI RUBINI\u0106<\/strong><\/h2>\n<p>U nedjelju 16. 11.2014. god. povodom Me\u0111unarodnog dana tolerancije u Staroj gradskoj vije\u0107nici odr\u017eana je sve\u010dana dodjela nagrade Grada Zagreba \u201eLuka Ritz \u2013 Nasilje nije hrabrost\u201c za 2014 . god. Na sve\u010danosti kojoj se nazo\u010dili i roditelji Luke Ritza, nagrade uru\u010dili zamjenica gradona\u010delnika Grada Zagreba Sandra \u0160veljak i predsjednik Gradske skup\u0161tine Darinko Kosor posthumno u\u010deniku osnovne \u0161kole Luki Mihali\u0107u \u00a0i na\u0161oj Barbari Rubini\u0107, u\u010denici\u00a0 4.e razreda i voditeljici Volonterskog kluba I. gimnazije, kao priznanje za izniman doprinos \u00a0u humanitarnom i volonterskom anga\u017emanu,<\/p>\n<p>\u010cestitamo Barbari i volonterima I. gimnazije na ovom iznimnom uspjehu!<\/p>\n<p><img decoding=\"async\" data-src=\"http:\/\/prva.hr\/images\/pdf\/ritz1.JPG\" width=\"201\" height=\"138\" border=\"0\" src=\"data:image\/svg+xml;base64,PHN2ZyB3aWR0aD0iMSIgaGVpZ2h0PSIxIiB4bWxucz0iaHR0cDovL3d3dy53My5vcmcvMjAwMC9zdmciPjwvc3ZnPg==\" class=\"lazyload\" style=\"--smush-placeholder-width: 201px; --smush-placeholder-aspect-ratio: 201\/138;\" \/><\/p>\n<p><img decoding=\"async\" data-src=\"http:\/\/prva.hr\/images\/pdf\/ritz2.JPG\" width=\"261\" height=\"131\" border=\"0\" src=\"data:image\/svg+xml;base64,PHN2ZyB3aWR0aD0iMSIgaGVpZ2h0PSIxIiB4bWxucz0iaHR0cDovL3d3dy53My5vcmcvMjAwMC9zdmciPjwvc3ZnPg==\" class=\"lazyload\" style=\"--smush-placeholder-width: 261px; --smush-placeholder-aspect-ratio: 261\/131;\" \/><\/p>\n<p>Vi\u0161e o dodjeli mo\u017eete pogledati i\/ili pro\u010ditati na:<\/p>\n<p><a href=\"http:\/\/prva.hr\/images\/pdf\/Barbara-Luka%20Ritz.PDF\" target=\"_blank\" rel=\"noopener noreferrer\">\u010dlanak objavljen u Ve\u010dernjem listu 15. studenoga 2014.<\/a><\/p>\n<p><a href=\"http:\/\/jaskadanas.hr\/Info\/Clanak\/1804\/jaskanka-dobila-nagradu-luka-ritz.aspx\" target=\"_blank\" rel=\"noopener noreferrer\">http:\/\/jaskadanas.hr\/Info\/Clanak\/1804\/jaskanka-dobila-nagradu-luka-ritz.aspx<\/a><\/p>\n<p><a href=\"http:\/\/vijesti.hrt.hr\/dodjela-nagrade-luka-ritz-nasilje-nije-hrabrost\" target=\"_blank\" rel=\"noopener noreferrer\">http:\/\/vijesti.hrt.hr\/dodjela-nagrade-luka-ritz-nasilje-nije-hrabrost<\/a><\/p>\n<p><a href=\"http:\/\/dnevnik.hr\/vijesti\/hrvatska\/luka-mihalic-i-barbara-rubinic-dobitnici-nagrade-luka-ritz---361063.html\" target=\"_blank\" rel=\"noopener noreferrer\">http:\/\/dnevnik.hr\/vijesti\/hrvatska\/luka-mihalic-i-barbara-rubinic-dobitnici-nagrade-luka-ritz&#8212;361063.html<\/a><\/p>\n<p><a href=\"http:\/\/www.hrt.hr\/enz\/dnevnik\/\" target=\"_blank\" rel=\"noopener noreferrer\">http:\/\/www.hrt.hr\/enz\/dnevnik\/<\/a><\/p>\n<p><a href=\"http:\/\/www.rtl.hr\/vijesti\/novosti\/1408503\/luka-mihalic-i-barbara-rubinic-dobitnici-nagrade-luka-ritz\/\" target=\"_blank\" rel=\"noopener noreferrer\">http:\/\/www.rtl.hr\/vijesti\/novosti\/1408503\/luka-mihalic-i-barbara-rubinic-dobitnici-nagrade-luka-ritz\/<\/a><\/p>\n<p><a href=\"http:\/\/www.index.hr\/vijesti\/clanak\/barbara-i-luka--dobitnici-nagrade-luka-ritz--nasilje-nije-hrabrost\/784358.aspx\" target=\"_blank\" rel=\"noopener noreferrer\">http:\/\/www.index.hr\/vijesti\/clanak\/barbara-i-luka&#8211;dobitnici-nagrade-luka-ritz&#8211;nasilje-nije-hrabrost\/784358.aspx<\/a><\/p>\n<p><a href=\"http:\/\/www.zagreb.hr\/default.aspx?id=71337\" target=\"_blank\" rel=\"noopener noreferrer\">http:\/\/www.zagreb.hr\/default.aspx?id=71337<\/a><\/p>\n<p><a href=\"http:\/\/www.vecernji.hr\/zg-vijesti\/mladi-dobitnici-nagrada-iskazali-se-pozrtvovnoscu-973771\" target=\"_blank\" rel=\"noopener noreferrer\">http:\/\/www.vecernji.hr\/zg-vijesti\/mladi-dobitnici-nagrada-iskazali-se-pozrtvovnoscu-973771<\/a><\/p>\n<p><a href=\"http:\/\/www.24sata.hr\/news\/nagradu-luka-ritz-dodijelili-su-posthumno-luki-mihalicu-393887\" target=\"_blank\" rel=\"noopener noreferrer\">http:\/\/www.24sata.hr\/news\/nagradu-luka-ritz-dodijelili-su-posthumno-luki-mihalicu-393887<\/a><\/p>\n<p><a href=\"http:\/\/www.jutarnji.hr\/nagrada-luka-ritz-dobili-su-je-volonterka-barbara-rubinic-i-posthumno-hrabri-luka-mihalic\/1236783\/\" target=\"_blank\" rel=\"noopener noreferrer\">http:\/\/www.jutarnji.hr\/nagrada-luka-ritz-dobili-su-je-volonterka-barbara-rubinic-i-posthumno-hrabri-luka-mihalic\/1236783\/<\/a><\/p>\n<hr \/>\n<h2><strong>POSEBNO PRIZNANJE GRADA JASTREBARSKOG \u00a0VODITELJICI VOLONTERSKOG KLUBA BARBARI RUBINI\u0106<\/strong><\/h2>\n<p>U srijedu 12.11.2014. god. Grad Jastrebarsko dodijelio je \u00a0Posebno priznanje gradona\u010delnika svojoj stanovnici Barbari Rubini\u0107, u\u010denici I. gimnazije i voditeljici Volonterskog kluba I. gimnazije za nesebi\u010dan volonterski anga\u017eman.<\/p>\n<p><img decoding=\"async\" data-src=\"http:\/\/prva.hr\/images\/pdf\/Barabara-Jastrebarsko.JPG\" width=\"160\" height=\"240\" border=\"0\" src=\"data:image\/svg+xml;base64,PHN2ZyB3aWR0aD0iMSIgaGVpZ2h0PSIxIiB4bWxucz0iaHR0cDovL3d3dy53My5vcmcvMjAwMC9zdmciPjwvc3ZnPg==\" class=\"lazyload\" style=\"--smush-placeholder-width: 160px; --smush-placeholder-aspect-ratio: 160\/240;\" \/><\/p>\n<p><img decoding=\"async\" data-src=\"http:\/\/prva.hr\/images\/pdf\/Barbara%20i%20Lucija.jpg\" width=\"171\" height=\"171\" border=\"0\" src=\"data:image\/svg+xml;base64,PHN2ZyB3aWR0aD0iMSIgaGVpZ2h0PSIxIiB4bWxucz0iaHR0cDovL3d3dy53My5vcmcvMjAwMC9zdmciPjwvc3ZnPg==\" class=\"lazyload\" style=\"--smush-placeholder-width: 171px; --smush-placeholder-aspect-ratio: 171\/171;\" \/><\/p>\n<p><img decoding=\"async\" data-src=\"http:\/\/prva.hr\/images\/pdf\/clanak1.JPG\" width=\"204\" height=\"262\" border=\"0\" src=\"data:image\/svg+xml;base64,PHN2ZyB3aWR0aD0iMSIgaGVpZ2h0PSIxIiB4bWxucz0iaHR0cDovL3d3dy53My5vcmcvMjAwMC9zdmciPjwvc3ZnPg==\" class=\"lazyload\" style=\"--smush-placeholder-width: 204px; --smush-placeholder-aspect-ratio: 204\/262;\" \/> <img decoding=\"async\" data-src=\"http:\/\/prva.hr\/images\/pdf\/clanak2.JPG\" width=\"196\" height=\"281\" border=\"0\" src=\"data:image\/svg+xml;base64,PHN2ZyB3aWR0aD0iMSIgaGVpZ2h0PSIxIiB4bWxucz0iaHR0cDovL3d3dy53My5vcmcvMjAwMC9zdmciPjwvc3ZnPg==\" class=\"lazyload\" style=\"--smush-placeholder-width: 196px; --smush-placeholder-aspect-ratio: 196\/281;\" \/><\/p>\n<p>Naime, Barbara je ve\u0107 niz godina volonterski anga\u017eirana unutar svoje obitelji kroz humanitarne projekte \u201eMarijini obroci\u201c\u2013 globalni pokret koji je krenuo \u00a02002. i svakodnevno hrani preko 920 000 djece u 13 zemalja\u00a0 diljem Afrike, Azije i dr.<\/p>\n<p>Kao voditeljica Volonterskog kluba I. gimnazije, Barbara je, izme\u0111u niza ostalih obveza i aktivnosti, \u00a0zajedno s Lucijom Bak\u0161i\u0107, biv\u0161om u\u010denicom I. gimnazije, odr\u017eala 2. i 23.10.2014. dvije prezentacije pod nazivom \u201eOsmijeh koji zna\u010di sve\u201c o Volonterskom klubu I. gimnazije i svom volonterskom iskustvu za u\u010denike Srednje \u0161kole Jastrebarsko i time potaknula inicijativu za osnivanjem Volonterskog kluba u toj \u0161koli.<\/p>\n<p>Tom prigodom, Barbara i Lucija su 18. 10.2014. gostovale\u00a0 na Radio Jaski u emisiji o mladima \u00a0\u201eKoraci\u201c koju mo\u017eete poslu\u0161ati na:<\/p>\n<p><a href=\"http:\/\/www.mixcloud.com\/radiojaska\/koraci-18102014\/\" target=\"_blank\" rel=\"noopener noreferrer\">http:\/\/www.mixcloud.com\/radiojaska\/koraci-18102014\/<\/a><\/p>\n<hr \/>\n<h2><strong>OBJAVLJEN INTERVJU S VODITELJICOM VOLONTERSKOG KLUBA I. GIMNAZIJE U \u010cASOPISU GLORIJA<\/strong><\/h2>\n<p>Povodom osvajanja nagrade Grada Zagreba \u201eLuka Ritz- nasilje nije hrabrost\u201c,\u00a0 novinarka \u010dasopisa Glorija, razgovarala je s u\u010denicom 4.e razreda i voditeljicom Volonterskog kluba I. gimnazije Barbarom Rubini\u0107. Vi\u0161e o Barbarinom nesebi\u010dnom volonterskom anga\u017emanu mo\u017eete pro\u010ditati \u00a0reporta\u017ei objavljenoj u \u010dasopisu Glorija, br. 1031 od 9. 10. 2014. god.<\/p>\n<p><a href=\"http:\/\/prva.hr\/images\/pdf\/Rubinic-glorija.JPG\" target=\"_blank\" rel=\"noopener noreferrer\"><img decoding=\"async\" data-src=\"http:\/\/prva.hr\/images\/pdf\/Rubinic-glorija.JPG\" width=\"200\" height=\"281\" border=\"0\" src=\"data:image\/svg+xml;base64,PHN2ZyB3aWR0aD0iMSIgaGVpZ2h0PSIxIiB4bWxucz0iaHR0cDovL3d3dy53My5vcmcvMjAwMC9zdmciPjwvc3ZnPg==\" class=\"lazyload\" style=\"--smush-placeholder-width: 200px; --smush-placeholder-aspect-ratio: 200\/281;\" \/><\/a> <a href=\"http:\/\/prva.hr\/images\/pdf\/Rubinic-glorija2.JPG\" target=\"_blank\" rel=\"noopener noreferrer\"><img decoding=\"async\" data-src=\"http:\/\/prva.hr\/images\/pdf\/Rubinic-glorija2.JPG\" width=\"200\" height=\"281\" border=\"0\" src=\"data:image\/svg+xml;base64,PHN2ZyB3aWR0aD0iMSIgaGVpZ2h0PSIxIiB4bWxucz0iaHR0cDovL3d3dy53My5vcmcvMjAwMC9zdmciPjwvc3ZnPg==\" class=\"lazyload\" style=\"--smush-placeholder-width: 200px; --smush-placeholder-aspect-ratio: 200\/281;\" \/><\/a><\/p>\n<hr \/>\n<h2><strong>VOLONTERSKI KLUB I. GIMNAZIJE SUDJELOVAO NA NACIONALNOJ KONFERENCIJI O VOLONTERSTVU &#8220;POKRENI SEBE, POKRENI SVIJET&#8221;<\/strong><\/h2>\n<p>Ponedjeljak 22.9.2014. god. predstavnice Volonterskog kluba I. gimnazije Barbara Rubini\u0107 i Marija Pa\u0161trovi\u0107 \u00a0(4.e) sudjelovale su na\u00a0<strong>Konferenciji o volontiranju \u00a0\u201ePokreni sebe, pokreni svijet\u201c.<\/strong>Tako\u0111er, biv\u0161a u\u010denica i voditeljica VK Marija Ga\u0161parovi\u0107 , pozvana od strane Volonterskog centra Zagreb , predstavila je svoje bogato volontersko iskustvo tijekom \u0161kolovanja u I. gimnaziji za preko stotinu sudionika Konferencije s podru\u010dja cijele Hrvatske.<\/p>\n<p>Promotivni plakat VK na\u0161e \u0161kole i fotografije s motivima na\u0161ih volonterskih aktivnosti bile su sastavni dio postavljene izlo\u017ebe \u201eGalerija iskustva\u201c.<\/p>\n<p><img decoding=\"async\" data-src=\"http:\/\/prva.hr\/images\/pdf\/1.JPG\" width=\"171\" height=\"114\" border=\"0\" src=\"data:image\/svg+xml;base64,PHN2ZyB3aWR0aD0iMSIgaGVpZ2h0PSIxIiB4bWxucz0iaHR0cDovL3d3dy53My5vcmcvMjAwMC9zdmciPjwvc3ZnPg==\" class=\"lazyload\" style=\"--smush-placeholder-width: 171px; --smush-placeholder-aspect-ratio: 171\/114;\" \/> <img decoding=\"async\" data-src=\"http:\/\/prva.hr\/images\/pdf\/2.JPG\" width=\"171\" height=\"114\" border=\"0\" src=\"data:image\/svg+xml;base64,PHN2ZyB3aWR0aD0iMSIgaGVpZ2h0PSIxIiB4bWxucz0iaHR0cDovL3d3dy53My5vcmcvMjAwMC9zdmciPjwvc3ZnPg==\" class=\"lazyload\" style=\"--smush-placeholder-width: 171px; --smush-placeholder-aspect-ratio: 171\/114;\" \/><\/p>\n<p>Osim toga, \u00a0Volonterski klub I. gimnazije prikazan je kao primjer dobre prakse u novom <strong>Priru\u010dniku o volontiranju za srednjo\u0161kolce \u201eGeneracija za V\u201c<\/strong>, a uspje\u0161no sudjelovanje na\u0161e \u0161kole u<strong>kampanji \u201eHrvatska volontira 2014\u201c<\/strong> zabilje\u017eeno je u istoimenom video uratku u produkciji Fade in-a \u00a0koji mo\u017eete pogledati na: <a href=\"http:\/\/vimeo.com\/104966182\" target=\"_blank\" rel=\"noopener noreferrer\">http:\/\/vimeo.com\/104966182<\/a><\/p>\n<p><img decoding=\"async\" data-src=\"http:\/\/prva.hr\/images\/pdf\/3.JPG\" width=\"120\" height=\"160\" border=\"0\" src=\"data:image\/svg+xml;base64,PHN2ZyB3aWR0aD0iMSIgaGVpZ2h0PSIxIiB4bWxucz0iaHR0cDovL3d3dy53My5vcmcvMjAwMC9zdmciPjwvc3ZnPg==\" class=\"lazyload\" style=\"--smush-placeholder-width: 120px; --smush-placeholder-aspect-ratio: 120\/160;\" \/> <img decoding=\"async\" data-src=\"http:\/\/prva.hr\/images\/pdf\/4.JPG\" width=\"160\" height=\"120\" border=\"0\" src=\"data:image\/svg+xml;base64,PHN2ZyB3aWR0aD0iMSIgaGVpZ2h0PSIxIiB4bWxucz0iaHR0cDovL3d3dy53My5vcmcvMjAwMC9zdmciPjwvc3ZnPg==\" class=\"lazyload\" style=\"--smush-placeholder-width: 160px; --smush-placeholder-aspect-ratio: 160\/120;\" \/><\/p>\n<p>\u010cestitamo volonterima i zahvaljujemo svima koji svojim sudjelovanjem \u00a0u volonterskim akcija doprinose uspjehu i prepoznatljivost Volonterskog kluba \u00a0I. gimnazije!<\/p>\n<hr \/>\n<h2><strong>I. GIMNAZIJA DOBILA PRIZNANJE ZA EKO AKCIJU U SKLOPU DM GREEN CITY PROJECTA<\/strong><\/h2>\n<p>Ekolo\u0161ka inicijativa dm green city project zavr\u0161ila je dodjelom priznanja za osam projekata koji su prema ocjeni \u017eirija najvi\u0161e doprinijeli za\u0161titi okoli\u0161a. Na sve\u010danoj dodjeli, odr\u017eanoj 17. lipnja u hotelu Westin, nagrade je uru\u010dio zamjenik ministra za\u0161tite okoli\u0161a i prirode, ujedno i predsjednik stru\u010dnog \u017eirija, Hrvoje Dokoza.<\/p>\n<p>Tako je I. gimnazija dobila priznanje za\u00a0akciju prikupljanja plasti\u010dnih boca i doniranja povrata \u0161ti\u0107enicima bolnice u Gornjoj Bistri.<\/p>\n<p>Cijeli \u010dlanak mo\u017eete pro\u010ditati <a href=\"http:\/\/www.business.hr\/dogadjaji\/osam-ekoloskih-projekata-nagradjeno-u-sklopu-dm-green-city-projecta\" target=\"_blank\" rel=\"noopener noreferrer\">ovdje<\/a><\/p>\n<p>Fotografije s dodjele priznanja mo\u017eete pogledati <a href=\"http:\/\/dalje.com\/foto.php?id=2&amp;rbr=30258&amp;idrf=1219429\" target=\"_blank\" rel=\"noopener noreferrer\">ovdje<\/a><\/p>\n<hr \/>\n<h2><strong>VOLONTERI I U\u010cENICI \u00a0I. GIMNAZIJE U RADIO EMISIJUI HR \u201eHRVATIMA IZVAN DOMOVINE\u201c<\/strong><\/h2>\n<p>U \u010detvrtak 29. 5. 2014. god. u emisiji Hrvatskog radija 1 programa urednice\u00a0 Majde Ivkovi\u0107 \u201eHrvatima izvan domovine\u201c gostovali su volonteri s me\u0111unarodnim volonterskim iskustvom u Keniji \u00a0(Ana Josipovi\u0107, Siroti\u0161te Mali dom) i Rwandi (Filip Volarevi\u0107 i Maksimilijan \u0160imuni\u0107, IB XV. gim.). koje je Volonterski klub I. gimnazije ugostio \u00a019.5.2014. god. u okviru aktivnosti organiziranih povodom sudjelovanja u manifestaciji \u201eHrvatska volontira 2014!\u201c.<\/p>\n<p>Snimku zanimljivog razgovora s volonterima i u\u010denicima na\u0161e \u0161kole mo\u017eete poslu\u0161ati na:\u00a0<a href=\"http:\/\/radio.hrt.hr\/aod\/29052014\/68797\/\" target=\"_blank\" rel=\"noopener noreferrer\">http:\/\/radio.hrt.hr\/aod\/29052014\/68797\/<\/a><\/p>\n<p><img decoding=\"async\" src=\"http:\/\/prva.hr\/images\/pdf\/volonteri%20I%20u%20razgovoru%20za%20Hrvatski%20radio%20(1).JPG\" width=\"267\" height=\"178\" border=\"0\" \/><\/p>\n<hr \/>\n<h2><strong>O VOLONTERSKOM \u00a0KLUBU I. GIMNAZIJE U EMISIJI HTV-a \u00a0\u201ePUTEM EU FONDOVA\u201c<\/strong><\/h2>\n<p>U utorak 27.5.2014. god. na programu HTV 1 u emisiji \u201ePutem EU fondova\u201c mogli ste pogledati reporta\u017eu o Volonterskom klubu I. gimnazije \u00a0i njihovim pripremama za brojne aktivnosti kojima su se, u okviru suradnje \u00a0na EU projektu Volonterskog centra Zagreb \u201ePokreni sebe, promijeni svijet!\u201c, pridru\u017eili \u00a0manifestaciji \u00a0\u201eHrvatska volontira 2014!\u201c \u00a0ve\u0107 tre\u0107u godinu za redom.<\/p>\n<p>Izjave na\u0161ih volonterki Barbare Rubini\u0107 i Matije Ricov, u\u010denica 3.e razreda i snimku emisije mo\u017eete pogledati na:\u00a0<a href=\"http:\/\/www.youtube.com\/user\/PutemEUfondova\" target=\"_blank\" rel=\"noopener noreferrer\">http:\/\/www.youtube.com\/user\/PutemEUfondova<\/a> ili\u00a0<a href=\"http:\/\/www.youtube.com\/watch?v=JVnTXnlLe1U&amp;list=PLD8x2dKXbYmAeAJGoWi377Xxcjtr7J3R6&amp;index=5\" target=\"_blank\" rel=\"noopener noreferrer\">http:\/\/www.youtube.com\/watch?v=JVnTXnlLe1U&amp;list=PLD8x2dKXbYmAeAJGoWi377Xxcjtr7J3R6&amp;index=5<\/a><\/p>\n<p><img decoding=\"async\" data-src=\"http:\/\/prva.hr\/images\/pdf\/sa%20snimanja%20volontera%20za%20emisiju%20Putem%20EU%20fondova.JPG\" width=\"250\" height=\"188\" border=\"0\" src=\"data:image\/svg+xml;base64,PHN2ZyB3aWR0aD0iMSIgaGVpZ2h0PSIxIiB4bWxucz0iaHR0cDovL3d3dy53My5vcmcvMjAwMC9zdmciPjwvc3ZnPg==\" class=\"lazyload\" style=\"--smush-placeholder-width: 250px; --smush-placeholder-aspect-ratio: 250\/188;\" \/><\/p>\n<hr \/>\n<h2><strong>10 najboljih \u0161kola na dr\u017eavnoj maturi<\/strong><\/h2>\n<p>I. gimnazija je me\u0111u 10 najboljih \u0161kola na dr\u017eavnoj maturi, ali najbolje rangirana gimnazija s isklju\u010divo op\u0107im programom!\u00a0Zanimljivo je da je od deset najboljih \u010dak sedam iz Zagreba, dvije su iz Splita i jedna iz \u010cakovca, a sve te \u0161kole proteklih su se godina spominjale kao najbolje u\u00a0Hrvatskoj. Svaka je od njih proteklih godina imala maturante koji su neki od obveznih ili izbornih predmeta na dr\u017eavnoj maturi rije\u0161ili sto posto.<\/p>\n<p>Cijeli \u010dlanak mo\u017eete pro\u010ditati\u00a0<a href=\"http:\/\/www.vecernji.hr\/hrvatska\/najbolja-skola-u-rh-je-v-gimnazija-iz-zagreba-905020\" target=\"_blank\" rel=\"noopener noreferrer\">ovdje<\/a>!<\/p>\n<hr \/>\n<h2><strong>19. Humanitarna akcija &#8220;Kap dobrote&#8221;<\/strong><\/h2>\n<div><strong>\u00a0<\/strong><\/div>\n<p><img decoding=\"async\" data-src=\"http:\/\/prva.hr\/images\/pdf\/-Kap%20dobrote-.PNG\" width=\"385\" height=\"537\" border=\"0\" src=\"data:image\/svg+xml;base64,PHN2ZyB3aWR0aD0iMSIgaGVpZ2h0PSIxIiB4bWxucz0iaHR0cDovL3d3dy53My5vcmcvMjAwMC9zdmciPjwvc3ZnPg==\" class=\"lazyload\" style=\"--smush-placeholder-width: 385px; --smush-placeholder-aspect-ratio: 385\/537;\" \/><\/p>\n<p>Humanitarnom akcijom Kap dobrote obogatio se Fond solidarnosti I. gimnazije za 23.279,75 kuna! \u010cestitka i zahvala svima na sudjelovanju!<\/p>\n<p>\u010clanak o humanitarnoj akciji u Ve\u010dernjem listu mo\u017eete pogledati <a href=\"http:\/\/prva.hr\/images\/pdf\/Kap%20dobrote-mediji.jpg\" target=\"_blank\" rel=\"noopener noreferrer\">ovdje<\/a><\/p>\n<p>Reporta\u017eu o akciji u emisiji Obrtnik i partner mo\u017eete pogledati <a href=\"https:\/\/www.youtube.com\/watch?v=1iuNWZxdhyI&amp;list=PLIrxf53DJuFWbuqgESC7WJJawUIG_eBvz\" target=\"_blank\" rel=\"noopener noreferrer\">ovdje<\/a><\/p>\n<hr \/>\n<h2><strong>O USPJESIMA VOLONTERSKOG KLUBA I. GIMNAZIJE PI\u0160U \u0160KOLSKE NOVINE<\/strong><\/h2>\n<p>U \u0160kolskim novinama od 4. velja\u010de 2014. god . br. 4 mo\u017eete pro\u010ditati zanimljivi \u010dlanak novinara Branka Na\u0111a o uspjesima Volonterskog kluba I. gimnazije.<\/p>\n<p>Povod za razgovor s aktivnom volonterkom i suvoditeljicom Volonterskog kluba\u00a0 Barbarom Rubini\u0107 (3.e) i koordinatoricom Volonterskog kluba Vlastom Luka\u010devi\u0107, prof. bio je sudjelovanje i doprinos na\u0161ih volontera u kvalitativnom znanstvenom istra\u017eivanju Foruma za slobodu odgoja \u201e Da sam je netko!\u201c u obliku fokus grupa i radionica za u\u010denike.<\/p>\n<p><img decoding=\"async\" data-src=\"http:\/\/prva.hr\/images\/pdf\/sn1.JPG\" width=\"511\" height=\"703\" border=\"0\" src=\"data:image\/svg+xml;base64,PHN2ZyB3aWR0aD0iMSIgaGVpZ2h0PSIxIiB4bWxucz0iaHR0cDovL3d3dy53My5vcmcvMjAwMC9zdmciPjwvc3ZnPg==\" class=\"lazyload\" style=\"--smush-placeholder-width: 511px; --smush-placeholder-aspect-ratio: 511\/703;\" \/><\/p>\n<p><img decoding=\"async\" data-src=\"http:\/\/prva.hr\/images\/pdf\/sn2.JPG\" width=\"447\" height=\"615\" border=\"0\" src=\"data:image\/svg+xml;base64,PHN2ZyB3aWR0aD0iMSIgaGVpZ2h0PSIxIiB4bWxucz0iaHR0cDovL3d3dy53My5vcmcvMjAwMC9zdmciPjwvc3ZnPg==\" class=\"lazyload\" style=\"--smush-placeholder-width: 447px; --smush-placeholder-aspect-ratio: 447\/615;\" \/><\/p>\n<p><img decoding=\"async\" data-src=\"http:\/\/prva.hr\/images\/pdf\/sn3.JPG\" width=\"447\" height=\"615\" border=\"0\" src=\"data:image\/svg+xml;base64,PHN2ZyB3aWR0aD0iMSIgaGVpZ2h0PSIxIiB4bWxucz0iaHR0cDovL3d3dy53My5vcmcvMjAwMC9zdmciPjwvc3ZnPg==\" class=\"lazyload\" style=\"--smush-placeholder-width: 447px; --smush-placeholder-aspect-ratio: 447\/615;\" \/><\/p>\n<p><img decoding=\"async\" data-src=\"http:\/\/prva.hr\/images\/pdf\/sn4.JPG\" width=\"447\" height=\"615\" border=\"0\" src=\"data:image\/svg+xml;base64,PHN2ZyB3aWR0aD0iMSIgaGVpZ2h0PSIxIiB4bWxucz0iaHR0cDovL3d3dy53My5vcmcvMjAwMC9zdmciPjwvc3ZnPg==\" class=\"lazyload\" style=\"--smush-placeholder-width: 447px; --smush-placeholder-aspect-ratio: 447\/615;\" \/><\/p>\n<hr \/>\n<h2>U\u010denici I. gimnazije kod gradona\u010delnika<\/h2>\n<p>Gradona\u010delnik Milan Bandi\u0107 primio je u Gradskoj upravi maturante I. gimnazije, polaznike fakultativne nastave iz Politike i gospodarstva, koji su do\u0161li u pratnji profesorice Zlate Pa\u0161tar. Susret je organiziran na inicijativu u\u010denika, kako bi se u sklopu terenske nastave \u2013 posjete va\u017enim institucijama i tijelima &#8211; na licu mjesta upoznali s na\u010dinom njihova funkcioniranja.<br \/>\nU opu\u0161tenoj atmosferi, gradona\u010delnik je rado odgovarao na brojna u\u010deni\u010dka pitanja, pa ih je tako upoznao s planovima za gradnju tramvajske pruge od Kvaternikovog trga do Zra\u010dne luke i s projektom izmije\u0161tanja tre\u0161njeva\u010dke remize na rubni dio grada, a goste je zanimalo i ustrojstvo Gradske uprave, na\u010din rada Gradona\u010delnika, problem nedovr\u0161ene Sveu\u010dili\u0161ne bolnice u Blatu, te me\u0111u ostalim, ure\u0111enje zelene povr\u0161ine pored novozagreba\u010dke Mamutice i ure\u0111enje Trga Pravde. Posebna tema bila su napu\u0161tena industrijska postrojenja kao zgrade Paromlina i kompleks Badel.<\/p>\n<p>Uz napomenu da budu uporni i ustrajni, kako na fakultetu, tako i u \u017eivotu, gradona\u010delnik je svojim mladim gostima savjetovao da se, ako se namjeravaju baviti politikom, \u0161to prije uklju\u010de u javni \u017eivot.<\/p>\n<p>Suradnici gradona\u010delnika, zamjenica Sandra \u0160valjek, pro\u010delnik za obrazovanje Ivica Lovri\u0107 i posebna vi\u0161a savjetnica Biserka Buckovi\u0107, upoznali su goste s ustrojstvom i funkcioniranjem grada i gradskih slu\u017ebi.<\/p>\n<p>\u010clanak je preuzet sa slu\u017ebene stranice Grada Zagreba <a href=\"http:\/\/www.zagreb.hr\/default.aspx?id=60603\" target=\"_blank\" rel=\"noopener noreferrer\">http:\/\/www.zagreb.hr\/default.aspx?id=60603<\/a><\/p>\n<p><img decoding=\"async\" data-src=\"http:\/\/prva.hr\/images\/pdf\/g3.JPG\" width=\"415\" height=\"276\" border=\"0\" src=\"data:image\/svg+xml;base64,PHN2ZyB3aWR0aD0iMSIgaGVpZ2h0PSIxIiB4bWxucz0iaHR0cDovL3d3dy53My5vcmcvMjAwMC9zdmciPjwvc3ZnPg==\" class=\"lazyload\" style=\"--smush-placeholder-width: 415px; --smush-placeholder-aspect-ratio: 415\/276;\" \/><\/p>\n<hr \/>\n<h2>Volonterski klub I. gimnazije u emisiji &#8220;Hrvatska u\u017eivo&#8221;<\/h2>\n<p>Voditeljica Volonterskog kluba, Marija Ga\u0161parovi\u0107, sudjelovala je u ponedjeljak 13.1.2014. godine u emisiji HTV1 \u201eHrvatska u\u017eivo\u201c. Govorila je o svom iskustvu volontiranja, osvojenom priznaju na pro\u0161logodi\u0161njem natje\u010daju Volonterskog centra Zagreb &#8211; Volonterski Oskar te brojnim\u00a0 vrijednim aktivnostima Volonterskog kluba I. gimnazije. Cijelu emisiju mo\u017eete pogledati na poveznici\u00a0<a href=\"http:\/\/www.hrt.hr\/enz\/hrvatska-uzivo\/231936\/\">http:\/\/www.hrt.hr\/enz\/hrvatska-uzivo\/231936\/<\/a><\/p>\n<p><img decoding=\"async\" data-src=\"http:\/\/prva.hr\/images\/pdf\/m1-.JPG\" width=\"289\" height=\"210\" border=\"0\" src=\"data:image\/svg+xml;base64,PHN2ZyB3aWR0aD0iMSIgaGVpZ2h0PSIxIiB4bWxucz0iaHR0cDovL3d3dy53My5vcmcvMjAwMC9zdmciPjwvc3ZnPg==\" class=\"lazyload\" style=\"--smush-placeholder-width: 289px; --smush-placeholder-aspect-ratio: 289\/210;\" \/><\/p>\n<p><img decoding=\"async\" data-src=\"http:\/\/prva.hr\/images\/pdf\/m2-.JPG\" width=\"288\" height=\"210\" border=\"0\" src=\"data:image\/svg+xml;base64,PHN2ZyB3aWR0aD0iMSIgaGVpZ2h0PSIxIiB4bWxucz0iaHR0cDovL3d3dy53My5vcmcvMjAwMC9zdmciPjwvc3ZnPg==\" class=\"lazyload\" style=\"--smush-placeholder-width: 288px; --smush-placeholder-aspect-ratio: 288\/210;\" \/><\/p>\n<hr \/>\n<h2>Volonterski klub I. gimnazije na hokeja\u0161koj utakmici<\/h2>\n<p>\u010clanovi Volonterskog kluba I. gimnazije dobili su priliku prisustvovati 27.12.2013. godine na utakmici izme\u0111u KHL Medve\u0161\u010dak Zagreb i Dinama MSK. Voditeljica Volonterskog kluba Marija Ga\u0161parovi\u0107 imala je \u010dast da kao aktivna volonterka I. gimnazije, bacanjem\u00a0<em>paka <\/em>otvori utakmicu.<\/p>\n<p><img decoding=\"async\" data-src=\"http:\/\/prva.hr\/images\/pdf\/Medvescak.JPG\" width=\"359\" height=\"240\" border=\"0\" src=\"data:image\/svg+xml;base64,PHN2ZyB3aWR0aD0iMSIgaGVpZ2h0PSIxIiB4bWxucz0iaHR0cDovL3d3dy53My5vcmcvMjAwMC9zdmciPjwvc3ZnPg==\" class=\"lazyload\" style=\"--smush-placeholder-width: 359px; --smush-placeholder-aspect-ratio: 359\/240;\" \/><\/p>\n<hr \/>\n<h2>Predstavljen projekt &#8220;\u0160kola poduzetni\u010dke konkurentnosti na tr\u017ei\u0161tu rada za gimnazijalce<\/h2>\n<h2>U srijedu, 20.11.2013., \u00a0predstavljen je projekt &#8216;\u0160kola poduzetni\u010dke konkurentnosti na tr\u017ei\u0161tu rada za gimnazijalce&#8217; na kojem je sudjelovao i ministar poduzetni\u0161tva i obrta Gordan Maras.<\/h2>\n<h2>\u0160kola poduzetni\u010dke konkurentnosti na tr\u017ei\u0161tu rada za gimnazijalce projekt je koji je osmislila i provodi I. gimnazija u partnerstvu s Drugom ekonomskom \u0161kolom \u00a0s ciljem unaprje\u0111enja hrvatske obrazovne svakodnevnice i davanja potpore razvoju Hrvatskog kvalifikacijskog okvira.\u00a0U projektu je rije\u010d o socijalnom poduzetni\u0161tvu koje u obzir uzima dru\u0161tvenu odgovornost tvrtki prema zajednici, visoka eti\u010dka na\u010dela u poslovanju, kao i intenzivnu brigu za okoli\u0161, za\u0161titu ljudskih prava i sveop\u0107u dobrobit zajednice i dru\u0161tva.<\/h2>\n<h2><\/h2>\n<p><a href=\"http:\/\/www.minpo.hr\/default.aspx?id=488\" target=\"_blank\" rel=\"noopener noreferrer\">\u010clanak objavljen na mre\u017enim stranicama Ministarstva poduzetni\u0161tva i obrta<\/a><\/p>\n<p><a href=\"http:\/\/dnevnik.hr\/vijesti\/hrvatska\/drugacija-generacija-poduzetnika-ucit-ce-ih-kako-ne-treba---312037.html\" target=\"_blank\" rel=\"noopener noreferrer\">Projekt predstavljen u dnevniku Nove tv pod nazivom &#8220;Druga\u010dija generacija poduzetnika: U\u010diti \u0107e ih kako ne treba&#8221;<\/a><\/p>\n<p><img decoding=\"async\" data-src=\"http:\/\/prva.hr\/images\/pdf\/slika%201.JPG\" width=\"351\" height=\"234\" border=\"0\" src=\"data:image\/svg+xml;base64,PHN2ZyB3aWR0aD0iMSIgaGVpZ2h0PSIxIiB4bWxucz0iaHR0cDovL3d3dy53My5vcmcvMjAwMC9zdmciPjwvc3ZnPg==\" class=\"lazyload\" style=\"--smush-placeholder-width: 351px; --smush-placeholder-aspect-ratio: 351\/234;\" \/><\/p>\n<p><img decoding=\"async\" data-src=\"http:\/\/prva.hr\/images\/pdf\/slika%202.JPG\" width=\"351\" height=\"234\" border=\"0\" src=\"data:image\/svg+xml;base64,PHN2ZyB3aWR0aD0iMSIgaGVpZ2h0PSIxIiB4bWxucz0iaHR0cDovL3d3dy53My5vcmcvMjAwMC9zdmciPjwvc3ZnPg==\" class=\"lazyload\" style=\"--smush-placeholder-width: 351px; --smush-placeholder-aspect-ratio: 351\/234;\" \/><\/p>\n<p><img decoding=\"async\" data-src=\"http:\/\/prva.hr\/images\/pdf\/slika%203.JPG\" width=\"351\" height=\"234\" border=\"0\" src=\"data:image\/svg+xml;base64,PHN2ZyB3aWR0aD0iMSIgaGVpZ2h0PSIxIiB4bWxucz0iaHR0cDovL3d3dy53My5vcmcvMjAwMC9zdmciPjwvc3ZnPg==\" class=\"lazyload\" style=\"--smush-placeholder-width: 351px; --smush-placeholder-aspect-ratio: 351\/234;\" \/><\/p>\n<p><img decoding=\"async\" data-src=\"http:\/\/prva.hr\/images\/pdf\/slika%205.JPG\" width=\"351\" height=\"234\" border=\"0\" src=\"data:image\/svg+xml;base64,PHN2ZyB3aWR0aD0iMSIgaGVpZ2h0PSIxIiB4bWxucz0iaHR0cDovL3d3dy53My5vcmcvMjAwMC9zdmciPjwvc3ZnPg==\" class=\"lazyload\" style=\"--smush-placeholder-width: 351px; --smush-placeholder-aspect-ratio: 351\/234;\" \/><\/p>\n<hr \/>\n<p><strong>ZANIMLJIVA REPORTA\u017dA O VOLONTERIMA I. GIMNAZIJE NA JABUKA.TV<\/strong><\/p>\n<p><strong>U ponedjeljak\u00a0 23. 9.2013.god. <\/strong>u emisiji novinarke i urednice Gorane Banjeglav \u201eKad bi svi\u201c prikazana je zanimljiva reporta\u017ea o vrijednim aktivnostima \u010dlanova Volonterskog kluba I. gimnazije.<\/p>\n<p><img decoding=\"async\" data-src=\"http:\/\/prva.hr\/images\/stories\/prva\/jabuka1.jpg\" width=\"289\" height=\"271\" border=\"0\" src=\"data:image\/svg+xml;base64,PHN2ZyB3aWR0aD0iMSIgaGVpZ2h0PSIxIiB4bWxucz0iaHR0cDovL3d3dy53My5vcmcvMjAwMC9zdmciPjwvc3ZnPg==\" class=\"lazyload\" style=\"--smush-placeholder-width: 289px; --smush-placeholder-aspect-ratio: 289\/271;\" \/><\/p>\n<p>Sa snimanja volontera za jabuku.tv tijekom prezentacije slobodnim aktivnosti u\u010denicima prvih razreda I. gimnazije<\/p>\n<p>POGLEDAJTE emisiju na:<\/p>\n<p><a title=\"blocked::http:\/\/www.youtube.com\/watch?v=VcViBEJT0pg&amp;feature=c4-overview&amp;list=UUCSma93dQJX1y98csmntQyQ\" href=\"http:\/\/www.youtube.com\/watch?v=VcViBEJT0pg&amp;feature=c4-overview&amp;list=UUCSma93dQJX1y98csmntQyQ\">http:\/\/www.youtube.com\/watch?v=VcViBEJT0pg&amp;feature=c4-overview&amp;list=UUCSma93dQJX1y98csmntQyQ<\/a><\/p>\n<hr \/>\n<p><strong>VOLONTERI I. GIMNAZIJE U EMISIJ HRVATSKOG RADIJA\u00a0 \u201eUMIJE\u0106E ODRASTANJA\u201c<\/strong><\/p>\n<p><img decoding=\"async\" data-src=\"http:\/\/prva.hr\/images\/stories\/prva\/umijee%20odrastanja.png\" border=\"0\" src=\"data:image\/svg+xml;base64,PHN2ZyB3aWR0aD0iMSIgaGVpZ2h0PSIxIiB4bWxucz0iaHR0cDovL3d3dy53My5vcmcvMjAwMC9zdmciPjwvc3ZnPg==\" class=\"lazyload\" \/><\/p>\n<p>U <strong>ponedjeljak 23.9.2013. god.<\/strong> volonteri I. gimnazije Iva, Barbara, Matija, Stela, Patricija, Darjan i Marija gostovali su u emisiji Prvog programa <strong>Hrvatskog radija<\/strong> urednice Majde Makovec\u00a0 Joksimovi\u0107 <strong>\u201eUmije\u0107e odrastanja\u201c.<\/strong> Podijelili su svoja brojna\u00a0 i dragocjena volonterska iskustva, te najavili aktivnosti kojima se I. gimnazija, po drugi put, \u00a0pridru\u017eila kampanji \u201eHrvatska volontira!\u201c i obilje\u017eavanju Svjetskog dana mira u subotu 21.9.2013.god.<\/p>\n<p>POSLU\u0160AJTE na\u0161e volontere na: <a href=\"http:\/\/radio.hrt.hr\/aod\/volonterstvo\/35958\/\" target=\"_blank\" rel=\"noopener noreferrer\">http:\/\/radio.hrt.hr\/aod\/volonterstvo\/35958\/<\/a><\/p>\n<p><img decoding=\"async\" data-src=\"http:\/\/prva.hr\/images\/stories\/prva\/hr1-umijee%20odrastanja1.jpg\" border=\"0\" src=\"data:image\/svg+xml;base64,PHN2ZyB3aWR0aD0iMSIgaGVpZ2h0PSIxIiB4bWxucz0iaHR0cDovL3d3dy53My5vcmcvMjAwMC9zdmciPjwvc3ZnPg==\" class=\"lazyload\" \/><\/p>\n<hr \/>\n<p align=\"center\"><strong>VOLONTERKA JELENA MANDI\u0106 GOSTOVALA U EMISIJI <\/strong><strong>HRVATSKOG RADIJA\u00a0 \u201eNI\u0160TA NEVA\u017dNO\u201c<\/strong><\/p>\n<p align=\"center\"><strong><img decoding=\"async\" data-src=\"http:\/\/prva.hr\/images\/stories\/prva\/logo%20nita%20nevano.png\" width=\"216\" height=\"131\" border=\"0\" src=\"data:image\/svg+xml;base64,PHN2ZyB3aWR0aD0iMSIgaGVpZ2h0PSIxIiB4bWxucz0iaHR0cDovL3d3dy53My5vcmcvMjAwMC9zdmciPjwvc3ZnPg==\" class=\"lazyload\" style=\"--smush-placeholder-width: 216px; --smush-placeholder-aspect-ratio: 216\/131;\" \/><\/strong><\/p>\n<p><strong>U petak, 20.9.2013.god. <\/strong>volonterka I. gimnazije<strong> Jelena Mandi\u0107 <\/strong>uspje\u0161no je gostovala u emisiji Prvog programa <strong>Hrvatskog radija<\/strong> urednika Gorana Ku\u0161eca i Ivane Su\u010di\u0107 <strong>\u201eNi\u0161ta neva\u017eno\u201c <\/strong>vezano uz najavu zbivanja i sudjelovanja na\u0161e \u0161kole unutar kampanje \u201eHrvatska volontira!\u201c .<\/p>\n<p>Vi\u0161e na: <a href=\"http:\/\/radio.hrt.hr\/ep\/nista-nevazno\/35985\/\">http:\/\/radio.hrt.hr\/ep\/nista-nevazno\/35985\/<\/a><\/p>\n<hr \/>\n<p>\u201eMladi volonteri postali brend I. gimnazije\u201c (Ve\u010dernji list)<\/p>\n<p>\u201eJunacima kvarta\u201c u subotnjem broju Ve\u010dernjeg lista od 7.9.2013. \u00a0progla\u0161eni su volonteri I. gimnazije. Zanimljivi \u010dlanak o njihovim aktivnostima i uspjesima mo\u017eete pro\u010ditati pod:<\/p>\n<p><a href=\"http:\/\/www.vecernji.hr\/zagreb\/mladi-volonteri-postali-su-brend-i-gimnazije-clanak-609639\">http:\/\/www.vecernji.hr\/zagreb\/mladi-volonteri-postali-su-brend-i-gimnazije-clanak-609639<\/a><\/p>\n<p><img decoding=\"async\" data-src=\"http:\/\/prva.hr\/images\/stories\/prva\/volonteri.jpg\" border=\"0\" src=\"data:image\/svg+xml;base64,PHN2ZyB3aWR0aD0iMSIgaGVpZ2h0PSIxIiB4bWxucz0iaHR0cDovL3d3dy53My5vcmcvMjAwMC9zdmciPjwvc3ZnPg==\" class=\"lazyload\" \/><\/p>\n<hr \/>\n<p>Povijesni uspjeh I. gimnazije<\/p>\n<p><a href=\"http:\/\/www.novilist.hr\/Vijesti\/Hrvatska\/Znanjem-do-mandata-u-Strasbourgu-Zagrebacki-srednjoskolci-najbolji-u-provjeri-znanja-o-EU\">I. gimnazija osvojila posjet Europskom parlamentu u Strasbourgu U debatnom natjecanju koje se je odr\u017ealo 8.6.2013.<\/a><\/p>\n<p>Tim I. gimnazije sastavljen od Mie Ere\u0161, Luke Nagli\u0107a, Lucije Grubi\u0161i\u0107, Luke Mari\u0107a i Rine Salamuni\u0107, a pod mentorstvom profesora Igora Luki\u0107a, ostvario je izvanredni rezultat te se\u00a0 plasirao na europsko natjecanje u debati koje \u0107e se odr\u017eati u studenom 2013. u Europskom parlamentu u Strasbourgu.<\/p>\n<p>Time je I. gimnazija zaslu\u017eeno dobila \u010dast predstavljati Hrvatsku i sebe kao \u0161kolu u najva\u017enijoj instituciji Europske unije u kojoj \u0107e se u studenom okupiti oko 600 u\u010denika iz svih zemalja Unije.<\/p>\n<p><img decoding=\"async\" data-src=\"http:\/\/prva.hr\/images\/stories\/prva\/debata%202.jpg\" width=\"250\" height=\"166\" border=\"0\" src=\"data:image\/svg+xml;base64,PHN2ZyB3aWR0aD0iMSIgaGVpZ2h0PSIxIiB4bWxucz0iaHR0cDovL3d3dy53My5vcmcvMjAwMC9zdmciPjwvc3ZnPg==\" class=\"lazyload\" style=\"--smush-placeholder-width: 250px; --smush-placeholder-aspect-ratio: 250\/166;\" \/><\/p>\n<p><img decoding=\"async\" data-src=\"http:\/\/prva.hr\/images\/stories\/prva\/debata%201.jpg\" width=\"249\" height=\"168\" border=\"0\" src=\"data:image\/svg+xml;base64,PHN2ZyB3aWR0aD0iMSIgaGVpZ2h0PSIxIiB4bWxucz0iaHR0cDovL3d3dy53My5vcmcvMjAwMC9zdmciPjwvc3ZnPg==\" class=\"lazyload\" style=\"--smush-placeholder-width: 249px; --smush-placeholder-aspect-ratio: 249\/168;\" \/><\/p>\n<p>Nakon napornih priprema koje su uklju\u010divale detaljno upoznavanje s povije\u0161\u0107u i strukturom Europske unije, njezinim politikama i strategijama djelovanja te prou\u010davanja povijesti i rada Europskog parlamenta, trud na\u0161ih u\u010denika i mentora je bio prepoznat te je govor debatnog tima I. gimnazije o europskoj politici za\u0161tite potro\u0161a\u010da oborio s nogu ugledne \u010dlanove \u017eirija me\u0111u kojima su sjedili i predstavnici ministarstava, Europske unije kao i novoizabrani hrvatski zastupnici u Europskom parlamentu.<\/p>\n<p>Zahvaljuju\u0107i velikom trudu predstavnika na\u0161e \u0161kole tim od 24 u\u010denika i 2 nastavnika posjetit \u0107e Europski parlament, a na\u0161a \u0161kola dobila je jo\u0161 jednu potvrdu svoje izvrsnosti te se je ponovno uvrstila me\u0111u najuglednije \u0161kole u Hrvatskoj.<\/p>\n<hr \/>\n<p><strong>U sklopu projekta &#8216;Kultura turizma&#8217; 1.gimnazija je organizirala tre\u0107u po redu Biciklijadu 04.svibnja od 9.30 sati pod nazivom Tour de Novi Zagreb. Ovaj sportski i turisti\u010dki doga\u0111aj su popratili \u010dlancima u tiskovnom izdanju ovi listovi:<\/strong><\/p>\n<ul>\n<li><strong>Jutarnji list (09.05.2013.),<\/strong><a href=\"http:\/\/prva.hr\/images\/Tour%20de%20Novi%20Zagreb%20Jutarnji%20list.pdf\"><img decoding=\"async\" data-src=\"http:\/\/prva.hr\/components\/com_filepicker\/assets\/images\/filetypes\/pdf.gif\" alt=\"file icon pdf\" border=\"0\" src=\"data:image\/svg+xml;base64,PHN2ZyB3aWR0aD0iMSIgaGVpZ2h0PSIxIiB4bWxucz0iaHR0cDovL3d3dy53My5vcmcvMjAwMC9zdmciPjwvc3ZnPg==\" class=\"lazyload\" \/> Tour de Novi Zagreb, Jutarnji list.pdf<\/a><\/li>\n<li><strong>Ve\u010dernji list (08.05.2013.),\u00a0<a href=\"http:\/\/prva.hr\/images\/Kultura%20turizma%20lanak%20u%20Veernjem%20listu.pdf\"><img decoding=\"async\" data-src=\"http:\/\/prva.hr\/components\/com_filepicker\/assets\/images\/filetypes\/pdf.gif\" alt=\"file icon pdf\" border=\"0\" src=\"data:image\/svg+xml;base64,PHN2ZyB3aWR0aD0iMSIgaGVpZ2h0PSIxIiB4bWxucz0iaHR0cDovL3d3dy53My5vcmcvMjAwMC9zdmciPjwvc3ZnPg==\" class=\"lazyload\" \/> Kultura turizma, clanak u Veernjem listu.pdf<\/a><\/strong><\/li>\n<li><strong>\u0160kolske novine (19.03.2013.), <a href=\"http:\/\/prva.hr\/images\/Zagreb%20u%20oima%20svojih%20uenika%20kolske%20novine.pdf\"><img decoding=\"async\" data-src=\"http:\/\/prva.hr\/components\/com_filepicker\/assets\/images\/filetypes\/pdf.gif\" alt=\"file icon pdf\" border=\"0\" src=\"data:image\/svg+xml;base64,PHN2ZyB3aWR0aD0iMSIgaGVpZ2h0PSIxIiB4bWxucz0iaHR0cDovL3d3dy53My5vcmcvMjAwMC9zdmciPjwvc3ZnPg==\" class=\"lazyload\" \/> Zagreb u ocima svojih ucenika, skolske novine.pdf<\/a><\/strong><\/li>\n<\/ul>\n<p><img decoding=\"async\" data-src=\"http:\/\/prva.hr\/images\/stories\/prva\/biciklijada2.jpg\" width=\"248\" height=\"165\" border=\"0\" src=\"data:image\/svg+xml;base64,PHN2ZyB3aWR0aD0iMSIgaGVpZ2h0PSIxIiB4bWxucz0iaHR0cDovL3d3dy53My5vcmcvMjAwMC9zdmciPjwvc3ZnPg==\" class=\"lazyload\" style=\"--smush-placeholder-width: 248px; --smush-placeholder-aspect-ratio: 248\/165;\" \/> <img decoding=\"async\" data-src=\"http:\/\/prva.hr\/images\/stories\/prva\/biciklijada1.jpg\" width=\"248\" height=\"164\" border=\"0\" src=\"data:image\/svg+xml;base64,PHN2ZyB3aWR0aD0iMSIgaGVpZ2h0PSIxIiB4bWxucz0iaHR0cDovL3d3dy53My5vcmcvMjAwMC9zdmciPjwvc3ZnPg==\" class=\"lazyload\" style=\"--smush-placeholder-width: 248px; --smush-placeholder-aspect-ratio: 248\/164;\" \/><\/p>\n<hr \/>\n<p><strong>U srijedu 27.2.2013. voditeljica Volonterskog kluba I. gimnazije Marija Ga\u0161parovi\u0107 je gostovala i uspje\u0161no predstavila na\u0161u \u0161kolu na Prvom programu Hrvatskog radija u emisiji \u201eUjutro Prvi: Civilno dru\u0161tvo\u201c povodom osvajanja tre\u0107e nagrade Volonterskog Oskara za 2012.\u00a0 Uz na\u0161u Mariju, u emisiji urednice Snje\u017eane Miljak, gostavale su Nikolina Pir\u0161ljin, dobitnica Volonterskog Oskara\u00a0 za 2012 i Andrea Pandurovi\u0107 Ugrin ispred Volonterskog centra Zagreb. Vi\u0161e mo\u017eete \u010duti na:<\/strong> <a href=\"http:\/\/rnz.hrt.hr\/index\" target=\"_blank\" rel=\"noopener noreferrer\">http:\/\/rnz.hrt.hr\/index<\/a><\/p>\n<p><img decoding=\"async\" data-src=\"http:\/\/prva.hr\/images\/stories\/prva\/slike\/ozujak\/img_2270.jpg\" width=\"264\" height=\"197\" border=\"0\" src=\"data:image\/svg+xml;base64,PHN2ZyB3aWR0aD0iMSIgaGVpZ2h0PSIxIiB4bWxucz0iaHR0cDovL3d3dy53My5vcmcvMjAwMC9zdmciPjwvc3ZnPg==\" class=\"lazyload\" style=\"--smush-placeholder-width: 264px; --smush-placeholder-aspect-ratio: 264\/197;\" \/><\/p>\n<p><strong>U srijedu 13.3.2013. u na\u0161oj \u0161koli je gostovala ekipa mre\u017ee.tv i snimila zanimljivu reporta\u017eu o radu Volonterskog kluba I. gimnazije za emisiju Klincoteka o dobrobiti djece i mladih.<br \/>\nNa\u0161i volonteri Marija Ga\u0161parovi\u0107,\u00a0 Jelena Mandi\u0107 i Filip Kola\u010dek, u\u010denici 3.c razreda su tom priikom jo\u0161 jedanput uspje\u0161no predstavili na\u0161u \u0161kolu\u00a0 i rad Volonterskog kluba kroz brojne humanitarne akcije poput Kapi dobrote i Slatki\u0161a za djecu Caritasa,\u00a0\u00a0 te\u00a0 kroz nedavne uspjehe voditeljice kluba Marije Ga\u0161parovi\u0107 osvajanjem nagrade Luka Ritz i tre\u0107eg mjesta na Volonterskom Oskaru za 2012. Ovu zanimljivu reporta\u017eu mo\u017eete pogledati u \u010detvrtak 21.3.2013. u 17.30 na mre\u017ei.tv<\/strong><\/p>\n<p><img decoding=\"async\" data-src=\"http:\/\/prva.hr\/images\/stories\/prva\/slike\/ozujak\/img_2298.jpg\" width=\"248\" height=\"186\" border=\"0\" src=\"data:image\/svg+xml;base64,PHN2ZyB3aWR0aD0iMSIgaGVpZ2h0PSIxIiB4bWxucz0iaHR0cDovL3d3dy53My5vcmcvMjAwMC9zdmciPjwvc3ZnPg==\" class=\"lazyload\" style=\"--smush-placeholder-width: 248px; --smush-placeholder-aspect-ratio: 248\/186;\" \/> <img decoding=\"async\" data-src=\"http:\/\/prva.hr\/images\/stories\/prva\/slike\/ozujak\/img_2300.jpg\" width=\"247\" height=\"186\" border=\"0\" src=\"data:image\/svg+xml;base64,PHN2ZyB3aWR0aD0iMSIgaGVpZ2h0PSIxIiB4bWxucz0iaHR0cDovL3d3dy53My5vcmcvMjAwMC9zdmciPjwvc3ZnPg==\" class=\"lazyload\" style=\"--smush-placeholder-width: 247px; --smush-placeholder-aspect-ratio: 247\/186;\" \/><\/p>\n<p><strong>Na internetskim stranicama Volonterskog centra Zagreb (VCZ) objavljena je volonterska pri\u010da Jelene Mandi\u0107, u\u010denice 3.c razreda I. gimnazije i \u010dlanice Volonterskog kluba. Jelena je, kao aktivna volonterka,\u00a0 od strane \u0161kole bila vi\u0161e puta me\u0111u nagra\u0111enima u kategoriji \u201eNaj-volonter\u201c, a u sije\u010dnju ove godine bila je, prvi put predlo\u017eena, kao jedna od dvoje kandidata, za nagradu VCZ-a Volonterski Oskar 2012.<\/strong><\/p>\n<p><a href=\"http:\/\/www.vcz.hr\/volonteri\/crtice-iz-volonterskog-zivota\/stvari-se-ne-mijenjaju-same-mijenjamo-ih-mi\/\" target=\"_blank\" rel=\"noopener noreferrer\">http:\/\/www.vcz.hr\/volonteri\/crtice-iz-volonterskog-zivota\/stvari-se-ne-mijenjaju-same-mijenjamo-ih-mi\/<\/a><\/p>\n<p><strong>Reakcije medija na humanitarnu akciju Kap dobrote odr\u017eanu u \u010detvrtak, 14. o\u017eujka 2013.:<\/strong><\/p>\n<p><a href=\"http:\/\/www.gnkdinamo.hr\/kelava-i-halilovi%C4%87-podr%C5%BEali-klaunovedoktore.html\" target=\"_blank\" rel=\"noopener noreferrer\">http:\/\/www.gnkdinamo.hr\/kelava-i-halilovi%C4%87-podr%C5%BEali-klaunovedoktore.html<\/a><\/p>\n<p><a href=\"http:\/\/www.cropix.hr\/index.php?menuid=gallery_cropix&amp;gid=29039\" target=\"_blank\" rel=\"noopener noreferrer\">http:\/\/www.cropix.hr\/index.php?menuid=gallery_cropix&amp;gid=29039<\/a><\/p>\n<p><strong>Povodom dojele Volonterskog Oskara u\u010denica Marija Ga\u0161parovi\u0107 gostovala je u sljede\u0107im emisijama:<\/strong><\/p>\n<p>&#8211; obrazovnoj emisiji HTV2 \u201e\u0160kolski sat\u201c : snimku mo\u017eete pogledati <a href=\"http:\/\/www.hrt.hr\/index.php?id=enz&amp;tx_ttnews[cat]=636&amp;cHash=b2796a7fc6\" target=\"_blank\" rel=\"noopener noreferrer\">ovdje.<\/a><br \/>\n&#8211; emisiji \u201eRadar\u201c na\u00a0 mre\u017ea.tv: <a href=\"http:\/\/mreza.tv\/radar-2\/\" target=\"_blank\" rel=\"noopener noreferrer\">http:\/\/mreza.tv\/radar-2\/<\/a><br \/>\n&#8211; radio emisiji HRT Prvi program \u201eCivilno dru\u0161tvo\u201c 27.2.2012.: <a href=\"http:\/\/radio.hrt.hr\/aod\/dodijeljen-volonterski-oskar\/13754\/\" target=\"_blank\" rel=\"noopener noreferrer\">http:\/\/radio.hrt.hr\/aod\/dodijeljen-volonterski-oskar\/13754\/<\/a><\/p>\n<p><strong>Tako\u0111er, dala je\u00a0 intervju za sredi\u0161nje dnevne emisije i portale: <\/strong><br \/>\n&#8211; Dnevnik HTV 1: <a href=\"http:\/\/www.hrt.hr\/?id=enz&amp;tx_ttnews[cat]=119&amp;cHash=1\" target=\"_blank\" rel=\"noopener noreferrer\">http:\/\/www.hrt.hr\/?id=enz&amp;tx_ttnews[cat]=119&amp;cHash=1<\/a><br \/>\n&#8211; Dnevnik Nova.tv : <a href=\"http:\/\/novatv.dnevnik.hr\/\" target=\"_blank\" rel=\"noopener noreferrer\">http:\/\/novatv.dnevnik.hr\/<\/a><br \/>\n&#8211; Portal Civilno dru\u0161tvo.hr: AKTIVIZAM: \u201eMi mijenjamo svijet\u201c mo\u017eete pro\u010ditati ovdje.<br \/>\n&#8211; Portal Ve\u010dernji list. hr: <a href=\"http:\/\/www.vecernji.hr\/zagreb\/naj-volonteri-su-nikolina-mislav-marija-clanak-51467\" target=\"_blank\" rel=\"noopener noreferrer\">http:\/\/www.vecernji.hr\/zagreb\/naj-volonteri-su-nikolina-mislav-marija-clanak-51467<\/a><\/p>\n<p><strong>11. prosinca 2012. godine I. gimnazija spominje se na stranicama Caritasa za zbog akcije Volonterskog kluba\u00a0 \u201eSlatki\u0161i za djecu Caritasa\u201c<\/strong> . Vi\u0161e na poveznici:<a href=\"http:\/\/www.czn.hr\/Vijesti\/CijelaVijest.aspx?VijestID=812\" target=\"_blank\" rel=\"noopener noreferrer\"> http:\/\/www.czn.hr\/Vijesti\/CijelaVijest.aspx?VijestID=812<\/a><\/p>\n<p><strong>10. prosinca 2012. godine u emisiji <em>Dobro jutro Hrvatska <\/em>prikazan\u00a0 je prilog o akciji Volonterskog kluba I. gimnazije<\/strong>, a mo\u017eete ga pogledati ovdje: <a href=\"http:\/\/djh.hrt.hr\/component\/content\/article\/6746-volonterski-klub-i-gimnazije\" target=\"_blank\" rel=\"noopener noreferrer\">http:\/\/djh.hrt.hr\/component\/content\/article\/6746-volonterski-klub-i-gimnazije<\/a><\/p>\n<p><strong>U\u00a0 subotu, 20. listopada 2012. u\u010denici i nastavnici I. gimnazije proveli su akciju \u010di\u0161\u0107enja u Parku prirode Medvednica.<\/strong> O akciji oglasio se i Park prirode Medvednica na svojoj web stranici:<a href=\"http:\/\/www.pp-medvednica.hr\/Medvednica_hr\/Medvednica_novosti1.asp#N0500318\" target=\"_blank\" rel=\"noopener noreferrer\"> http:\/\/www.pp-medvednica.hr\/Medvednica_hr\/Medvednica_novosti1.asp#N0500318<\/a><\/p>\n<p><strong>U\u010denici Mariji Ga\u0161parovi\u0107 Grad Zagreb je 4. lipnja 2012. dodijelio nagradu Luka Ritz za doprinos u borbi protiv nasilja me\u0111u vr\u0161njacima.<\/strong> Vi\u0161e informacija pro\u010ditajte ovdje:<a href=\"http:\/\/www.zagrebancija.com\/hr-aktualnosti\/ucenice-paula-i-marija-dobitnice-nagrade-luka-ritz_318323\" target=\"_blank\" rel=\"noopener noreferrer\"> http:\/\/www.zagrebancija.com\/hr-aktualnosti\/ucenice-paula-i-marija-dobitnice-nagrade-luka-ritz_318323<\/a><\/p>\n<p><strong>Jutarnji list analizirao je uspje\u0161nost i kvalitetu hrvatskih gimnazija na temelju rezultata postignutih na nacionalnim ispitima i dr\u017eavnim natjecanjima. Na temelju prikupljenih podataka Jutarnji je list u broju od 24. lipnja te u broju od 26. lipnja objavio<\/strong> <strong>popis 25 najboljih hrvatskih gimnazija.<\/strong><\/p>\n<p><strong>Prema istra\u017eivanju Jutarnjega lista:<\/strong><\/p>\n<ul>\n<li><strong>Prva je gimnazija najbolja op\u0107a gimnazija u Hrvatskoj! <\/strong>(<strong><em>&#8220;<\/em><\/strong><em>Visoku razinu zadr\u017eali su i 2007. i 2008. \u0161to tu \u0161kolu \u010dini najuspje\u0161nijom op\u0107om gimnazijom u zemlji.&#8221;<\/em><em>,<\/em> Jutarnji list br. 3951 od 26. 6. 2009.)<\/li>\n<li><strong>Prva je gimnazija peta najbolja gimnazija u zemlji (u konkurenciji svih tipova gimnazija)<\/strong><\/li>\n<\/ul>\n<table border=\"0\">\n<tbody>\n<tr>\n<td align=\"center\"><strong>Jutarnji list<\/strong><\/p>\n<p><strong>24. 6. 2009.<\/strong><\/td>\n<td>\n<p align=\"center\"><strong>Jutarnji list<\/strong><\/p>\n<p align=\"center\"><strong>26. 6. 2009.<\/strong><\/p>\n<p align=\"center\"><strong>za prikaz u punoj veli\u010dini kliknite na sliku<\/strong><\/p>\n<\/td>\n<\/tr>\n<tr>\n<td><a href=\"http:\/\/prva.hr\/images\/stories\/prva\/zanimljivosti\/aktualnosti\/jutarnji_240609.jpg\"><img decoding=\"async\" data-src=\"http:\/\/prva.hr\/images\/stories\/prva\/zanimljivosti\/aktualnosti\/jutarnji_240609.jpg\" width=\"282\" height=\"600\" border=\"0\" src=\"data:image\/svg+xml;base64,PHN2ZyB3aWR0aD0iMSIgaGVpZ2h0PSIxIiB4bWxucz0iaHR0cDovL3d3dy53My5vcmcvMjAwMC9zdmciPjwvc3ZnPg==\" class=\"lazyload\" style=\"--smush-placeholder-width: 282px; --smush-placeholder-aspect-ratio: 282\/600;\" \/><\/a><\/td>\n<td><a href=\"http:\/\/prva.hr\/images\/stories\/prva\/zanimljivosti\/aktualnosti\/jutarnji_260609.jpg\"><img decoding=\"async\" data-src=\"http:\/\/prva.hr\/images\/stories\/prva\/zanimljivosti\/aktualnosti\/jutarnji_260609.jpg\" width=\"235\" height=\"600\" border=\"0\" src=\"data:image\/svg+xml;base64,PHN2ZyB3aWR0aD0iMSIgaGVpZ2h0PSIxIiB4bWxucz0iaHR0cDovL3d3dy53My5vcmcvMjAwMC9zdmciPjwvc3ZnPg==\" class=\"lazyload\" style=\"--smush-placeholder-width: 235px; --smush-placeholder-aspect-ratio: 235\/600;\" \/><\/a><\/td>\n<\/tr>\n<\/tbody>\n<\/table>\n<h2><strong>U srijedu, 10. lipnja 2009. Ve\u010dernji list objavio ja \u010dlanak o Prvoj gimnaziji pod naslovom<\/strong><\/h2>\n<h2><strong>NAJBOLJE \u0160KOLE &#8211; PRVA GIMNAZIJA<\/strong><\/h2>\n<p><a href=\"http:\/\/prva.hr\/images\/stories\/prva\/zanimljivosti\/aktualnosti\/vecernji_list_clanak_prva.jpg\"><img decoding=\"async\" data-src=\"http:\/\/prva.hr\/images\/stories\/prva\/zanimljivosti\/aktualnosti\/vecernji_list_clanak_prva.jpg\" width=\"246\" height=\"400\" border=\"0\" src=\"data:image\/svg+xml;base64,PHN2ZyB3aWR0aD0iMSIgaGVpZ2h0PSIxIiB4bWxucz0iaHR0cDovL3d3dy53My5vcmcvMjAwMC9zdmciPjwvc3ZnPg==\" class=\"lazyload\" style=\"--smush-placeholder-width: 246px; --smush-placeholder-aspect-ratio: 246\/400;\" \/><\/a><\/p>\n","protected":false},"excerpt":{"rendered":"<p>U\u010cENICA MARTINA HODINJ &#8211; JEDNA OD NAJBOLJIH ZAGREBA\u010cKIH VOLONTERA U Ve\u010dernjem listu objavljen je \u010dlanak o najboljim volonterima u Zagrebu. Jedna od njih je na\u0161a maturantica, Martina Hodinj koja je ujedno i voditeljica Volonterskog kluba I. gimnazije te je nominirana za Volonterskog Oskara 2016.. Cijeli \u010dlanak mo\u017eete pogledati ovdje. Hrvatska radiotelevizija je u sklopu emisije [&hellip;]<\/p>\n","protected":false},"author":1,"featured_media":0,"comment_status":"closed","ping_status":"closed","sticky":false,"template":"","format":"standard","meta":{"_et_pb_use_builder":"","_et_pb_old_content":"","_et_gb_content_width":"","footnotes":""},"categories":[52],"tags":[],"class_list":["post-1809","post","type-post","status-publish","format-standard","hentry","category-mediji-skola-u-medijima"],"_links":{"self":[{"href":"https:\/\/prva.hr\/index.php\/wp-json\/wp\/v2\/posts\/1809","targetHints":{"allow":["GET"]}}],"collection":[{"href":"https:\/\/prva.hr\/index.php\/wp-json\/wp\/v2\/posts"}],"about":[{"href":"https:\/\/prva.hr\/index.php\/wp-json\/wp\/v2\/types\/post"}],"author":[{"embeddable":true,"href":"https:\/\/prva.hr\/index.php\/wp-json\/wp\/v2\/users\/1"}],"replies":[{"embeddable":true,"href":"https:\/\/prva.hr\/index.php\/wp-json\/wp\/v2\/comments?post=1809"}],"version-history":[{"count":1,"href":"https:\/\/prva.hr\/index.php\/wp-json\/wp\/v2\/posts\/1809\/revisions"}],"predecessor-version":[{"id":1810,"href":"https:\/\/prva.hr\/index.php\/wp-json\/wp\/v2\/posts\/1809\/revisions\/1810"}],"wp:attachment":[{"href":"https:\/\/prva.hr\/index.php\/wp-json\/wp\/v2\/media?parent=1809"}],"wp:term":[{"taxonomy":"category","embeddable":true,"href":"https:\/\/prva.hr\/index.php\/wp-json\/wp\/v2\/categories?post=1809"},{"taxonomy":"post_tag","embeddable":true,"href":"https:\/\/prva.hr\/index.php\/wp-json\/wp\/v2\/tags?post=1809"}],"curies":[{"name":"wp","href":"https:\/\/api.w.org\/{rel}","templated":true}]}}