{"id":18139,"date":"2024-08-30T15:00:00","date_gmt":"2024-08-30T13:00:00","guid":{"rendered":"https:\/\/www.prva.hr\/?p=18139"},"modified":"2024-09-02T08:25:37","modified_gmt":"2024-09-02T06:25:37","slug":"novi-stipendisti-zaklade-akica-za-2023-24","status":"publish","type":"post","link":"https:\/\/prva.hr\/index.php\/2024\/08\/30\/novi-stipendisti-zaklade-akica-za-2023-24\/","title":{"rendered":"Novi stipendisti Zaklade I. gimnazije Akica"},"content":{"rendered":"\n<figure class=\"wp-block-image size-full is-resized\"><img decoding=\"async\" data-src=\"https:\/\/www.prva.hr\/wp-content\/uploads\/2024\/08\/zaklada-akica-foto-1.jpg\" alt=\"\" class=\"wp-image-18144 lazyload\" width=\"385\" height=\"338\" data-srcset=\"https:\/\/prva.hr\/wp-content\/uploads\/2024\/08\/zaklada-akica-foto-1.jpg 763w, https:\/\/prva.hr\/wp-content\/uploads\/2024\/08\/zaklada-akica-foto-1-300x263.jpg 300w, https:\/\/prva.hr\/wp-content\/uploads\/2024\/08\/zaklada-akica-foto-1-342x300.jpg 342w\" data-sizes=\"(max-width: 385px) 100vw, 385px\" src=\"data:image\/svg+xml;base64,PHN2ZyB3aWR0aD0iMSIgaGVpZ2h0PSIxIiB4bWxucz0iaHR0cDovL3d3dy53My5vcmcvMjAwMC9zdmciPjwvc3ZnPg==\" style=\"--smush-placeholder-width: 385px; --smush-placeholder-aspect-ratio: 385\/338;\" \/><\/figure>\n\n\n\n<p>U \u010detvrtak<strong> 29. kolovoza 2024.<\/strong> Upravni odbor Zaklade I. gimnazije Akica, temeljem odr\u017eanog natje\u010daja i uspje\u0161nog motivacijskog razgovora, donio je odluku o dodjeli ovogodi\u0161nje nov\u010dane potpore u\u010denicima\/icama I. gimnazije za nastavak \u0161kolovanja.<\/p>\n\n\n\n<p>Nov\u010dani iznos u vrijednosti <strong>3.600 eura <\/strong>u obrazovne svrhe ide maturantici 4.b razreda \u2013&nbsp;<strong>Marti Predrijevac<\/strong>.<\/p>\n\n\n\n<p>Marta je odli\u010dna u\u010denica prirodoslovno -matemati\u010dkog programa I. gimnazije, dr\u017eavna natjecateljica, naju\u010denica generacije i aktivna \u010dlanica Volonterskog kluba Prve.<\/p>\n\n\n\n<p>Nov\u010dani iznos u vrijednosti <strong>2.400 eura<\/strong> dobili su maturantica 4. b razreda  <strong>Lucija Cvetkovi\u0107<\/strong> i maturant. 4.e razreda <strong>Karlo Hajn\u017ei\u0107 Vidrih<\/strong>. <\/p>\n\n\n\n<p>Lucija je odli\u010dna u\u010denica prirodoslovno &#8211; matemati\u010dkog programa I. gimnazije i  \u0161kolovanje nastavlja u STEM podru\u010dju. <\/p>\n\n\n\n<p>Karlo dolazi iz vi\u0161e\u010dlane obitelji, maturant  je op\u0107eg programa I. gimnazije i aktivan \u010dlan \u0161kolskog banda.<\/p>\n\n\n\n<p>I. gimnazija je jedna od rijetkih \u0161kola koje imaju svoju zakladu. Zaklada I. gimnazije Akica za pru\u017eanje nov\u010dane potpore za nastavak \u0161kolovanja na po\u010detku studija, osnovana je 2020. zahvaljuju\u0107i velikodu\u0161nosti i nov\u010danoj donaciji g\u0111e. Ivane Canki. Potaknut gestom g\u0111e. Canki, nov\u010danu donaciju Zakladi donirao je i pok. gosp. Vjekoslav \u0160ubi\u0107. Vi\u0161e na:<\/p>\n\n\n\n<p><a href=\"https:\/\/www.prva.hr\/index.php\/2020\/12\/03\/zaklada-akica-u-medijima\/\">https:\/\/www.prva.hr\/index.php\/2020\/12\/03\/zaklada-akica-u-medijima\/<\/a><\/p>\n\n\n\n<p><a href=\"https:\/\/www.prva.hr\/index.php\/2022\/05\/18\/novi-donator-zaklade-i-gimnazije-akica\/\">https:\/\/www.prva.hr\/index.php\/2023\/05\/18\/novi -donator-zaklade-i-gimnazije-akica\/<\/a><\/p>\n\n\n\n<figure class=\"wp-block-image size-large is-resized\"><img decoding=\"async\" data-src=\"https:\/\/www.prva.hr\/wp-content\/uploads\/2024\/08\/akica2-1024x759.jpg\" alt=\"\" class=\"wp-image-18142 lazyload\" width=\"569\" height=\"421\" data-srcset=\"https:\/\/prva.hr\/wp-content\/uploads\/2024\/08\/akica2-1024x759.jpg 1024w, https:\/\/prva.hr\/wp-content\/uploads\/2024\/08\/akica2-300x222.jpg 300w, https:\/\/prva.hr\/wp-content\/uploads\/2024\/08\/akica2-768x569.jpg 768w, https:\/\/prva.hr\/wp-content\/uploads\/2024\/08\/akica2-1536x1138.jpg 1536w, https:\/\/prva.hr\/wp-content\/uploads\/2024\/08\/akica2-400x296.jpg 400w, https:\/\/prva.hr\/wp-content\/uploads\/2024\/08\/akica2.jpg 1777w\" data-sizes=\"(max-width: 569px) 100vw, 569px\" src=\"data:image\/svg+xml;base64,PHN2ZyB3aWR0aD0iMSIgaGVpZ2h0PSIxIiB4bWxucz0iaHR0cDovL3d3dy53My5vcmcvMjAwMC9zdmciPjwvc3ZnPg==\" style=\"--smush-placeholder-width: 569px; --smush-placeholder-aspect-ratio: 569\/421;\" \/><\/figure>\n\n\n\n<p>Iskrene \u010destitke na\u0161im stipendisticama Marti i Luciji i stipendistu Karlu te puno sre\u0107e u daljnjem \u0161kolovanju!<\/p>\n","protected":false},"excerpt":{"rendered":"<p>U \u010detvrtak 29. kolovoza 2024. Upravni odbor Zaklade I. gimnazije Akica, temeljem odr\u017eanog natje\u010daja i uspje\u0161nog motivacijskog razgovora, donio je odluku o dodjeli ovogodi\u0161nje nov\u010dane potpore u\u010denicima\/icama I. gimnazije za nastavak \u0161kolovanja. Nov\u010dani iznos u vrijednosti 3.600 eura u obrazovne svrhe ide maturantici 4.b razreda \u2013&nbsp;Marti Predrijevac. Marta je odli\u010dna u\u010denica prirodoslovno -matemati\u010dkog programa I. [&hellip;]<\/p>\n","protected":false},"author":6,"featured_media":18141,"comment_status":"closed","ping_status":"0","sticky":false,"template":"","format":"standard","meta":{"_et_pb_use_builder":"","_et_pb_old_content":"","_et_gb_content_width":"","footnotes":""},"categories":[4,79],"tags":[],"class_list":["post-18139","post","type-post","status-publish","format-standard","has-post-thumbnail","hentry","category-najnovije-vijesti","category-zaklada"],"_links":{"self":[{"href":"https:\/\/prva.hr\/index.php\/wp-json\/wp\/v2\/posts\/18139","targetHints":{"allow":["GET"]}}],"collection":[{"href":"https:\/\/prva.hr\/index.php\/wp-json\/wp\/v2\/posts"}],"about":[{"href":"https:\/\/prva.hr\/index.php\/wp-json\/wp\/v2\/types\/post"}],"author":[{"embeddable":true,"href":"https:\/\/prva.hr\/index.php\/wp-json\/wp\/v2\/users\/6"}],"replies":[{"embeddable":true,"href":"https:\/\/prva.hr\/index.php\/wp-json\/wp\/v2\/comments?post=18139"}],"version-history":[{"count":6,"href":"https:\/\/prva.hr\/index.php\/wp-json\/wp\/v2\/posts\/18139\/revisions"}],"predecessor-version":[{"id":18150,"href":"https:\/\/prva.hr\/index.php\/wp-json\/wp\/v2\/posts\/18139\/revisions\/18150"}],"wp:featuredmedia":[{"embeddable":true,"href":"https:\/\/prva.hr\/index.php\/wp-json\/wp\/v2\/media\/18141"}],"wp:attachment":[{"href":"https:\/\/prva.hr\/index.php\/wp-json\/wp\/v2\/media?parent=18139"}],"wp:term":[{"taxonomy":"category","embeddable":true,"href":"https:\/\/prva.hr\/index.php\/wp-json\/wp\/v2\/categories?post=18139"},{"taxonomy":"post_tag","embeddable":true,"href":"https:\/\/prva.hr\/index.php\/wp-json\/wp\/v2\/tags?post=18139"}],"curies":[{"name":"wp","href":"https:\/\/api.w.org\/{rel}","templated":true}]}}