{"id":18199,"date":"2024-09-04T13:58:54","date_gmt":"2024-09-04T11:58:54","guid":{"rendered":"https:\/\/www.prva.hr\/?p=18199"},"modified":"2024-09-04T13:59:04","modified_gmt":"2024-09-04T11:59:04","slug":"vazne-obavijesti-za-pocetak-nove-skolske-godine-2024-2025","status":"publish","type":"post","link":"https:\/\/prva.hr\/index.php\/2024\/09\/04\/vazne-obavijesti-za-pocetak-nove-skolske-godine-2024-2025\/","title":{"rendered":"VA\u017dNE OBAVIJESTI ZA PO\u010cETAK NOVE \u0160KOLSKE GODINE 2024.\/2025."},"content":{"rendered":"\n<p>Nastavna godina zapo\u010dinje u ponedjeljak, 9. rujna i to prema sljede\u0107em rasporedu:<\/p>\n\n\n\n<ul class=\"wp-block-list\">\n<li>1. razredi &#8211; 8,00 h u kinodvorani \u0161kole (prizemlje lijevo)<\/li>\n\n\n\n<li>2., 3. i 4. razredi &#8211; 8,45 h u u\u010dionicama prema rasporedu koji se mo\u017ee pogledati <a href=\"https:\/\/www.prva.hr\/wp-content\/uploads\/2024\/09\/SAT-RAZREDNIKA-POPIS-UCIONICA.docx\" data-type=\"URL\" data-id=\"https:\/\/www.prva.hr\/wp-content\/uploads\/2024\/09\/SAT-RAZREDNIKA-POPIS-UCIONICA.docx\" target=\"_blank\" rel=\"noreferrer noopener\">ovdje. <\/a><\/li>\n<\/ul>\n\n\n\n<p>Raspored doga\u0111anja za 1. dan nastave za sve u\u010denike mo\u017eete pogledati <a href=\"https:\/\/www.prva.hr\/wp-content\/uploads\/2024\/09\/Raspored-dogadanja-9.9.2024.docx\" data-type=\"URL\" data-id=\"https:\/\/www.prva.hr\/wp-content\/uploads\/2024\/09\/Raspored-dogadanja-9.9.2024.docx\" target=\"_blank\" rel=\"noreferrer noopener\">ovdje. <\/a><\/p>\n\n\n\n<p>Popis u\u010denika prvih razreda raspore\u0111enih po razrednim odjelima bit \u0107e izvje\u0161en na oglasnoj plo\u010di u petak, 6. rujna u holu \u0161kole.<\/p>\n\n\n\n<p>Infomacije vezane za preuzimanje ud\u017ebenika za u\u010denike 1. razreda i povrat ud\u017ebenika 2. razreda mo\u017eete pogledati\u00a0<a rel=\"noreferrer noopener\" href=\"https:\/\/www.prva.hr\/index.php\/2024\/09\/04\/informacije-vezane-za-primopredaju-udzbenika-drugih-i-prvih-razreda\/\" data-type=\"URL\" data-id=\"https:\/\/www.prva.hr\/index.php\/2024\/09\/04\/informacije-vezane-za-primopredaju-udzbenika-drugih-i-prvih-razreda\/\" target=\"_blank\">ovdje.<\/a><\/p>\n","protected":false},"excerpt":{"rendered":"<p>Nastavna godina zapo\u010dinje u ponedjeljak, 9. rujna i to prema sljede\u0107em rasporedu: Raspored doga\u0111anja za 1. dan nastave za sve u\u010denike mo\u017eete pogledati ovdje. Popis u\u010denika prvih razreda raspore\u0111enih po razrednim odjelima bit \u0107e izvje\u0161en na oglasnoj plo\u010di u petak, 6. rujna u holu \u0161kole. Infomacije vezane za preuzimanje ud\u017ebenika za u\u010denike 1. razreda i [&hellip;]<\/p>\n","protected":false},"author":7,"featured_media":0,"comment_status":"closed","ping_status":"0","sticky":false,"template":"","format":"standard","meta":{"_et_pb_use_builder":"","_et_pb_old_content":"","_et_gb_content_width":"","footnotes":""},"categories":[6,4,1],"tags":[],"class_list":["post-18199","post","type-post","status-publish","format-standard","hentry","category-aktualna-dogadanja","category-najnovije-vijesti","category-nekategorizirano"],"_links":{"self":[{"href":"https:\/\/prva.hr\/index.php\/wp-json\/wp\/v2\/posts\/18199","targetHints":{"allow":["GET"]}}],"collection":[{"href":"https:\/\/prva.hr\/index.php\/wp-json\/wp\/v2\/posts"}],"about":[{"href":"https:\/\/prva.hr\/index.php\/wp-json\/wp\/v2\/types\/post"}],"author":[{"embeddable":true,"href":"https:\/\/prva.hr\/index.php\/wp-json\/wp\/v2\/users\/7"}],"replies":[{"embeddable":true,"href":"https:\/\/prva.hr\/index.php\/wp-json\/wp\/v2\/comments?post=18199"}],"version-history":[{"count":2,"href":"https:\/\/prva.hr\/index.php\/wp-json\/wp\/v2\/posts\/18199\/revisions"}],"predecessor-version":[{"id":18203,"href":"https:\/\/prva.hr\/index.php\/wp-json\/wp\/v2\/posts\/18199\/revisions\/18203"}],"wp:attachment":[{"href":"https:\/\/prva.hr\/index.php\/wp-json\/wp\/v2\/media?parent=18199"}],"wp:term":[{"taxonomy":"category","embeddable":true,"href":"https:\/\/prva.hr\/index.php\/wp-json\/wp\/v2\/categories?post=18199"},{"taxonomy":"post_tag","embeddable":true,"href":"https:\/\/prva.hr\/index.php\/wp-json\/wp\/v2\/tags?post=18199"}],"curies":[{"name":"wp","href":"https:\/\/api.w.org\/{rel}","templated":true}]}}