{"id":18211,"date":"2024-09-06T15:41:51","date_gmt":"2024-09-06T13:41:51","guid":{"rendered":"https:\/\/www.prva.hr\/?p=18211"},"modified":"2024-09-06T15:43:13","modified_gmt":"2024-09-06T13:43:13","slug":"fakultativna-nastava-sk-god-2024-2025","status":"publish","type":"post","link":"https:\/\/prva.hr\/index.php\/2024\/09\/06\/fakultativna-nastava-sk-god-2024-2025\/","title":{"rendered":"Fakultativna nastava \u2013 \u0161k. god. 2024.\/2025."},"content":{"rendered":"\n<p>Popis i raspored odr\u017eavanja fakultativnih predmeta za \u0161k. god. 2024.\/2025. mo\u017eete pogledati <a href=\"https:\/\/www.prva.hr\/wp-content\/uploads\/2024\/09\/Ponda-fakultativnih-premdeta-sk.-god.-2024.-2025-1.docx\" data-type=\"URL\" data-id=\"https:\/\/www.prva.hr\/wp-content\/uploads\/2024\/09\/Ponda-fakultativnih-premdeta-sk.-god.-2024.-2025-1.docx\" target=\"_blank\" rel=\"noreferrer noopener\">ovdje.<\/a><\/p>\n\n\n\n<p>U\u010denici mogu odabrati jedan ili vi\u0161e \u017eeljenih fakultativnih predmeta paze\u0107i da se termini odr\u017eavanja nastave ne poklapaju. Ukoliko u\u010denik ne \u017eeli upisati fakultativne predmete, ne treba jer oni nisu obavezni predmeti.<\/p>\n\n\n\n<p>Odabir fakultativnih predmeta odr\u017eat \u0107e se prvi dan nastave, 9. rujna 2024. na Sajmu fakultativnih predmeta kada \u0107e u\u010denici mo\u0107i porazgovarati s voditeljem predmeta i upisati se u prijavnu listu.<\/p>\n\n\n\n<p>Fakultativna nastava po\u010dinje od drugog tjedna nastave (od 16. rujna 2024.).<\/p>\n","protected":false},"excerpt":{"rendered":"<p>Popis i raspored odr\u017eavanja fakultativnih predmeta za \u0161k. god. 2024.\/2025. mo\u017eete pogledati ovdje. U\u010denici mogu odabrati jedan ili vi\u0161e \u017eeljenih fakultativnih predmeta paze\u0107i da se termini odr\u017eavanja nastave ne poklapaju. Ukoliko u\u010denik ne \u017eeli upisati fakultativne predmete, ne treba jer oni nisu obavezni predmeti. Odabir fakultativnih predmeta odr\u017eat \u0107e se prvi dan nastave, 9. rujna [&hellip;]<\/p>\n","protected":false},"author":7,"featured_media":0,"comment_status":"closed","ping_status":"0","sticky":false,"template":"","format":"standard","meta":{"_et_pb_use_builder":"","_et_pb_old_content":"","_et_gb_content_width":"","footnotes":""},"categories":[4,39],"tags":[],"class_list":["post-18211","post","type-post","status-publish","format-standard","hentry","category-najnovije-vijesti","category-nastava-fakultativna-nastava"],"_links":{"self":[{"href":"https:\/\/prva.hr\/index.php\/wp-json\/wp\/v2\/posts\/18211","targetHints":{"allow":["GET"]}}],"collection":[{"href":"https:\/\/prva.hr\/index.php\/wp-json\/wp\/v2\/posts"}],"about":[{"href":"https:\/\/prva.hr\/index.php\/wp-json\/wp\/v2\/types\/post"}],"author":[{"embeddable":true,"href":"https:\/\/prva.hr\/index.php\/wp-json\/wp\/v2\/users\/7"}],"replies":[{"embeddable":true,"href":"https:\/\/prva.hr\/index.php\/wp-json\/wp\/v2\/comments?post=18211"}],"version-history":[{"count":2,"href":"https:\/\/prva.hr\/index.php\/wp-json\/wp\/v2\/posts\/18211\/revisions"}],"predecessor-version":[{"id":18217,"href":"https:\/\/prva.hr\/index.php\/wp-json\/wp\/v2\/posts\/18211\/revisions\/18217"}],"wp:attachment":[{"href":"https:\/\/prva.hr\/index.php\/wp-json\/wp\/v2\/media?parent=18211"}],"wp:term":[{"taxonomy":"category","embeddable":true,"href":"https:\/\/prva.hr\/index.php\/wp-json\/wp\/v2\/categories?post=18211"},{"taxonomy":"post_tag","embeddable":true,"href":"https:\/\/prva.hr\/index.php\/wp-json\/wp\/v2\/tags?post=18211"}],"curies":[{"name":"wp","href":"https:\/\/api.w.org\/{rel}","templated":true}]}}