{"id":18280,"date":"2024-09-18T13:26:24","date_gmt":"2024-09-18T11:26:24","guid":{"rendered":"https:\/\/www.prva.hr\/?p=18280"},"modified":"2024-09-18T13:28:50","modified_gmt":"2024-09-18T11:28:50","slug":"predstavljanje-izvannastavnih-aktivnosti-i-gimnazije-2","status":"publish","type":"post","link":"https:\/\/prva.hr\/index.php\/2024\/09\/18\/predstavljanje-izvannastavnih-aktivnosti-i-gimnazije-2\/","title":{"rendered":"PREDSTAVLJANJE IZVANNASTAVNIH AKTIVNOSTI I. GIMNAZIJE"},"content":{"rendered":"\n<figure class=\"wp-block-image size-large\"><img decoding=\"async\" width=\"1024\" height=\"577\" data-src=\"https:\/\/www.prva.hr\/wp-content\/uploads\/2024\/09\/PHOTO-2024-09-18-12-54-58-3-1024x577.jpg\" alt=\"\" class=\"wp-image-18281 lazyload\" data-srcset=\"https:\/\/prva.hr\/wp-content\/uploads\/2024\/09\/PHOTO-2024-09-18-12-54-58-3-1024x577.jpg 1024w, https:\/\/prva.hr\/wp-content\/uploads\/2024\/09\/PHOTO-2024-09-18-12-54-58-3-300x169.jpg 300w, https:\/\/prva.hr\/wp-content\/uploads\/2024\/09\/PHOTO-2024-09-18-12-54-58-3-768x432.jpg 768w, https:\/\/prva.hr\/wp-content\/uploads\/2024\/09\/PHOTO-2024-09-18-12-54-58-3-1536x865.jpg 1536w, https:\/\/prva.hr\/wp-content\/uploads\/2024\/09\/PHOTO-2024-09-18-12-54-58-3-400x225.jpg 400w, https:\/\/prva.hr\/wp-content\/uploads\/2024\/09\/PHOTO-2024-09-18-12-54-58-3.jpg 2048w\" data-sizes=\"(max-width: 1024px) 100vw, 1024px\" src=\"data:image\/svg+xml;base64,PHN2ZyB3aWR0aD0iMSIgaGVpZ2h0PSIxIiB4bWxucz0iaHR0cDovL3d3dy53My5vcmcvMjAwMC9zdmciPjwvc3ZnPg==\" style=\"--smush-placeholder-width: 1024px; --smush-placeholder-aspect-ratio: 1024\/577;\" \/><\/figure>\n\n\n\n<p>U utorak, 17. rujna 2024. g., odr\u017eano je\u00a0<strong>predstavljanje izvannastavnih aktivnosti<\/strong>\u00a0za u\u010denike prvih razreda. Radi se o brojnim kurikularnim aktivnostima koje nudi i po kojima je prepoznata I. gimnazija.\u00a0Tako su u\u010denici i profesori \u2013 voditelji pojedinih aktivnosti predstavili rad\u00a0Art caffe bloga, \u010citateljskog kluba, Debatnog kluba, Eko grupe, Povijesne grupe, \u0160kolskog sportskog dru\u0161tva, Volonterskog kluba, Zadruge IZ PRVE RUKE i ZenZonePrve.<\/p>\n\n\n\n<figure class=\"wp-block-gallery has-nested-images columns-default is-cropped wp-block-gallery-1 is-layout-flex wp-block-gallery-is-layout-flex\">\n<figure class=\"wp-block-image size-large\"><img decoding=\"async\" width=\"1024\" height=\"577\" data-id=\"18282\" data-src=\"https:\/\/www.prva.hr\/wp-content\/uploads\/2024\/09\/PHOTO-2024-09-18-12-54-58-1024x577.jpg\" alt=\"\" class=\"wp-image-18282 lazyload\" data-srcset=\"https:\/\/prva.hr\/wp-content\/uploads\/2024\/09\/PHOTO-2024-09-18-12-54-58-1024x577.jpg 1024w, https:\/\/prva.hr\/wp-content\/uploads\/2024\/09\/PHOTO-2024-09-18-12-54-58-300x169.jpg 300w, https:\/\/prva.hr\/wp-content\/uploads\/2024\/09\/PHOTO-2024-09-18-12-54-58-768x432.jpg 768w, https:\/\/prva.hr\/wp-content\/uploads\/2024\/09\/PHOTO-2024-09-18-12-54-58-1536x865.jpg 1536w, https:\/\/prva.hr\/wp-content\/uploads\/2024\/09\/PHOTO-2024-09-18-12-54-58-400x225.jpg 400w, https:\/\/prva.hr\/wp-content\/uploads\/2024\/09\/PHOTO-2024-09-18-12-54-58.jpg 2048w\" data-sizes=\"(max-width: 1024px) 100vw, 1024px\" src=\"data:image\/svg+xml;base64,PHN2ZyB3aWR0aD0iMSIgaGVpZ2h0PSIxIiB4bWxucz0iaHR0cDovL3d3dy53My5vcmcvMjAwMC9zdmciPjwvc3ZnPg==\" style=\"--smush-placeholder-width: 1024px; --smush-placeholder-aspect-ratio: 1024\/577;\" \/><\/figure>\n<\/figure>\n\n\n\n<figure class=\"wp-block-gallery has-nested-images columns-default is-cropped wp-block-gallery-2 is-layout-flex wp-block-gallery-is-layout-flex\">\n<figure class=\"wp-block-image size-large\"><img decoding=\"async\" width=\"1024\" height=\"577\" data-id=\"18283\" data-src=\"https:\/\/www.prva.hr\/wp-content\/uploads\/2024\/09\/PHOTO-2024-09-18-12-54-58-2-1024x577.jpg\" alt=\"\" class=\"wp-image-18283 lazyload\" data-srcset=\"https:\/\/prva.hr\/wp-content\/uploads\/2024\/09\/PHOTO-2024-09-18-12-54-58-2-1024x577.jpg 1024w, https:\/\/prva.hr\/wp-content\/uploads\/2024\/09\/PHOTO-2024-09-18-12-54-58-2-300x169.jpg 300w, https:\/\/prva.hr\/wp-content\/uploads\/2024\/09\/PHOTO-2024-09-18-12-54-58-2-768x432.jpg 768w, https:\/\/prva.hr\/wp-content\/uploads\/2024\/09\/PHOTO-2024-09-18-12-54-58-2-1536x865.jpg 1536w, https:\/\/prva.hr\/wp-content\/uploads\/2024\/09\/PHOTO-2024-09-18-12-54-58-2-400x225.jpg 400w, https:\/\/prva.hr\/wp-content\/uploads\/2024\/09\/PHOTO-2024-09-18-12-54-58-2.jpg 2048w\" data-sizes=\"(max-width: 1024px) 100vw, 1024px\" src=\"data:image\/svg+xml;base64,PHN2ZyB3aWR0aD0iMSIgaGVpZ2h0PSIxIiB4bWxucz0iaHR0cDovL3d3dy53My5vcmcvMjAwMC9zdmciPjwvc3ZnPg==\" style=\"--smush-placeholder-width: 1024px; --smush-placeholder-aspect-ratio: 1024\/577;\" \/><\/figure>\n<\/figure>\n\n\n\n<figure class=\"wp-block-gallery has-nested-images columns-default is-cropped wp-block-gallery-3 is-layout-flex wp-block-gallery-is-layout-flex\">\n<figure class=\"wp-block-image size-large\"><img decoding=\"async\" width=\"1024\" height=\"577\" data-id=\"18284\" data-src=\"https:\/\/www.prva.hr\/wp-content\/uploads\/2024\/09\/PHOTO-2024-09-18-12-54-58-1-1024x577.jpg\" alt=\"\" class=\"wp-image-18284 lazyload\" data-srcset=\"https:\/\/prva.hr\/wp-content\/uploads\/2024\/09\/PHOTO-2024-09-18-12-54-58-1-1024x577.jpg 1024w, https:\/\/prva.hr\/wp-content\/uploads\/2024\/09\/PHOTO-2024-09-18-12-54-58-1-300x169.jpg 300w, https:\/\/prva.hr\/wp-content\/uploads\/2024\/09\/PHOTO-2024-09-18-12-54-58-1-768x432.jpg 768w, https:\/\/prva.hr\/wp-content\/uploads\/2024\/09\/PHOTO-2024-09-18-12-54-58-1-1536x865.jpg 1536w, https:\/\/prva.hr\/wp-content\/uploads\/2024\/09\/PHOTO-2024-09-18-12-54-58-1-400x225.jpg 400w, https:\/\/prva.hr\/wp-content\/uploads\/2024\/09\/PHOTO-2024-09-18-12-54-58-1.jpg 2048w\" data-sizes=\"(max-width: 1024px) 100vw, 1024px\" src=\"data:image\/svg+xml;base64,PHN2ZyB3aWR0aD0iMSIgaGVpZ2h0PSIxIiB4bWxucz0iaHR0cDovL3d3dy53My5vcmcvMjAwMC9zdmciPjwvc3ZnPg==\" style=\"--smush-placeholder-width: 1024px; --smush-placeholder-aspect-ratio: 1024\/577;\" \/><\/figure>\n<\/figure>\n","protected":false},"excerpt":{"rendered":"<p>U utorak, 17. rujna 2024. g., odr\u017eano je\u00a0predstavljanje izvannastavnih aktivnosti\u00a0za u\u010denike prvih razreda. Radi se o brojnim kurikularnim aktivnostima koje nudi i po kojima je prepoznata I. gimnazija.\u00a0Tako su u\u010denici i profesori \u2013 voditelji pojedinih aktivnosti predstavili rad\u00a0Art caffe bloga, \u010citateljskog kluba, Debatnog kluba, Eko grupe, Povijesne grupe, \u0160kolskog sportskog dru\u0161tva, Volonterskog kluba, Zadruge IZ [&hellip;]<\/p>\n","protected":false},"author":11,"featured_media":0,"comment_status":"closed","ping_status":"0","sticky":false,"template":"","format":"standard","meta":{"_et_pb_use_builder":"","_et_pb_old_content":"","_et_gb_content_width":"","footnotes":""},"categories":[5,12,4],"tags":[],"class_list":["post-18280","post","type-post","status-publish","format-standard","hentry","category-aktivnosti","category-osvrti","category-najnovije-vijesti"],"_links":{"self":[{"href":"https:\/\/prva.hr\/index.php\/wp-json\/wp\/v2\/posts\/18280","targetHints":{"allow":["GET"]}}],"collection":[{"href":"https:\/\/prva.hr\/index.php\/wp-json\/wp\/v2\/posts"}],"about":[{"href":"https:\/\/prva.hr\/index.php\/wp-json\/wp\/v2\/types\/post"}],"author":[{"embeddable":true,"href":"https:\/\/prva.hr\/index.php\/wp-json\/wp\/v2\/users\/11"}],"replies":[{"embeddable":true,"href":"https:\/\/prva.hr\/index.php\/wp-json\/wp\/v2\/comments?post=18280"}],"version-history":[{"count":2,"href":"https:\/\/prva.hr\/index.php\/wp-json\/wp\/v2\/posts\/18280\/revisions"}],"predecessor-version":[{"id":18287,"href":"https:\/\/prva.hr\/index.php\/wp-json\/wp\/v2\/posts\/18280\/revisions\/18287"}],"wp:attachment":[{"href":"https:\/\/prva.hr\/index.php\/wp-json\/wp\/v2\/media?parent=18280"}],"wp:term":[{"taxonomy":"category","embeddable":true,"href":"https:\/\/prva.hr\/index.php\/wp-json\/wp\/v2\/categories?post=18280"},{"taxonomy":"post_tag","embeddable":true,"href":"https:\/\/prva.hr\/index.php\/wp-json\/wp\/v2\/tags?post=18280"}],"curies":[{"name":"wp","href":"https:\/\/api.w.org\/{rel}","templated":true}]}}