{"id":1835,"date":"2017-09-29T13:20:47","date_gmt":"2017-09-29T11:20:47","guid":{"rendered":"http:\/\/www.prva.hr\/?p=1835"},"modified":"2017-09-29T13:20:47","modified_gmt":"2017-09-29T11:20:47","slug":"mirotvorna-skola-2017","status":"publish","type":"post","link":"https:\/\/prva.hr\/index.php\/2017\/09\/29\/mirotvorna-skola-2017\/","title":{"rendered":"MIROTVORNA \u0160KOLA 2017."},"content":{"rendered":"<p>Centar za mir \u2013 Osijek je objavio poziv za nominacije za Priznanje MIROTVORNA \u0160KOLA 2017.<\/p>\n<p>Nominacije se primaju od 5. rujna do 15. studenoga 2017.g.<\/p>\n<p>Javni poziv, uvjeti natje\u010daja i obrasci za nominaciju objavljeni su na mre\u017enoj stranici Nagrade za promicanje mirotvorsta, nenasilja i ljudskih prava \u201eKrunoslav Suki\u0107\u201c, u sklopu koje se dodjeljuje i Priznanje MIROTVORNA \u0160KOLA.<\/p>\n<p><a href=\"http:\/\/www.krunoslav-sukic.centar-za-mir.hr\/nagrada\/\" data-saferedirecturl=\"https:\/\/www.google.com\/url?hl=hr&amp;q=http:\/\/www.krunoslav-sukic.centar-za-mir.hr\/nagrada\/&amp;source=gmail&amp;ust=1506765035326000&amp;usg=AFQjCNEF6tsoDJhv3lRYe-5on2Q3fDU9Mw\">http:\/\/www.krunoslav-sukic.centar-za-mir.hr\/nagrada\/<\/a><\/p>\n<p><a href=\"http:\/\/www.krunoslav-sukic.centar-za-mir.hr\/prijava\/\" data-saferedirecturl=\"https:\/\/www.google.com\/url?hl=hr&amp;q=http:\/\/www.krunoslav-sukic.centar-za-mir.hr\/prijava\/&amp;source=gmail&amp;ust=1506765035326000&amp;usg=AFQjCNFzFLsoxIEQGaHrZZBHndj7d2en0g\">http:\/\/www.krunoslav-sukic.centar-za-mir.hr\/prijava\/<\/a><\/p>\n<p>&nbsp;<\/p>\n<p>Priznanje se sastoji od plakete i nagradnog 7-dnevnog studijskog putovanja za u\u010denike i nastavnike \u0161kole dobitnice priznanja.<\/p>\n<p>Reporta\u017ee o nagradnim posjetama ovih \u0161kola pogledajte na<\/p>\n<p><a href=\"http:\/\/www\/\" data-saferedirecturl=\"https:\/\/www.google.com\/url?hl=hr&amp;q=http:\/\/www&amp;source=gmail&amp;ust=1506765035326000&amp;usg=AFQjCNH0XCoWanT4EUDtwHVbCTVYtdC2Pw\">http:\/\/www<\/a>.\u00a0<a href=\"http:\/\/krunoslav-sukic.centar-za-mir.hr\/video-galerija\/\" data-saferedirecturl=\"https:\/\/www.google.com\/url?hl=hr&amp;q=http:\/\/krunoslav-sukic.centar-za-mir.hr\/video-galerija\/&amp;source=gmail&amp;ust=1506765035326000&amp;usg=AFQjCNGbYxnzFpfXNb0Kg5xiArTnHMYazw\">krunoslav-sukic.centar-za-mir.hr\/video-galerija\/<\/a><\/p>\n","protected":false},"excerpt":{"rendered":"<p>Centar za mir \u2013 Osijek je objavio poziv za nominacije za Priznanje MIROTVORNA \u0160KOLA 2017. Nominacije se primaju od 5. rujna do 15. studenoga 2017.g. Javni poziv, uvjeti natje\u010daja i obrasci za nominaciju objavljeni su na mre\u017enoj stranici Nagrade za promicanje mirotvorsta, nenasilja i ljudskih prava \u201eKrunoslav Suki\u0107\u201c, u sklopu koje se dodjeljuje i Priznanje [&hellip;]<\/p>\n","protected":false},"author":4,"featured_media":0,"comment_status":"closed","ping_status":"closed","sticky":false,"template":"","format":"standard","meta":{"_et_pb_use_builder":"","_et_pb_old_content":"","_et_gb_content_width":"","footnotes":""},"categories":[14],"tags":[],"class_list":["post-1835","post","type-post","status-publish","format-standard","hentry","category-dogadanja-izvan-skole"],"_links":{"self":[{"href":"https:\/\/prva.hr\/index.php\/wp-json\/wp\/v2\/posts\/1835","targetHints":{"allow":["GET"]}}],"collection":[{"href":"https:\/\/prva.hr\/index.php\/wp-json\/wp\/v2\/posts"}],"about":[{"href":"https:\/\/prva.hr\/index.php\/wp-json\/wp\/v2\/types\/post"}],"author":[{"embeddable":true,"href":"https:\/\/prva.hr\/index.php\/wp-json\/wp\/v2\/users\/4"}],"replies":[{"embeddable":true,"href":"https:\/\/prva.hr\/index.php\/wp-json\/wp\/v2\/comments?post=1835"}],"version-history":[{"count":1,"href":"https:\/\/prva.hr\/index.php\/wp-json\/wp\/v2\/posts\/1835\/revisions"}],"predecessor-version":[{"id":1836,"href":"https:\/\/prva.hr\/index.php\/wp-json\/wp\/v2\/posts\/1835\/revisions\/1836"}],"wp:attachment":[{"href":"https:\/\/prva.hr\/index.php\/wp-json\/wp\/v2\/media?parent=1835"}],"wp:term":[{"taxonomy":"category","embeddable":true,"href":"https:\/\/prva.hr\/index.php\/wp-json\/wp\/v2\/categories?post=1835"},{"taxonomy":"post_tag","embeddable":true,"href":"https:\/\/prva.hr\/index.php\/wp-json\/wp\/v2\/tags?post=1835"}],"curies":[{"name":"wp","href":"https:\/\/api.w.org\/{rel}","templated":true}]}}