{"id":18380,"date":"2024-09-27T15:15:48","date_gmt":"2024-09-27T13:15:48","guid":{"rendered":"https:\/\/www.prva.hr\/?p=18380"},"modified":"2024-09-27T15:15:55","modified_gmt":"2024-09-27T13:15:55","slug":"ucionice-manjinskih-jezika-pod-vedrim-nebom","status":"publish","type":"post","link":"https:\/\/prva.hr\/index.php\/2024\/09\/27\/ucionice-manjinskih-jezika-pod-vedrim-nebom\/","title":{"rendered":"U\u010dionice manjinskih jezika pod vedrim nebom"},"content":{"rendered":"\n<figure class=\"wp-block-image size-large\"><img decoding=\"async\" width=\"724\" height=\"1024\" data-src=\"https:\/\/www.prva.hr\/wp-content\/uploads\/2024\/09\/UCIONICE-MANJINSKIH-JEZIKA-POD-VEDRIM-NEBOM-2024-724x1024.png\" alt=\"\" class=\"wp-image-18381 lazyload\" data-srcset=\"https:\/\/prva.hr\/wp-content\/uploads\/2024\/09\/UCIONICE-MANJINSKIH-JEZIKA-POD-VEDRIM-NEBOM-2024-724x1024.png 724w, https:\/\/prva.hr\/wp-content\/uploads\/2024\/09\/UCIONICE-MANJINSKIH-JEZIKA-POD-VEDRIM-NEBOM-2024-212x300.png 212w, https:\/\/prva.hr\/wp-content\/uploads\/2024\/09\/UCIONICE-MANJINSKIH-JEZIKA-POD-VEDRIM-NEBOM-2024-768x1086.png 768w, https:\/\/prva.hr\/wp-content\/uploads\/2024\/09\/UCIONICE-MANJINSKIH-JEZIKA-POD-VEDRIM-NEBOM-2024-1086x1536.png 1086w, https:\/\/prva.hr\/wp-content\/uploads\/2024\/09\/UCIONICE-MANJINSKIH-JEZIKA-POD-VEDRIM-NEBOM-2024-1448x2048.png 1448w, https:\/\/prva.hr\/wp-content\/uploads\/2024\/09\/UCIONICE-MANJINSKIH-JEZIKA-POD-VEDRIM-NEBOM-2024.png 1587w\" data-sizes=\"(max-width: 724px) 100vw, 724px\" src=\"data:image\/svg+xml;base64,PHN2ZyB3aWR0aD0iMSIgaGVpZ2h0PSIxIiB4bWxucz0iaHR0cDovL3d3dy53My5vcmcvMjAwMC9zdmciPjwvc3ZnPg==\" style=\"--smush-placeholder-width: 724px; --smush-placeholder-aspect-ratio: 724\/1024;\" \/><\/figure>\n\n\n\n<p>Dragi u\u010denici,<\/p>\n\n\n\n<p>u sklopu manifestacije Dana nacionalnih manjina Grada Zagreba i Europskog dana jezika u Zagrebu, pozivamo vas u subotu 28. rujna od 10,00 do 13,00 sati u park Zrinjevac na \u201eU\u010dionice manjinskog jezika pod vedrim nebom\u201c.<\/p>\n\n\n\n<p>S makedonskim jezikom \u0107e vas upoznati na\u0161a profesorica Ivana Brezovec i u\u010denici koji poha\u0111aju makedonski jezik i kulturu po modelu C u Prvoj gimnaziji.<\/p>\n\n\n\n<p>Nakon predstavljanja manjinskih jezika u 11,00 sati odr\u017eati \u0107e se i kulturno-umjetni\u010dki program koji izvode u\u010denici. Svi posjetitelji \u0107e mo\u0107i saznati detalje kada i gdje poha\u0111ati nastavu manjinskih jezika te saznati zanimljive informacije o tradicijama i kulturi na\u0161ih manjina uz pjesme, stihove, ples i jezi\u010dne igrokaze kojima \u0107e u\u010denici predstaviti svoju tradiciju, folklor i jezik.<\/p>\n\n\n\n<p>Obogatite ovaj doga\u0111aj svojim prisustvom i proslijedite poziv svojoj obitelji i prijateljima, upoznajte nas i provedite prekrasno jutro u parku Zrinjevac.<\/p>\n\n\n\n<p>*U\u010dionica manjinskih jezika je organizirana od Koordinacije vije\u0107a predstavnika nacionalne manjine Grada Zagreba u suradnji sa nastavnicima i profesorima koji izvode nastavu manjinskih jezika u osnovnim i srednjim \u0161kolama Grada Zagreba.<\/p>\n","protected":false},"excerpt":{"rendered":"<p>Dragi u\u010denici, u sklopu manifestacije Dana nacionalnih manjina Grada Zagreba i Europskog dana jezika u Zagrebu, pozivamo vas u subotu 28. rujna od 10,00 do 13,00 sati u park Zrinjevac na \u201eU\u010dionice manjinskog jezika pod vedrim nebom\u201c. S makedonskim jezikom \u0107e vas upoznati na\u0161a profesorica Ivana Brezovec i u\u010denici koji poha\u0111aju makedonski jezik i kulturu [&hellip;]<\/p>\n","protected":false},"author":11,"featured_media":0,"comment_status":"closed","ping_status":"0","sticky":false,"template":"","format":"standard","meta":{"_et_pb_use_builder":"","_et_pb_old_content":"","_et_gb_content_width":"","footnotes":""},"categories":[4],"tags":[],"class_list":["post-18380","post","type-post","status-publish","format-standard","hentry","category-najnovije-vijesti"],"_links":{"self":[{"href":"https:\/\/prva.hr\/index.php\/wp-json\/wp\/v2\/posts\/18380","targetHints":{"allow":["GET"]}}],"collection":[{"href":"https:\/\/prva.hr\/index.php\/wp-json\/wp\/v2\/posts"}],"about":[{"href":"https:\/\/prva.hr\/index.php\/wp-json\/wp\/v2\/types\/post"}],"author":[{"embeddable":true,"href":"https:\/\/prva.hr\/index.php\/wp-json\/wp\/v2\/users\/11"}],"replies":[{"embeddable":true,"href":"https:\/\/prva.hr\/index.php\/wp-json\/wp\/v2\/comments?post=18380"}],"version-history":[{"count":1,"href":"https:\/\/prva.hr\/index.php\/wp-json\/wp\/v2\/posts\/18380\/revisions"}],"predecessor-version":[{"id":18382,"href":"https:\/\/prva.hr\/index.php\/wp-json\/wp\/v2\/posts\/18380\/revisions\/18382"}],"wp:attachment":[{"href":"https:\/\/prva.hr\/index.php\/wp-json\/wp\/v2\/media?parent=18380"}],"wp:term":[{"taxonomy":"category","embeddable":true,"href":"https:\/\/prva.hr\/index.php\/wp-json\/wp\/v2\/categories?post=18380"},{"taxonomy":"post_tag","embeddable":true,"href":"https:\/\/prva.hr\/index.php\/wp-json\/wp\/v2\/tags?post=18380"}],"curies":[{"name":"wp","href":"https:\/\/api.w.org\/{rel}","templated":true}]}}