{"id":18418,"date":"2024-09-30T09:47:27","date_gmt":"2024-09-30T07:47:27","guid":{"rendered":"https:\/\/www.prva.hr\/?p=18418"},"modified":"2024-09-30T09:49:59","modified_gmt":"2024-09-30T07:49:59","slug":"likovna-radionica-moja-slika-prve","status":"publish","type":"post","link":"https:\/\/prva.hr\/index.php\/2024\/09\/30\/likovna-radionica-moja-slika-prve\/","title":{"rendered":"Likovna radionica &#8211; &#8220;Moja slika Prve&#8221;"},"content":{"rendered":"\n<p>Zavr\u0161ena je prva likovna radionica Moja slika Prve!<\/p>\n\n\n\n<p>U\u010denici koji su se odva\u017eili pogledati Prvu drugim o\u010dima dovr\u0161ili su svoje slike \u0161kole. Uz stru\u010dno vodstvo odradili su skiciranje po promatranju, a nakon toga nacrtali \u0161kolu u tehnici akrila. Zanimljivo je da je ve\u0107ina u\u010denika odabrala sjeverozapadni pogled na \u0161kolu, vjerojatno zato \u0161to i sami dolaze u \u0161kolu iz tog pravca. \u0160to je i kakva je Prva u o\u010dima drugih u\u010denika mo\u0107i \u0107emo saznati na budu\u0107im radionicama, a izvrsne radove ove grupe mo\u017eete pogledati u na\u0161oj knji\u017enici.<\/p>\n\n\n\n<figure class=\"wp-block-image size-large\"><img decoding=\"async\" width=\"768\" height=\"1024\" data-src=\"https:\/\/www.prva.hr\/wp-content\/uploads\/2024\/09\/IMG-20240925-WA0031-768x1024.jpg\" alt=\"\" class=\"wp-image-18419 lazyload\" data-srcset=\"https:\/\/prva.hr\/wp-content\/uploads\/2024\/09\/IMG-20240925-WA0031-768x1024.jpg 768w, https:\/\/prva.hr\/wp-content\/uploads\/2024\/09\/IMG-20240925-WA0031-225x300.jpg 225w, https:\/\/prva.hr\/wp-content\/uploads\/2024\/09\/IMG-20240925-WA0031-1152x1536.jpg 1152w, https:\/\/prva.hr\/wp-content\/uploads\/2024\/09\/IMG-20240925-WA0031.jpg 1500w\" data-sizes=\"(max-width: 768px) 100vw, 768px\" src=\"data:image\/svg+xml;base64,PHN2ZyB3aWR0aD0iMSIgaGVpZ2h0PSIxIiB4bWxucz0iaHR0cDovL3d3dy53My5vcmcvMjAwMC9zdmciPjwvc3ZnPg==\" style=\"--smush-placeholder-width: 768px; --smush-placeholder-aspect-ratio: 768\/1024;\" \/><\/figure>\n","protected":false},"excerpt":{"rendered":"<p>Zavr\u0161ena je prva likovna radionica Moja slika Prve! U\u010denici koji su se odva\u017eili pogledati Prvu drugim o\u010dima dovr\u0161ili su svoje slike \u0161kole. Uz stru\u010dno vodstvo odradili su skiciranje po promatranju, a nakon toga nacrtali \u0161kolu u tehnici akrila. Zanimljivo je da je ve\u0107ina u\u010denika odabrala sjeverozapadni pogled na \u0161kolu, vjerojatno zato \u0161to i sami dolaze [&hellip;]<\/p>\n","protected":false},"author":11,"featured_media":18423,"comment_status":"closed","ping_status":"0","sticky":false,"template":"","format":"standard","meta":{"_et_pb_use_builder":"","_et_pb_old_content":"","_et_gb_content_width":"","footnotes":""},"categories":[6,4],"tags":[],"class_list":["post-18418","post","type-post","status-publish","format-standard","has-post-thumbnail","hentry","category-aktualna-dogadanja","category-najnovije-vijesti"],"_links":{"self":[{"href":"https:\/\/prva.hr\/index.php\/wp-json\/wp\/v2\/posts\/18418","targetHints":{"allow":["GET"]}}],"collection":[{"href":"https:\/\/prva.hr\/index.php\/wp-json\/wp\/v2\/posts"}],"about":[{"href":"https:\/\/prva.hr\/index.php\/wp-json\/wp\/v2\/types\/post"}],"author":[{"embeddable":true,"href":"https:\/\/prva.hr\/index.php\/wp-json\/wp\/v2\/users\/11"}],"replies":[{"embeddable":true,"href":"https:\/\/prva.hr\/index.php\/wp-json\/wp\/v2\/comments?post=18418"}],"version-history":[{"count":2,"href":"https:\/\/prva.hr\/index.php\/wp-json\/wp\/v2\/posts\/18418\/revisions"}],"predecessor-version":[{"id":18425,"href":"https:\/\/prva.hr\/index.php\/wp-json\/wp\/v2\/posts\/18418\/revisions\/18425"}],"wp:featuredmedia":[{"embeddable":true,"href":"https:\/\/prva.hr\/index.php\/wp-json\/wp\/v2\/media\/18423"}],"wp:attachment":[{"href":"https:\/\/prva.hr\/index.php\/wp-json\/wp\/v2\/media?parent=18418"}],"wp:term":[{"taxonomy":"category","embeddable":true,"href":"https:\/\/prva.hr\/index.php\/wp-json\/wp\/v2\/categories?post=18418"},{"taxonomy":"post_tag","embeddable":true,"href":"https:\/\/prva.hr\/index.php\/wp-json\/wp\/v2\/tags?post=18418"}],"curies":[{"name":"wp","href":"https:\/\/api.w.org\/{rel}","templated":true}]}}