{"id":18542,"date":"2024-10-10T16:25:49","date_gmt":"2024-10-10T14:25:49","guid":{"rendered":"https:\/\/www.prva.hr\/?p=18542"},"modified":"2024-10-10T16:25:55","modified_gmt":"2024-10-10T14:25:55","slug":"projektni-tjedan-19-21-i-22-studenog-2024","status":"publish","type":"post","link":"https:\/\/prva.hr\/index.php\/2024\/10\/10\/projektni-tjedan-19-21-i-22-studenog-2024\/","title":{"rendered":"Projektni tjedan (19., 21. i 22. studenog 2024.)"},"content":{"rendered":"\n<p>Tema ovogodi\u0161njeg projektnog tjedna I. gimnazije je <strong>19. STOLJE\u0106E \u2013 STOLJE\u0106E OSNUTKA. <\/strong>Projektni tjedan odr\u017eat \u0107e se 19., 21. i 22. studenoga i u njemu sudjeluju svi u\u010denici. Popis ponu\u0111enih projekata kao i kratki opis svakog od njih mo\u017eete pogledati&nbsp;<a href=\"https:\/\/www.prva.hr\/wp-content\/uploads\/2024\/10\/Projektni-tjedan-2024.pdf\" data-type=\"URL\" data-id=\"https:\/\/www.prva.hr\/wp-content\/uploads\/2024\/10\/Projektni-tjedan-2024.pdf\" target=\"_blank\" rel=\"noreferrer noopener\">ovdje.<\/a><\/p>\n\n\n\n<p>Prijave \u0107e biti mogu\u0107e od idu\u0107eg tjedna o \u010demu \u0107e u\u010denici biti dodatno obavje\u0161teni.<\/p>\n","protected":false},"excerpt":{"rendered":"<p>Tema ovogodi\u0161njeg projektnog tjedna I. gimnazije je 19. STOLJE\u0106E \u2013 STOLJE\u0106E OSNUTKA. Projektni tjedan odr\u017eat \u0107e se 19., 21. i 22. studenoga i u njemu sudjeluju svi u\u010denici. Popis ponu\u0111enih projekata kao i kratki opis svakog od njih mo\u017eete pogledati&nbsp;ovdje. Prijave \u0107e biti mogu\u0107e od idu\u0107eg tjedna o \u010demu \u0107e u\u010denici biti dodatno obavje\u0161teni.<\/p>\n","protected":false},"author":7,"featured_media":0,"comment_status":"closed","ping_status":"0","sticky":false,"template":"","format":"standard","meta":{"_et_pb_use_builder":"","_et_pb_old_content":"","_et_gb_content_width":"","footnotes":""},"categories":[6,4,1],"tags":[],"class_list":["post-18542","post","type-post","status-publish","format-standard","hentry","category-aktualna-dogadanja","category-najnovije-vijesti","category-nekategorizirano"],"_links":{"self":[{"href":"https:\/\/prva.hr\/index.php\/wp-json\/wp\/v2\/posts\/18542","targetHints":{"allow":["GET"]}}],"collection":[{"href":"https:\/\/prva.hr\/index.php\/wp-json\/wp\/v2\/posts"}],"about":[{"href":"https:\/\/prva.hr\/index.php\/wp-json\/wp\/v2\/types\/post"}],"author":[{"embeddable":true,"href":"https:\/\/prva.hr\/index.php\/wp-json\/wp\/v2\/users\/7"}],"replies":[{"embeddable":true,"href":"https:\/\/prva.hr\/index.php\/wp-json\/wp\/v2\/comments?post=18542"}],"version-history":[{"count":4,"href":"https:\/\/prva.hr\/index.php\/wp-json\/wp\/v2\/posts\/18542\/revisions"}],"predecessor-version":[{"id":18558,"href":"https:\/\/prva.hr\/index.php\/wp-json\/wp\/v2\/posts\/18542\/revisions\/18558"}],"wp:attachment":[{"href":"https:\/\/prva.hr\/index.php\/wp-json\/wp\/v2\/media?parent=18542"}],"wp:term":[{"taxonomy":"category","embeddable":true,"href":"https:\/\/prva.hr\/index.php\/wp-json\/wp\/v2\/categories?post=18542"},{"taxonomy":"post_tag","embeddable":true,"href":"https:\/\/prva.hr\/index.php\/wp-json\/wp\/v2\/tags?post=18542"}],"curies":[{"name":"wp","href":"https:\/\/api.w.org\/{rel}","templated":true}]}}