{"id":1892,"date":"2017-10-05T15:00:20","date_gmt":"2017-10-05T13:00:20","guid":{"rendered":"http:\/\/www.prva.hr\/?p=1892"},"modified":"2017-10-05T15:27:40","modified_gmt":"2017-10-05T13:27:40","slug":"odrzavanje-7-medunarodnog-sajma-skolovanja-u-inozemstvu","status":"publish","type":"post","link":"https:\/\/prva.hr\/index.php\/2017\/10\/05\/odrzavanje-7-medunarodnog-sajma-skolovanja-u-inozemstvu\/","title":{"rendered":"Odr\u017eavanje 7. Me\u0111unarodnog sajma \u0161kolovanja u inozemstvu"},"content":{"rendered":"<p><strong>6. i 7. 10. 2017. <\/strong>u\u00a0<strong>hotelu Sheraton<\/strong>\u00a0u Zagrebu odr\u017eat \u0107e se<strong>\u00a07. Me\u0111unarodni sajam \u0161kolovanja u inozemstvu<\/strong>\u00a0u organizaciji BHV Education.<\/p>\n<p>Na sajmu \u0107e se predstaviti 30 inozemnih sveu\u010dili\u0161ta, srednjih \u0161kola i \u0161kola stranih jezika te 20 doma\u0107ih obrazovnih institucija koje provode Erasmus+ programe me\u0111unarodne razmjene. U\u010denici \u0107e se, kao i svi drugi posjetitelji, na licu mjesta mo\u0107i informirati o stipendijama i mogu\u0107nosti besplatnog studija u odre\u0111enim zemljama Europske Unije te dobiti korisne informacije o dostupnim studentskim kreditima.<\/p>\n<p>Svi\u00a0 programi BHV odobreni su od Ministarstva znanosti i obrazovanja Republike Hrvatske.<\/p>\n<p><strong>\u00a0<\/strong><strong>Detaljnije informacije te raspored prezentacija i radionica mo\u017eete prona\u0107i na poveznici:<\/strong><\/p>\n<p><a href=\"http:\/\/www.bhv.hr\/news.php?s=dani-mobilnost-edukacija-sajam-skolovanje-inozemstvo\" data-saferedirecturl=\"https:\/\/www.google.com\/url?hl=hr&amp;q=http:\/\/www.bhv.hr\/news.php?s%3Ddani-mobilnost-edukacija-sajam-skolovanje-inozemstvo&amp;source=gmail&amp;ust=1507294305056000&amp;usg=AFQjCNHd32PCwPg4ptvYGrk-ahmi0FmClw\">http:\/\/www.bhv.hr\/news.php?s=dani-mobilnost-edukacija-sajam-skolovanje-inozemstvo<\/a><\/p>\n<p><strong>Obavezna registracija za u\u010denike na poveznici:<\/strong><\/p>\n<p><a href=\"http:\/\/www.bhv.hr\/registracija2017.php\" data-saferedirecturl=\"https:\/\/www.google.com\/url?hl=hr&amp;q=http:\/\/www.bhv.hr\/registracija2017.php&amp;source=gmail&amp;ust=1507294305056000&amp;usg=AFQjCNEC2qGOQUnAVulhGmgqRKZI0DDyzw\">http:\/\/www.bhv.hr\/registracija2017.php<\/a><\/p>\n<p>&nbsp;<\/p>\n<p>&nbsp;<\/p>\n","protected":false},"excerpt":{"rendered":"<p>6. i 7. 10. 2017. u\u00a0hotelu Sheraton\u00a0u Zagrebu odr\u017eat \u0107e se\u00a07. Me\u0111unarodni sajam \u0161kolovanja u inozemstvu\u00a0u organizaciji BHV Education. Na sajmu \u0107e se predstaviti 30 inozemnih sveu\u010dili\u0161ta, srednjih \u0161kola i \u0161kola stranih jezika te 20 doma\u0107ih obrazovnih institucija koje provode Erasmus+ programe me\u0111unarodne razmjene. U\u010denici \u0107e se, kao i svi drugi posjetitelji, na licu mjesta [&hellip;]<\/p>\n","protected":false},"author":6,"featured_media":0,"comment_status":"closed","ping_status":"closed","sticky":false,"template":"","format":"standard","meta":{"_et_pb_use_builder":"","_et_pb_old_content":"","_et_gb_content_width":"","footnotes":""},"categories":[14],"tags":[],"class_list":["post-1892","post","type-post","status-publish","format-standard","hentry","category-dogadanja-izvan-skole"],"_links":{"self":[{"href":"https:\/\/prva.hr\/index.php\/wp-json\/wp\/v2\/posts\/1892","targetHints":{"allow":["GET"]}}],"collection":[{"href":"https:\/\/prva.hr\/index.php\/wp-json\/wp\/v2\/posts"}],"about":[{"href":"https:\/\/prva.hr\/index.php\/wp-json\/wp\/v2\/types\/post"}],"author":[{"embeddable":true,"href":"https:\/\/prva.hr\/index.php\/wp-json\/wp\/v2\/users\/6"}],"replies":[{"embeddable":true,"href":"https:\/\/prva.hr\/index.php\/wp-json\/wp\/v2\/comments?post=1892"}],"version-history":[{"count":1,"href":"https:\/\/prva.hr\/index.php\/wp-json\/wp\/v2\/posts\/1892\/revisions"}],"predecessor-version":[{"id":1893,"href":"https:\/\/prva.hr\/index.php\/wp-json\/wp\/v2\/posts\/1892\/revisions\/1893"}],"wp:attachment":[{"href":"https:\/\/prva.hr\/index.php\/wp-json\/wp\/v2\/media?parent=1892"}],"wp:term":[{"taxonomy":"category","embeddable":true,"href":"https:\/\/prva.hr\/index.php\/wp-json\/wp\/v2\/categories?post=1892"},{"taxonomy":"post_tag","embeddable":true,"href":"https:\/\/prva.hr\/index.php\/wp-json\/wp\/v2\/tags?post=1892"}],"curies":[{"name":"wp","href":"https:\/\/api.w.org\/{rel}","templated":true}]}}