{"id":19286,"date":"2025-01-13T11:06:40","date_gmt":"2025-01-13T10:06:40","guid":{"rendered":"https:\/\/www.prva.hr\/?p=19286"},"modified":"2025-02-03T15:16:02","modified_gmt":"2025-02-03T14:16:02","slug":"jubilarno-prva-170-godina-znanja-i-uspomena-2","status":"publish","type":"post","link":"https:\/\/prva.hr\/index.php\/2025\/01\/13\/jubilarno-prva-170-godina-znanja-i-uspomena-2\/","title":{"rendered":"Jubilarno, Prva! 170 godina znanja i uspomena"},"content":{"rendered":"\n<p>Nakon \u0161to je 14. listopada 1895. car Franjo Josip I. sve\u010dano otvorio novu zgradu Hrvatskog narodnog kazali\u0161ta u Zagrebu, sljede\u0107eg je dana, ni\u0161ta manje sve\u010dano, otvorio i novu \u0161kolsku zgradu Prve gimnazije (dana\u0161nji Muzej Mimara). Od te je povijesne zgode pro\u0161lo stotinu i sedamdeset godina u kojima su pri\u010du o ovoj \u0161koli ispisivale tisu\u0107e u\u010denika i u\u010ditelja zajedno s Prelogom, Cesari\u0107em, Krambergerom i drugim velikanima.<\/p>\n\n\n\n<p>U sred slavljeni\u010dkog tjedna, u srijedu, 20. studenoga 2024. godine, Prva je gimnazija sve\u010danom akademijom upravo u Hrvatskom narodnom kazali\u0161tu obilje\u017eila 170. godi\u0161njicu svoga osnutka. Kao sredi\u0161nji doga\u0111aj proslave, kojem je izme\u0111u ostalih visokih gostiju prisustvovao i predsjednik Republike Hrvatske Zoran Milanovi\u0107, ina\u010de biv\u0161i u\u010denik, sve\u010dana je akademija odu\u0161evila prisutne bogatstvom talenata sada\u0161njih u\u010denika. Prikazane su sve boje Prve. Sve\u010dani ton \u0161kolskog djevoja\u010dkog zbora, vje\u0161tine glazbenika u individualnim izvedbama, glumaca i voditelja. Od filma o sje\u0107anjima na Prvu koji je na osobit na\u010din povezao generacije kroz povijest, sve do \u0161kolskih bendova koju su na rotiraju\u0107oj pozornici Kazali\u0161ta prikazali pravu eksploziju mladena\u010dke energije. Mene je akademija, naslonjenog na ogradu kazali\u0161ne lo\u017ee kao na rub pro\u0161losti koja je upravo postala moja, podsjetila na razloge zbog kojih sam ovdje gdje jesam.<\/p>\n\n\n\n<p>Taj je nastavni tjedan pod krovnom temom <em>19. stolje\u0107e \u2013 stolje\u0107e osnutka<\/em> u\u010denicima ponudio 18 razli\u010ditih projekata vezanih uz \u017eivot, znanost i umjetnost 19. stolje\u0107a, ali i uz identitet Prve gimnazije obra\u0111uju\u0107i rad i djelo njenih istaknutih u\u010denika i profesora (poput Franje Bu\u010dara ili Dragutina Gorjanovi\u0107a Krambergera). Zadnjeg dana toga tjedna, u petak, 22. 11. 2024., okupila se sada\u0161nja \u0161kolska obitelj. Odr\u017eani su roditeljski sastanci nakon kojih je uslijedila svojevrsna \u0161etnja kroz rezultate ovih projekata, a tu su roditelji izme\u0111u ostaloga mogli posjetiti umjetni\u010dki salon, prou\u010diti do detalja novooformljeni periodni sustav elemenata, sudjelovati u domi\u0161ljatom kvizu, upoznati neobi\u010dne onda\u0161nje odgojne metode, ali i susresti kostimirane likove te prolistati novine iz 19. stolje\u0107a. Bila je to prilika i za pjeva\u010dki zbor profesora koji se pjesmom obratio prvogimnazijalcima, svojim u\u010denicima i tako ovaj poseban tjedan zaokru\u017eio porukom: <em>\u010cuva vas vje\u010dno va\u0161a Prva gimnazija<\/em>. Poruka je to svim sada\u0161njim, ali i biv\u0161im u\u010denicima koji su pro\u0161li hodnicima Prve.<\/p>\n\n\n\n<p>Uz obilje\u017eavanje obljetnice, \u0160kola je izdala \u010dak dvije publikacije. Prva je <em>170 godina u 170 slika<\/em>, fotomonografija sa upravo 170 slika i popratnih sje\u0107anja na Prvu gimnaziju i njenu bogatu povijest. Druga je <em>Ljetografija 2014. \u2013 2024. <\/em>koja predstavlja pregled najva\u017enijih doga\u0111anja u Prvoj gimnaziji u proteklih 10 godina. Tako je promocija ovih publikacija, odr\u017eana u srijedu, 27. studenog 2024., bila prilika za okupljanje zainteresiranih biv\u0161ih u\u010denika mnogih generacija koji su \u010dinili publiku dok su urednici predstavljali publikacije. Na taj na\u010din objedinjeni su i uklju\u010deni svi, u\u010denici sada\u0161nji i biv\u0161i, djelatnici svih generacija, roditelji i prijatelji \u0160kole.<\/p>\n\n\n\n<p>Duh Prve razasut je u svijetu i vremenu. Ona \u017eivi u svima koji je zovu svojom. \u017divi u slavi napamet nau\u010denog stiha, u zaboravljenim simpatijama \u0161kolskih dana, u sjetnom sje\u0107anju na one koji vi\u0161e nisu s nama. \u017divi u glasnom smijehu prijatelja iz klupe, u uspomenama na nesta\u0161luke pametne i glupe, u ponosu na ono \u0161to je bilo i \u0161to jest. Tako \u017eivi i u meni. I jo\u0161 je puno mjesta ostalo u velikom srcu Prve. Stoga, \u017eivjelo znanje! A tako i uspomene.<\/p>\n\n\n\n<p><\/p>\n\n\n\n<p>Galeriju fotografija mo\u017eete pogledati <a rel=\"noreferrer noopener\" href=\"https:\/\/drive.google.com\/drive\/folders\/1VmdEhLcJfu_l0114roK2lVY-klmS6P0s?usp=sharing\" data-type=\"URL\" data-id=\"https:\/\/drive.google.com\/drive\/folders\/1VmdEhLcJfu_l0114roK2lVY-klmS6P0s?usp=sharing\" target=\"_blank\">ovdje.<\/a><\/p>\n\n\n\n<p>Snimku cijele sve\u010danosti u HNK-u mo\u017eete pogledati <a href=\"https:\/\/youtu.be\/Mp2EpusBuxI?si=dnd4mZTgS44ZjeQ8\" data-type=\"URL\" data-id=\"https:\/\/youtu.be\/Mp2EpusBuxI?si=dnd4mZTgS44ZjeQ8\" target=\"_blank\" rel=\"noreferrer noopener\">ovdje.<\/a><\/p>\n\n\n\n<p><\/p>\n\n\n\n<figure class=\"wp-block-gallery has-nested-images columns-default is-cropped wp-block-gallery-1 is-layout-flex wp-block-gallery-is-layout-flex\">\n<figure class=\"wp-block-image size-large\"><img decoding=\"async\" width=\"1024\" height=\"731\" data-id=\"19291\" data-src=\"https:\/\/www.prva.hr\/wp-content\/uploads\/2025\/01\/1941_optimized-1024x731.jpg\" alt=\"\" class=\"wp-image-19291 lazyload\" data-srcset=\"https:\/\/prva.hr\/wp-content\/uploads\/2025\/01\/1941_optimized-1024x731.jpg 1024w, https:\/\/prva.hr\/wp-content\/uploads\/2025\/01\/1941_optimized-300x214.jpg 300w, https:\/\/prva.hr\/wp-content\/uploads\/2025\/01\/1941_optimized-768x548.jpg 768w, https:\/\/prva.hr\/wp-content\/uploads\/2025\/01\/1941_optimized-1536x1096.jpg 1536w, https:\/\/prva.hr\/wp-content\/uploads\/2025\/01\/1941_optimized-2048x1461.jpg 2048w, https:\/\/prva.hr\/wp-content\/uploads\/2025\/01\/1941_optimized-400x285.jpg 400w\" data-sizes=\"(max-width: 1024px) 100vw, 1024px\" src=\"data:image\/svg+xml;base64,PHN2ZyB3aWR0aD0iMSIgaGVpZ2h0PSIxIiB4bWxucz0iaHR0cDovL3d3dy53My5vcmcvMjAwMC9zdmciPjwvc3ZnPg==\" style=\"--smush-placeholder-width: 1024px; --smush-placeholder-aspect-ratio: 1024\/731;\" \/><\/figure>\n\n\n\n<figure class=\"wp-block-image size-large\"><img decoding=\"async\" width=\"731\" height=\"1024\" data-id=\"19292\" data-src=\"https:\/\/www.prva.hr\/wp-content\/uploads\/2025\/01\/1990_optimized-731x1024.jpg\" alt=\"\" class=\"wp-image-19292 lazyload\" data-srcset=\"https:\/\/prva.hr\/wp-content\/uploads\/2025\/01\/1990_optimized-731x1024.jpg 731w, https:\/\/prva.hr\/wp-content\/uploads\/2025\/01\/1990_optimized-214x300.jpg 214w, https:\/\/prva.hr\/wp-content\/uploads\/2025\/01\/1990_optimized-768x1076.jpg 768w, https:\/\/prva.hr\/wp-content\/uploads\/2025\/01\/1990_optimized-1096x1536.jpg 1096w, https:\/\/prva.hr\/wp-content\/uploads\/2025\/01\/1990_optimized-1461x2048.jpg 1461w, https:\/\/prva.hr\/wp-content\/uploads\/2025\/01\/1990_optimized-scaled.jpg 1827w\" data-sizes=\"(max-width: 731px) 100vw, 731px\" src=\"data:image\/svg+xml;base64,PHN2ZyB3aWR0aD0iMSIgaGVpZ2h0PSIxIiB4bWxucz0iaHR0cDovL3d3dy53My5vcmcvMjAwMC9zdmciPjwvc3ZnPg==\" style=\"--smush-placeholder-width: 731px; --smush-placeholder-aspect-ratio: 731\/1024;\" \/><\/figure>\n\n\n\n<figure class=\"wp-block-image size-large\"><img decoding=\"async\" width=\"731\" height=\"1024\" data-id=\"19297\" data-src=\"https:\/\/www.prva.hr\/wp-content\/uploads\/2025\/01\/7973_optimized-731x1024.jpg\" alt=\"\" class=\"wp-image-19297 lazyload\" data-srcset=\"https:\/\/prva.hr\/wp-content\/uploads\/2025\/01\/7973_optimized-731x1024.jpg 731w, https:\/\/prva.hr\/wp-content\/uploads\/2025\/01\/7973_optimized-214x300.jpg 214w, https:\/\/prva.hr\/wp-content\/uploads\/2025\/01\/7973_optimized-768x1076.jpg 768w, https:\/\/prva.hr\/wp-content\/uploads\/2025\/01\/7973_optimized-1096x1536.jpg 1096w, https:\/\/prva.hr\/wp-content\/uploads\/2025\/01\/7973_optimized-1461x2048.jpg 1461w, https:\/\/prva.hr\/wp-content\/uploads\/2025\/01\/7973_optimized-scaled.jpg 1827w\" data-sizes=\"(max-width: 731px) 100vw, 731px\" src=\"data:image\/svg+xml;base64,PHN2ZyB3aWR0aD0iMSIgaGVpZ2h0PSIxIiB4bWxucz0iaHR0cDovL3d3dy53My5vcmcvMjAwMC9zdmciPjwvc3ZnPg==\" style=\"--smush-placeholder-width: 731px; --smush-placeholder-aspect-ratio: 731\/1024;\" \/><\/figure>\n\n\n\n<figure class=\"wp-block-image size-large\"><img decoding=\"async\" width=\"731\" height=\"1024\" data-id=\"19293\" data-src=\"https:\/\/www.prva.hr\/wp-content\/uploads\/2025\/01\/8229_optimized-731x1024.jpg\" alt=\"\" class=\"wp-image-19293 lazyload\" data-srcset=\"https:\/\/prva.hr\/wp-content\/uploads\/2025\/01\/8229_optimized-731x1024.jpg 731w, https:\/\/prva.hr\/wp-content\/uploads\/2025\/01\/8229_optimized-214x300.jpg 214w, https:\/\/prva.hr\/wp-content\/uploads\/2025\/01\/8229_optimized-768x1076.jpg 768w, https:\/\/prva.hr\/wp-content\/uploads\/2025\/01\/8229_optimized-1096x1536.jpg 1096w, https:\/\/prva.hr\/wp-content\/uploads\/2025\/01\/8229_optimized-1462x2048.jpg 1462w, https:\/\/prva.hr\/wp-content\/uploads\/2025\/01\/8229_optimized-scaled.jpg 1827w\" data-sizes=\"(max-width: 731px) 100vw, 731px\" src=\"data:image\/svg+xml;base64,PHN2ZyB3aWR0aD0iMSIgaGVpZ2h0PSIxIiB4bWxucz0iaHR0cDovL3d3dy53My5vcmcvMjAwMC9zdmciPjwvc3ZnPg==\" style=\"--smush-placeholder-width: 731px; --smush-placeholder-aspect-ratio: 731\/1024;\" \/><\/figure>\n\n\n\n<figure class=\"wp-block-image size-large\"><img decoding=\"async\" width=\"731\" height=\"1024\" data-id=\"19299\" data-src=\"https:\/\/www.prva.hr\/wp-content\/uploads\/2025\/01\/7988_optimized-731x1024.jpg\" alt=\"\" class=\"wp-image-19299 lazyload\" data-srcset=\"https:\/\/prva.hr\/wp-content\/uploads\/2025\/01\/7988_optimized-731x1024.jpg 731w, https:\/\/prva.hr\/wp-content\/uploads\/2025\/01\/7988_optimized-214x300.jpg 214w, https:\/\/prva.hr\/wp-content\/uploads\/2025\/01\/7988_optimized-768x1076.jpg 768w, https:\/\/prva.hr\/wp-content\/uploads\/2025\/01\/7988_optimized-1096x1536.jpg 1096w, https:\/\/prva.hr\/wp-content\/uploads\/2025\/01\/7988_optimized-1461x2048.jpg 1461w, https:\/\/prva.hr\/wp-content\/uploads\/2025\/01\/7988_optimized-scaled.jpg 1827w\" data-sizes=\"(max-width: 731px) 100vw, 731px\" src=\"data:image\/svg+xml;base64,PHN2ZyB3aWR0aD0iMSIgaGVpZ2h0PSIxIiB4bWxucz0iaHR0cDovL3d3dy53My5vcmcvMjAwMC9zdmciPjwvc3ZnPg==\" style=\"--smush-placeholder-width: 731px; --smush-placeholder-aspect-ratio: 731\/1024;\" \/><\/figure>\n\n\n\n<figure class=\"wp-block-image size-large\"><img decoding=\"async\" width=\"1024\" height=\"731\" data-id=\"19296\" data-src=\"https:\/\/www.prva.hr\/wp-content\/uploads\/2025\/01\/8300_optimized-1024x731.jpg\" alt=\"\" class=\"wp-image-19296 lazyload\" data-srcset=\"https:\/\/prva.hr\/wp-content\/uploads\/2025\/01\/8300_optimized-1024x731.jpg 1024w, https:\/\/prva.hr\/wp-content\/uploads\/2025\/01\/8300_optimized-300x214.jpg 300w, https:\/\/prva.hr\/wp-content\/uploads\/2025\/01\/8300_optimized-768x548.jpg 768w, https:\/\/prva.hr\/wp-content\/uploads\/2025\/01\/8300_optimized-1536x1096.jpg 1536w, https:\/\/prva.hr\/wp-content\/uploads\/2025\/01\/8300_optimized-2048x1462.jpg 2048w, https:\/\/prva.hr\/wp-content\/uploads\/2025\/01\/8300_optimized-400x285.jpg 400w\" data-sizes=\"(max-width: 1024px) 100vw, 1024px\" src=\"data:image\/svg+xml;base64,PHN2ZyB3aWR0aD0iMSIgaGVpZ2h0PSIxIiB4bWxucz0iaHR0cDovL3d3dy53My5vcmcvMjAwMC9zdmciPjwvc3ZnPg==\" style=\"--smush-placeholder-width: 1024px; --smush-placeholder-aspect-ratio: 1024\/731;\" \/><\/figure>\n\n\n\n<figure class=\"wp-block-image size-large\"><img decoding=\"async\" width=\"731\" height=\"1024\" data-id=\"19294\" data-src=\"https:\/\/www.prva.hr\/wp-content\/uploads\/2025\/01\/8236_optimized-731x1024.jpg\" alt=\"\" class=\"wp-image-19294 lazyload\" data-srcset=\"https:\/\/prva.hr\/wp-content\/uploads\/2025\/01\/8236_optimized-731x1024.jpg 731w, https:\/\/prva.hr\/wp-content\/uploads\/2025\/01\/8236_optimized-214x300.jpg 214w, https:\/\/prva.hr\/wp-content\/uploads\/2025\/01\/8236_optimized-768x1076.jpg 768w, https:\/\/prva.hr\/wp-content\/uploads\/2025\/01\/8236_optimized-1096x1536.jpg 1096w, https:\/\/prva.hr\/wp-content\/uploads\/2025\/01\/8236_optimized-1461x2048.jpg 1461w, https:\/\/prva.hr\/wp-content\/uploads\/2025\/01\/8236_optimized-scaled.jpg 1827w\" data-sizes=\"(max-width: 731px) 100vw, 731px\" src=\"data:image\/svg+xml;base64,PHN2ZyB3aWR0aD0iMSIgaGVpZ2h0PSIxIiB4bWxucz0iaHR0cDovL3d3dy53My5vcmcvMjAwMC9zdmciPjwvc3ZnPg==\" style=\"--smush-placeholder-width: 731px; --smush-placeholder-aspect-ratio: 731\/1024;\" \/><\/figure>\n\n\n\n<figure class=\"wp-block-image size-large\"><img decoding=\"async\" width=\"1024\" height=\"731\" data-id=\"19295\" data-src=\"https:\/\/www.prva.hr\/wp-content\/uploads\/2025\/01\/8260_optimized-1024x731.jpg\" alt=\"\" class=\"wp-image-19295 lazyload\" data-srcset=\"https:\/\/prva.hr\/wp-content\/uploads\/2025\/01\/8260_optimized-1024x731.jpg 1024w, https:\/\/prva.hr\/wp-content\/uploads\/2025\/01\/8260_optimized-300x214.jpg 300w, https:\/\/prva.hr\/wp-content\/uploads\/2025\/01\/8260_optimized-768x548.jpg 768w, https:\/\/prva.hr\/wp-content\/uploads\/2025\/01\/8260_optimized-1536x1096.jpg 1536w, https:\/\/prva.hr\/wp-content\/uploads\/2025\/01\/8260_optimized-2048x1461.jpg 2048w, https:\/\/prva.hr\/wp-content\/uploads\/2025\/01\/8260_optimized-400x285.jpg 400w\" data-sizes=\"(max-width: 1024px) 100vw, 1024px\" src=\"data:image\/svg+xml;base64,PHN2ZyB3aWR0aD0iMSIgaGVpZ2h0PSIxIiB4bWxucz0iaHR0cDovL3d3dy53My5vcmcvMjAwMC9zdmciPjwvc3ZnPg==\" style=\"--smush-placeholder-width: 1024px; --smush-placeholder-aspect-ratio: 1024\/731;\" \/><\/figure>\n\n\n\n<figure class=\"wp-block-image size-large\"><img decoding=\"async\" width=\"1024\" height=\"730\" data-id=\"19298\" data-src=\"https:\/\/www.prva.hr\/wp-content\/uploads\/2025\/01\/8220_optimized-1024x730.jpg\" alt=\"\" class=\"wp-image-19298 lazyload\" data-srcset=\"https:\/\/prva.hr\/wp-content\/uploads\/2025\/01\/8220_optimized-1024x730.jpg 1024w, https:\/\/prva.hr\/wp-content\/uploads\/2025\/01\/8220_optimized-300x214.jpg 300w, https:\/\/prva.hr\/wp-content\/uploads\/2025\/01\/8220_optimized-768x548.jpg 768w, https:\/\/prva.hr\/wp-content\/uploads\/2025\/01\/8220_optimized-1536x1096.jpg 1536w, https:\/\/prva.hr\/wp-content\/uploads\/2025\/01\/8220_optimized-2048x1461.jpg 2048w, https:\/\/prva.hr\/wp-content\/uploads\/2025\/01\/8220_optimized-400x285.jpg 400w\" data-sizes=\"(max-width: 1024px) 100vw, 1024px\" src=\"data:image\/svg+xml;base64,PHN2ZyB3aWR0aD0iMSIgaGVpZ2h0PSIxIiB4bWxucz0iaHR0cDovL3d3dy53My5vcmcvMjAwMC9zdmciPjwvc3ZnPg==\" style=\"--smush-placeholder-width: 1024px; --smush-placeholder-aspect-ratio: 1024\/730;\" \/><\/figure>\n<\/figure>\n","protected":false},"excerpt":{"rendered":"<p>Nakon \u0161to je 14. listopada 1895. car Franjo Josip I. sve\u010dano otvorio novu zgradu Hrvatskog narodnog kazali\u0161ta u Zagrebu, sljede\u0107eg je dana, ni\u0161ta manje sve\u010dano, otvorio i novu \u0161kolsku zgradu Prve gimnazije (dana\u0161nji Muzej Mimara). Od te je povijesne zgode pro\u0161lo stotinu i sedamdeset godina u kojima su pri\u010du o ovoj \u0161koli ispisivale tisu\u0107e u\u010denika [&hellip;]<\/p>\n","protected":false},"author":7,"featured_media":19303,"comment_status":"closed","ping_status":"0","sticky":false,"template":"","format":"standard","meta":{"_et_pb_use_builder":"","_et_pb_old_content":"","_et_gb_content_width":"","footnotes":""},"categories":[12,6,4],"tags":[],"class_list":["post-19286","post","type-post","status-publish","format-standard","has-post-thumbnail","hentry","category-osvrti","category-aktualna-dogadanja","category-najnovije-vijesti"],"_links":{"self":[{"href":"https:\/\/prva.hr\/index.php\/wp-json\/wp\/v2\/posts\/19286","targetHints":{"allow":["GET"]}}],"collection":[{"href":"https:\/\/prva.hr\/index.php\/wp-json\/wp\/v2\/posts"}],"about":[{"href":"https:\/\/prva.hr\/index.php\/wp-json\/wp\/v2\/types\/post"}],"author":[{"embeddable":true,"href":"https:\/\/prva.hr\/index.php\/wp-json\/wp\/v2\/users\/7"}],"replies":[{"embeddable":true,"href":"https:\/\/prva.hr\/index.php\/wp-json\/wp\/v2\/comments?post=19286"}],"version-history":[{"count":3,"href":"https:\/\/prva.hr\/index.php\/wp-json\/wp\/v2\/posts\/19286\/revisions"}],"predecessor-version":[{"id":19535,"href":"https:\/\/prva.hr\/index.php\/wp-json\/wp\/v2\/posts\/19286\/revisions\/19535"}],"wp:featuredmedia":[{"embeddable":true,"href":"https:\/\/prva.hr\/index.php\/wp-json\/wp\/v2\/media\/19303"}],"wp:attachment":[{"href":"https:\/\/prva.hr\/index.php\/wp-json\/wp\/v2\/media?parent=19286"}],"wp:term":[{"taxonomy":"category","embeddable":true,"href":"https:\/\/prva.hr\/index.php\/wp-json\/wp\/v2\/categories?post=19286"},{"taxonomy":"post_tag","embeddable":true,"href":"https:\/\/prva.hr\/index.php\/wp-json\/wp\/v2\/tags?post=19286"}],"curies":[{"name":"wp","href":"https:\/\/api.w.org\/{rel}","templated":true}]}}