{"id":1957,"date":"2017-10-16T10:19:53","date_gmt":"2017-10-16T08:19:53","guid":{"rendered":"http:\/\/www.prva.hr\/?p=1957"},"modified":"2017-10-16T10:19:53","modified_gmt":"2017-10-16T08:19:53","slug":"plus-zagreb-film-festival-11-19-studenog-2017","status":"publish","type":"post","link":"https:\/\/prva.hr\/index.php\/2017\/10\/16\/plus-zagreb-film-festival-11-19-studenog-2017\/","title":{"rendered":"PLUS &#8211; ZAGREB FILM FESTIVAL, 11.-19. studenog 2017."},"content":{"rendered":"<p style=\"text-align: center;\"><strong>PLUS<\/strong><br \/>\n<strong>&#8211; filmski program mladih za mlade &#8211;<\/strong><\/p>\n<p style=\"text-align: center;\"><strong>ZAGREB FILM FESTIVAL, 11.-19. studenog 2017.<\/strong><\/p>\n<p>\u010cetvrto izdanje programa PLUS donosi raznolike filmske naslove iz Europe koje je odabrao selekcijski \u017eiri sastavljen od zagreba\u010dkih srednjo\u0161kolaca. Program se i ove godine odr\u017eava u kinu Europa uz bok s glavnim natjecateljskim programom, a petero\u010dlani mladi \u017eiri nagradit \u0107e najbolji film Nagradom mlade publike i nov\u010danom nagradom u iznosu od 500EUR.<\/p>\n<p><strong>Projekcije se odr\u017eavaju od ponedjeljka 13. do petka 17. studenog u 16 sati u velikoj dvorani kina Europa<\/strong>, a kako bi i publika bila upoznata s razlozima za odabir tih 5 filmova prije svake od projekcija jedan od selektora obrazlo\u017eit \u0107e njihov odbir te ispri\u010dati \u0161to ih se posebno dojmilo u tom filmu te \u0107e napraviti uvod u film kako bi upotpunili filmski do\u017eivljaj mlade publike. Poslije projekcija publika \u0107e dobiti priliku kroz razgovor iznijeti svoja mi\u0161ljenja i stavove o filmovima te sudjelovati u razgovoru o filmu.<\/p>\n<p>Odabrani filmovi redom su namijenjeni mladima i donose pri\u010de o odrastanju i onome \u0161to odrastanje nosi. Dolaze iz Belgije, \u0160panjolske, Ujedinjenog Kraljevstva, \u0160vedske i Norve\u0161ke, a do sada su ostvarili zna\u010dajne uspjehe na svjetskim festivalima. Vode nas kroz razli\u010dite pri\u010de, predstavljaju nam mnogo mladih likova koji odrastaju na suprotnim krajevima svijeta i u razli\u010ditim okolnostima, ali sve ih povezuju problemi s kojima se svaka mlada osoba gdje god da odrasta mo\u017ee poistovjetiti.<\/p>\n<p>Vjerujemo kako \u0107e i ove godine dovrana biti puna, ne\u0107e nedostajati dobre zabave, \u017eustre diskusije i s nestrpljenjem \u010dekamo na progla\u0161enje pobjednika programa PLUS!<br \/>\nUz standardno odli\u010dan filmski program, program PLUS nudi i sljede\u0107e pogodnosti:<\/p>\n<ul>\n<li><strong>Ulaznice po cijeni od 10 kuna uz gratis kokice<\/strong><\/li>\n<li><strong>Festivalsku ulaznicu za svih 5 projekcija po cijeni od 35 kuna<\/strong><\/li>\n<li><strong>Motivacija za gledanje i uvod u film prije svake projekcije<\/strong><\/li>\n<li><strong>Materijali za profesore u pratnji<\/strong><\/li>\n<li><strong>Projekcije u velikoj dvorani kina Europa, najstarija zagreba\u010dka kinodvorana i za\u0161ti\u0107eno kulturno dobro<\/strong><\/li>\n<\/ul>\n<p><strong>ZA REZERVACIJU TERMINA OBRATITE SE NA:<\/strong><br \/>\n<strong><u><a href=\"mailto:plus@zagrebfilmfestival.com\">plus@zagrebfilmfestival.com<\/a><\/u><\/strong><br \/>\n<strong>ILI<\/strong><br \/>\n<strong><u>LUCIA MATI\u0106 \u2013 091 9052 035<\/u><\/strong><br \/>\n<strong><u>KATARINA CRN\u010cI\u0106 \u2013 098 973 9464<\/u><\/strong><\/p>\n<p><strong>RASPORED FILMSKIH PROJEKCIJA<\/strong><br \/>\n<strong><u>Ponedjeljak, 13. studeni 2017.<\/u><\/strong><br \/>\nKino Europa, 16:00:\u00a0<strong>Ljeto 1993.<\/strong><br \/>\nCarla Sim\u00f3n \/ \u0160panjolska, 2017, 96\u2019<\/p>\n<p><strong>Obrazlo\u017eenje selekcijskog \u017eirija:<\/strong><\/p>\n<p>Film\u00a0<em>Ljeto 1993.<\/em>\u00a0redateljice Carle Sim\u00f3n istinita je pri\u010da o njezinom odrastanju bez roditelja. Bavi se pitanjima uklapanja u novu obitelj nakon gubitka svoje, suo\u010davanjem s vlastitim emocijama, te prilagodbom na novo okru\u017eenje. S filmom se mogu povezati svi oni koji su se barem jednom u \u017eivotu na\u0161li u situaciji gdje su se osje\u0107ali izgubljeno i neprihva\u0107eno te smo ga zato izabrali za prikazivanje na festivalu.<\/p>\n<p><strong>Sinopsis:<\/strong><\/p>\n<p>Ljeto je 1993. Nakon smrti majke, koja je bolovala od AIDS-a, \u0161estogodi\u0161nja Frida odlazi \u017eivjeti na selo s ujakom Esteveom, ujnom Margom i njihovom malenom k\u0107eri Annom. Seoski \u017eivot izazov je za Fridu. U novom domu vrijeme kao da te\u010de druk\u010dije, a idili\u010dna priroda koja je okru\u017euje tajanstvena joj je i strana. Povrh svega, dobila je i malenu sestru za koju treba brinuti dok se istovremeno poku\u0161ava nositi s novim emocijama, poput ljubomore. Maj\u010dina bolest tretira se poput sramotnog biljega o kojem nitko ne pri\u010da, te Fridu mu\u010di neznanje o uzroku njezine smrti. Prije nego ljeto zavr\u0161i, Frida i njezina nova obitelj morat \u0107e se nau\u010diti prilagoditi jedni drugima, i naposljetku zavoljeti.\u00a0<em>Ljeto 1993.<\/em>\u00a0ovogodi\u0161nji je \u0161panjolski kandidat za Oscara.<\/p>\n<p><strong><u>Utorak, 14. studeni 2017.<\/u><\/strong><br \/>\nKino Europa, 16:00<br \/>\n<strong>Lares penatesque &#8211; IZVAN KONKURENCIJE<\/strong><br \/>\nFilmska skupina Klasi\u010dne gimanzije \/ Hrvatska, 2017, 19&#8242;<\/p>\n<p>Grupa u\u010denika Klasi\u010dne gimnazije koja je maturirala 1949. godine sastaje se svaki drugi \u010detvrtak u mjesecu u Maksimiru, a svoje uspomene \u010duva u razrednoj knjizi koja se iz godine u godinu nadopunjuje te danas broji vi\u0161e od 900 stranica. U filmu se prisje\u0107aju svoje \u0161kole, profesora, \u0111a\u010dkih spa\u010dki, ljubavi i prijateljstava. Film su snimili u\u010denici Klasi\u010dne gimnazije, polaznici fakultativnog predmeta filmologija.<\/p>\n<p><strong>6. a\u00a0<\/strong><br \/>\nPeter Modestij \/ \u0160vedska, 2016, 61\u2019<\/p>\n<p><strong>Obrazlo\u017eenje selekcijskog \u017eirija:<\/strong><\/p>\n<p>Film\u00a0<em>6. a<\/em>\u00a0redatelja Petera Modestija isti\u010de se svojim zanimljivim i neobi\u010dnim na\u010dinom snimanja, te prati temu nasilja me\u0111u mladima s kojom se mnogi mogu poistovjetiti. Zbog gluma\u010dke improvizacije i spontanosti cijelog filma, grani\u010di s dokumentaristi\u010dkim \u017eanrom. Nakon gledanja filma postajemo svjesni da se takve situacije doga\u0111aju i u na\u0161oj svakodnevici. Ovaj film jednako je zanimljiv i za u\u010denike i za profesore.<\/p>\n<p><strong>Sinopsis:<\/strong><\/p>\n<p>Roditelji u\u010denika 6. a razreda dolaze na hitni sastanak kako bi rije\u0161ili goru\u0107i problem. Jedine u\u010denice prisutne na sastanku dvanaestogodi\u0161nje su Denise, Bella i Mina. Njih tri optu\u017eene su za zlostavljanje ostalih u\u010denika, no one te optu\u017ebe odbacuju. U slijepoj \u017eelji da obrane svoju djecu, ljutiti roditelji nabacuju se me\u0111usobnim optu\u017ebama, razotkrivaju\u0107i ru\u017ene strane ljudske prirode, a uskoro postaje jasno da se ni sama u\u010diteljica mo\u017eda nije dovoljno potrudila smiriti tenzije u razredu. Premijerno prikazan na festivalu u Berlinu, film\u00a0<em>6. a<\/em>\u00a0bavi se pitanjima odgovornosti odraslog dru\u0161tva prema djeci, manjkavog \u0161kolskog sustava, nedostatka autoriteta i va\u017enosti me\u0111usobnog razumijevanja.<\/p>\n<p><strong><u>Srijeda, 15. studeni 2017.<\/u><\/strong><br \/>\nKino Europa, 16:00:\u00a0<strong>Charlie<\/strong><br \/>\nRebekah Fortune \/ Ujedinjeno Kraljevstvo, 2017, 99\u2019<\/p>\n<p><strong>Obrazlo\u017eenje selekcijskog \u017eirija:<\/strong><\/p>\n<p>Film\u00a0<em>Charlie<\/em>\u00a0pa\u017eljivo se doti\u010de teme transrodnosti u ranijoj dobi \u017eivota jednog tinejd\u017eera. Pokazuje posljedice koje takve promjene ostavljaju na samog pojedinca i okolinu u kojoj se nalazi. Kroz sugestivnu tehniku snimanja poma\u017ee gledateljima simpatizirati se s likovima te na edukativan na\u010din \u0161alje sna\u017enu poruku o jednakosti me\u0111u ljudima.<\/p>\n<p><strong>Sinopsis:<\/strong><\/p>\n<p>Nogomet je Charliejeva velika ljubav. Zahvaljuju\u0107i impresivnom talentu, pred njime se nalazi svijetla nogometna budu\u0107nost. Njegov otac Paul u sinu vidi priliku za ispunjenje vlastitih propalih snova te ga ponosno bodri i usmjerava na putu prema karijeri profesionalnog sporta\u0161a. No Charlie krije veliku tajnu \u010diji pritisak vi\u0161e ne mo\u017ee podnijeti. On je, naime, djevoj\u010dica zarobljena u tijelu dje\u010daka. Odluka da otkrije istinu i preuzme kontrolu nad vlastitim \u017eivotom unijet \u0107e kaos u naoko skladnu obitelj i otu\u0111iti Charlieja od oca i prijatelja. Ova dirljiva drama o predrasudama i prihva\u0107anju, ispri\u010dana s humorom, osvojila je srca festivalske publike. Film je u Edinburghu osvojio Nagradu publike, dok je u Zl\u00ednu progla\u0161en najboljim filmom za mlade.<\/p>\n<p><strong><u>\u010cetvrtak, 16. studeni 2017.<\/u><\/strong><br \/>\nKino Europa, 16:00:\u00a0<strong>Vincent<\/strong><br \/>\nChristophe Van Rompaey \/ Belgija, Francuska, 2016, 121\u2019<\/p>\n<p><strong>Obrazlo\u017eenje selekcijskog \u017eirija:<\/strong><\/p>\n<p>Film\u00a0<em>Vincent\u00a0<\/em>bavi se te\u0161kom temom samoubojstva, no usprkos tome na zanimljiv na\u010din uklapa humor i komediju u sadr\u017eaj. Svojom dinamikom te intrigantnim i zanimljivim likovima u potpunosti zaokuplja pa\u017enju gledatelja, te se pa\u017eljivo doti\u010de problema s kojima se ljudi suo\u010davaju. Zbog na\u010dina prikazivanja takve teme izabrali smo ga za prikazivanje na ZFF Plus festivalu.<br \/>\n<strong>Sinopsis:<\/strong><\/p>\n<p>Humoristi\u010dna drama o mladom Vincentu, 17-godi\u0161njem suicidalnom ekologu koji izlu\u0111uje svoju obitelj nastojanjima da smanji njihov utjecaj na okoli\u0161. Sili ih da prije\u0111u vegetarijansku prehranu, odbija koristiti grijanje u ku\u0107i i pridru\u017euje se opskurnim aktivisti\u010dkim skupinama. Kada im u posjet do\u0111e Vincentova teta Nikki koja je uvjerena da je dje\u010dakova opsesija povezana s pretjerano bri\u017enom majkom, on je na prevaru nagovori da ga odvede sa sobom u Francusku. Zajedno kre\u0107u na ludo putovanje tijekom kojeg \u0107e se dvojac suo\u010diti s nizom problema i putem se bolje upoznati. Vincent \u0107e otkriti da njegova vesela teta ipak nije sretna kako se na prvi pogled \u010dini, a Nikki \u0107e shvatiti da s Vincentom i nije tako lako iza\u0107i na kraj.<\/p>\n<p><strong><u>Petak, 17. studeni 2017.<\/u><\/strong><br \/>\nKino Europa, 16:00:\u00a0<strong>Lov na muhe<\/strong><br \/>\nIzer Aliu \/ Norve\u0161ka, Makedonija, 2016, 109\u2019<\/p>\n<p><strong>Obrazlo\u017eenje selekcijskog \u017eirija:<\/strong><\/p>\n<p>Ugo\u0111aj u filmu\u00a0<em>Lov na muhe<\/em>\u00a0tipi\u010dno je balkanski jer je radnja smje\u0161tena u albansko selo u Makedoniji. Redatelj posti\u017ee ugo\u0111aj temom koja obuhva\u0107a mlade\u017e, \u0161kolstvo te socijlano-politi\u010dku nepravdu, lokacijama u nama susjednoj Makedoniji te egzoti\u010dnom i \u017eivahnom glazbom koja savr\u0161eno prati sadr\u017eaj filma. Redatelj je pokazao inovativnost odabirom kadrova kao i ostalim filmskim izra\u017eajnim sredstvima.<\/p>\n<p><strong>Sinopsis:<\/strong><\/p>\n<p>Satiri\u010dna drama o usponu i padu diktature smje\u0161tena u prostor jedne u\u010dionice. Prvi je dan \u0161kole i upravo su zavr\u0161ili lokalni izbori. Idealisti\u010dnog u\u010ditelja Ghanija do\u010dekuje vijest da je ostao bez posla jer nije glasao i time izrazio pripadnost pobjedni\u010dkoj stranci. Politi\u010dki i etni\u010dki sukobi odra\u017eavaju se i u problemati\u010dnim odnosima me\u0111u samim u\u010denicima koji opona\u0161aju stavove svojih roditelja. U o\u010dajni\u010dkom poku\u0161aju da zadr\u017ei radno mjesto, Ghani u\u010denike zaklju\u010dava u u\u010dionicu kako bi ih prisilio da rije\u0161e sukob izme\u0111u svoja dva sela. Buran, tenzijama ispunjen dan koji slijedi prisilit \u0107e Ghanija da bira izme\u0111u vlastite egzistencije i osobnih uvjerenja. Film je premijerno prikazan na Me\u0111unarodnom filmskom festivalu u Torontu<\/p>\n","protected":false},"excerpt":{"rendered":"<p>PLUS &#8211; filmski program mladih za mlade &#8211; ZAGREB FILM FESTIVAL, 11.-19. studenog 2017. \u010cetvrto izdanje programa PLUS donosi raznolike filmske naslove iz Europe koje je odabrao selekcijski \u017eiri sastavljen od zagreba\u010dkih srednjo\u0161kolaca. Program se i ove godine odr\u017eava u kinu Europa uz bok s glavnim natjecateljskim programom, a petero\u010dlani mladi \u017eiri nagradit \u0107e najbolji [&hellip;]<\/p>\n","protected":false},"author":4,"featured_media":0,"comment_status":"closed","ping_status":"closed","sticky":false,"template":"","format":"standard","meta":{"_et_pb_use_builder":"","_et_pb_old_content":"","_et_gb_content_width":"","footnotes":""},"categories":[14],"tags":[],"class_list":["post-1957","post","type-post","status-publish","format-standard","hentry","category-dogadanja-izvan-skole"],"_links":{"self":[{"href":"https:\/\/prva.hr\/index.php\/wp-json\/wp\/v2\/posts\/1957","targetHints":{"allow":["GET"]}}],"collection":[{"href":"https:\/\/prva.hr\/index.php\/wp-json\/wp\/v2\/posts"}],"about":[{"href":"https:\/\/prva.hr\/index.php\/wp-json\/wp\/v2\/types\/post"}],"author":[{"embeddable":true,"href":"https:\/\/prva.hr\/index.php\/wp-json\/wp\/v2\/users\/4"}],"replies":[{"embeddable":true,"href":"https:\/\/prva.hr\/index.php\/wp-json\/wp\/v2\/comments?post=1957"}],"version-history":[{"count":1,"href":"https:\/\/prva.hr\/index.php\/wp-json\/wp\/v2\/posts\/1957\/revisions"}],"predecessor-version":[{"id":1958,"href":"https:\/\/prva.hr\/index.php\/wp-json\/wp\/v2\/posts\/1957\/revisions\/1958"}],"wp:attachment":[{"href":"https:\/\/prva.hr\/index.php\/wp-json\/wp\/v2\/media?parent=1957"}],"wp:term":[{"taxonomy":"category","embeddable":true,"href":"https:\/\/prva.hr\/index.php\/wp-json\/wp\/v2\/categories?post=1957"},{"taxonomy":"post_tag","embeddable":true,"href":"https:\/\/prva.hr\/index.php\/wp-json\/wp\/v2\/tags?post=1957"}],"curies":[{"name":"wp","href":"https:\/\/api.w.org\/{rel}","templated":true}]}}