{"id":1959,"date":"2017-10-16T13:39:45","date_gmt":"2017-10-16T11:39:45","guid":{"rendered":"http:\/\/www.prva.hr\/?p=1959"},"modified":"2017-10-16T13:46:41","modified_gmt":"2017-10-16T11:46:41","slug":"seksualno-nasilje-nad-i-medu-djecom-i-mladima-poziv-na-javno-predavanje","status":"publish","type":"post","link":"https:\/\/prva.hr\/index.php\/2017\/10\/16\/seksualno-nasilje-nad-i-medu-djecom-i-mladima-poziv-na-javno-predavanje\/","title":{"rendered":"\u201cSeksualno nasilje nad i me\u0111u djecom i mladima\u201d &#8211; Poziv na javno predavanje"},"content":{"rendered":"<p>POZIV NA JAVNO PREDAVANJE\u00a0 &#8211; \u201cSeksualno nasilje nad i me\u0111u djecom i mladima\u201d<\/p>\n<p>Po\u0161tovane i po\u0161tovani, dragi roditelji,<\/p>\n<p>\u017denska soba \u2013 Centar za seksualna prava i Prva gimnazija Zagreb Vas pozivaju na javno predavanje koje \u0107e se odr\u017eati:<\/p>\n<p style=\"text-align: center;\"><strong>31.\u00a0 listopada 2017. godine<\/strong><\/p>\n<p style=\"text-align: center;\"><strong>u prostoru Knji\u017enice Grada Zagreba, Travno, Bo\u017eidara Magovca 15<\/strong><\/p>\n<p style=\"text-align: center;\"><strong>u trajanju od 17:30h do 19:00h.<\/strong><\/p>\n<p style=\"text-align: left;\">Vi\u0161e o predavanju mo\u017eete prona\u0107i\u00a0<a href=\"http:\/\/www.prva.hr\/wp-content\/uploads\/2017\/10\/poziv-na-javno-predavanje-za-skolu.doc\">ovdje.<\/a><\/p>\n","protected":false},"excerpt":{"rendered":"<p>POZIV NA JAVNO PREDAVANJE\u00a0 &#8211; \u201cSeksualno nasilje nad i me\u0111u djecom i mladima\u201d Po\u0161tovane i po\u0161tovani, dragi roditelji, \u017denska soba \u2013 Centar za seksualna prava i Prva gimnazija Zagreb Vas pozivaju na javno predavanje koje \u0107e se odr\u017eati: 31.\u00a0 listopada 2017. godine u prostoru Knji\u017enice Grada Zagreba, Travno, Bo\u017eidara Magovca 15 u trajanju od 17:30h [&hellip;]<\/p>\n","protected":false},"author":4,"featured_media":0,"comment_status":"closed","ping_status":"closed","sticky":false,"template":"","format":"standard","meta":{"_et_pb_use_builder":"","_et_pb_old_content":"","_et_gb_content_width":"","footnotes":""},"categories":[14,1],"tags":[],"class_list":["post-1959","post","type-post","status-publish","format-standard","hentry","category-dogadanja-izvan-skole","category-nekategorizirano"],"_links":{"self":[{"href":"https:\/\/prva.hr\/index.php\/wp-json\/wp\/v2\/posts\/1959","targetHints":{"allow":["GET"]}}],"collection":[{"href":"https:\/\/prva.hr\/index.php\/wp-json\/wp\/v2\/posts"}],"about":[{"href":"https:\/\/prva.hr\/index.php\/wp-json\/wp\/v2\/types\/post"}],"author":[{"embeddable":true,"href":"https:\/\/prva.hr\/index.php\/wp-json\/wp\/v2\/users\/4"}],"replies":[{"embeddable":true,"href":"https:\/\/prva.hr\/index.php\/wp-json\/wp\/v2\/comments?post=1959"}],"version-history":[{"count":2,"href":"https:\/\/prva.hr\/index.php\/wp-json\/wp\/v2\/posts\/1959\/revisions"}],"predecessor-version":[{"id":1962,"href":"https:\/\/prva.hr\/index.php\/wp-json\/wp\/v2\/posts\/1959\/revisions\/1962"}],"wp:attachment":[{"href":"https:\/\/prva.hr\/index.php\/wp-json\/wp\/v2\/media?parent=1959"}],"wp:term":[{"taxonomy":"category","embeddable":true,"href":"https:\/\/prva.hr\/index.php\/wp-json\/wp\/v2\/categories?post=1959"},{"taxonomy":"post_tag","embeddable":true,"href":"https:\/\/prva.hr\/index.php\/wp-json\/wp\/v2\/tags?post=1959"}],"curies":[{"name":"wp","href":"https:\/\/api.w.org\/{rel}","templated":true}]}}