{"id":19660,"date":"2025-02-13T14:05:09","date_gmt":"2025-02-13T13:05:09","guid":{"rendered":"https:\/\/www.prva.hr\/?p=19660"},"modified":"2025-12-04T09:34:30","modified_gmt":"2025-12-04T08:34:30","slug":"natjecaj-za-individualnu-mobilnost-mentalno-zdravlje","status":"publish","type":"post","link":"https:\/\/prva.hr\/index.php\/2025\/02\/13\/natjecaj-za-individualnu-mobilnost-mentalno-zdravlje\/","title":{"rendered":"NATJE\u010cAJ ZA INDIVIDUALNU MOBILNOST &#8211; MENTALNO ZDRAVLJE"},"content":{"rendered":"\n<figure class=\"wp-block-image size-full is-resized\"><img decoding=\"async\" data-src=\"https:\/\/www.prva.hr\/wp-content\/uploads\/2025\/02\/VIZUAL3.png\" alt=\"\" class=\"wp-image-19664 lazyload\" width=\"194\" height=\"194\" src=\"data:image\/svg+xml;base64,PHN2ZyB3aWR0aD0iMSIgaGVpZ2h0PSIxIiB4bWxucz0iaHR0cDovL3d3dy53My5vcmcvMjAwMC9zdmciPjwvc3ZnPg==\" style=\"--smush-placeholder-width: 194px; --smush-placeholder-aspect-ratio: 194\/194;\" \/><\/figure>\n\n\n\n<figure class=\"wp-block-image size-full is-resized\"><img decoding=\"async\" data-src=\"https:\/\/www.prva.hr\/wp-content\/uploads\/2025\/02\/VIZUAL2.png\" alt=\"\" class=\"wp-image-19665 lazyload\" width=\"361\" height=\"100\" src=\"data:image\/svg+xml;base64,PHN2ZyB3aWR0aD0iMSIgaGVpZ2h0PSIxIiB4bWxucz0iaHR0cDovL3d3dy53My5vcmcvMjAwMC9zdmciPjwvc3ZnPg==\" style=\"--smush-placeholder-width: 361px; --smush-placeholder-aspect-ratio: 361\/100;\" \/><\/figure>\n\n\n\n<figure class=\"wp-block-image size-full\"><img decoding=\"async\" width=\"253\" height=\"70\" data-src=\"https:\/\/www.prva.hr\/wp-content\/uploads\/2025\/02\/VIZUAL1.png\" alt=\"\" class=\"wp-image-19666 lazyload\" src=\"data:image\/svg+xml;base64,PHN2ZyB3aWR0aD0iMSIgaGVpZ2h0PSIxIiB4bWxucz0iaHR0cDovL3d3dy53My5vcmcvMjAwMC9zdmciPjwvc3ZnPg==\" style=\"--smush-placeholder-width: 253px; --smush-placeholder-aspect-ratio: 253\/70;\" \/><\/figure>\n\n\n\n<p><strong>Klasa: 970-02\/25-01\/02<\/strong><\/p>\n\n\n\n<p><strong>Urbroj: 251-84-25-1<\/strong><\/p>\n\n\n\n<p><strong>Zagreb, 10. 2. 2025.<\/strong><\/p>\n\n\n\n<p><strong>Projekt 2024-1-HR01-KA121-SCH-000215550<\/strong><\/p>\n\n\n\n<p><strong>NATJE\u010cAJ ZA <a>INDIVIDUALNU MOBILNOST NASTAVNIKA I. GIMNAZIJE<\/a><\/strong><\/p>\n\n\n\n<p><strong>OP\u0106I DIO<\/strong><\/p>\n\n\n\n<p>Na natje\u010daj se mogu prijaviti svi nastavnici I. gimnazije koji su upoznati s op\u0107im i specifi\u010dnim ciljevima Akreditacije Erasmus+&nbsp;kao i aktivnostima kojima \u0107e se ostvarivati ciljevi:<\/p>\n\n\n\n<ol class=\"wp-block-list\" type=\"1\">\n<li>Pobolj\u0161ati upotrebu novih tehnologija, inovativnih metoda pou\u010davanja i metoda zelene tranzicije<\/li>\n\n\n\n<li>Razvoj jezi\u010dnih kompetencija u\u010denika i nastavnika<\/li>\n\n\n\n<li>Ja\u010danje kompetencija za aktivnost u zajednici te ja\u010danje svijesti o zajedni\u010dkoj europskoj ba\u0161tini i raznolikosti<\/li>\n\n\n\n<li>Podupiranje stru\u010dnog usavr\u0161avanja nastavnika, ravnateljice i ostalih zaposlenika I. gimnazije<\/li>\n\n\n\n<li>Uspostaviti mobilnost u svrhu u\u010denja za \u0161to ve\u0107i broj u\u010denika<\/li>\n<\/ol>\n\n\n\n<p><strong>INDIVIDUALNA MOBILNOST<\/strong><\/p>\n\n\n\n<p>Oblik mobilnosti: STRUKTURIRANI TE\u010cAJ<\/p>\n\n\n\n<p>Naziv mobilnosti: <strong>Mental Health Awareness for Teachers and Students<\/strong><\/p>\n\n\n\n<p>Organizator: Europass Teacher Academy, https:\/\/www.teacheracademy.eu\/<\/p>\n\n\n\n<p>Ishodi te\u010daja: dostupni na: <a href=\"https:\/\/www.teacheracademy.eu\/course\/mental-health\/\">https:\/\/www.teacheracademy.eu\/course\/mental-health\/<\/a><\/p>\n\n\n\n<p>Vrijeme mobilnosti: zaklju\u010dno s 20. kolovozom<\/p>\n\n\n\n<p>Mjesto mobilnosti: prema ponudi Europass Teacher Academyje<\/p>\n\n\n\n<p>Za mobilnost \u0107e biti odabran <strong>nastavnik<\/strong> koji zadovoljava kriterije sukladno projektnoj prijavi.<\/p>\n\n\n\n<p>ODABIR NASTAVNIKA<\/p>\n\n\n\n<p>Postupak odabira nastavnika provest \u0107e Povjerenstvo za odabir sudionika mobilnosti u sastavu:<\/p>\n\n\n\n<ol class=\"wp-block-list\" type=\"1\">\n<li>Dunja Maru\u0161i\u0107 Brezeti\u0107, ravnateljica<\/li>\n\n\n\n<li>Meri Matu\u0161an, prof. tzk, zamjenica koordinatorice<\/li>\n\n\n\n<li>Mihaela Mordu\u0161, nastavnica engleskog jezika<\/li>\n\n\n\n<li>Snje\u017eana Liber, prof. kemije<\/li>\n\n\n\n<li>Gordana Sekuli\u0107-\u0160tiv\u010devi\u0107, prof. informatike<\/li>\n<\/ol>\n\n\n\n<p>Etape selekcije:<\/p>\n\n\n\n<ol class=\"wp-block-list\" type=\"1\">\n<li>Pisana prijava<\/li>\n\n\n\n<li>Usmeni razgovor<\/li>\n\n\n\n<li>Objava rezultata<\/li>\n<\/ol>\n\n\n\n<p>PISANA PRIJAVA<\/p>\n\n\n\n<p>Prijava se vr\u0161i preko Google obrasca: <a href=\"https:\/\/tinyurl.com\/2dld5feb\" target=\"_blank\" rel=\"noreferrer noopener\">https:\/\/tinyurl.com\/2dld5feb<\/a><a href=\"https:\/\/tinyurl.com\/2dld5feb\"><\/a><\/p>\n\n\n\n<p>Obrazac je objavljen u sklopu natje\u010dajnog teksta na mre\u017enim stranicama I. gimnazije <a href=\"http:\/\/www.prva.hr\">www.prva.hr<\/a>. Rok za prijavu je sedam (7) kalendarskih dana od datuma objave natje\u010daja na mre\u017enoj stranici \u0161kole i na oglasnoj plo\u010di. &nbsp;<\/p>\n\n\n\n<p>Za pravovaljanu prijavu potrebno je:<\/p>\n\n\n\n<ol class=\"wp-block-list\" type=\"1\">\n<li>U potpunosti ispuniti polja u Google obrascu<\/li>\n\n\n\n<li>Na zadanom mjestu u Google obrascu prilo\u017eiti \u017eivotopis i motivacijsko pismo sukladno propisanim formama<\/li>\n<\/ol>\n\n\n\n<p>U \u017eivotopisu je potrebno istaknuti klju\u010dne stru\u010dne kompetencije vezane uz podru\u010dje kojim se bavi te\u010daj, op\u0107e kompetencije u sektoru odgoja i obrazovanja, iskustva rada na EU projektima s naglaskom na Erasmus+ projekte (navesti konkretne projekte i zadu\u017eenja na istima).<\/p>\n\n\n\n<p>Povjerenstvo za odabir sudionika provjeri \u0107e pravovaljanost prijava te \u0107e se svi kandidati s potpunim prijavama pozvati na usmeni razgovor.<\/p>\n\n\n\n<p>USMENI RAZGOVOR:<\/p>\n\n\n\n<p>Usmenim razgovorom \u0107e se utvrditi:<\/p>\n\n\n\n<p>&#8211; motiviranost za sudjelovanje u te\u010daju<\/p>\n\n\n\n<p>&#8211; jezi\u010dne kompetencije na stranom jeziku<\/p>\n\n\n\n<p>&#8211; predznanje o podru\u010djima zna\u010dajnima za te\u010daj<\/p>\n\n\n\n<p>Razgovoru \u0107e nazo\u010diti tri \u010dlana Povjerenstva.<\/p>\n\n\n\n<p>OBJAVA REZULTATA<\/p>\n\n\n\n<p>Privremeni rezultati bit \u0107e objavljeni na mre\u017enoj stranici \u0161kole i oglasnoj plo\u010di. Po objavi istih po\u010dinje te\u0107i \u017ealbeni rok u trajanju od 3 kalendarska dana. \u017dalbe se podnose u pismenom obliku Povjerenstvu za odabir sudionika mobilnosti predajom na urud\u017ebeni zapisnik u \u0161kolsku referadu. Kona\u010dni rezultati bit \u0107e objavljeni nakon isteka \u017ealbenog roka na oglasnoj plo\u010di i mre\u017enoj stranici I. gimnazije.<\/p>\n\n\n\n<p>Ukoliko se na natje\u010daj prijavi vi\u0161e nastavnika svi \u0107e se kandidati rangirati i oni koji ne budu izabrani bit \u0107e rezerva u slu\u010daju da odabrani nastavnik mora odustati od mobilnosti iz opravdanih razloga.<\/p>\n\n\n\n\n\n\n","protected":false},"excerpt":{"rendered":"<p>Klasa: 970-02\/25-01\/02 Urbroj: 251-84-25-1 Zagreb, 10. 2. 2025. Projekt 2024-1-HR01-KA121-SCH-000215550 NATJE\u010cAJ ZA INDIVIDUALNU MOBILNOST NASTAVNIKA I. GIMNAZIJE OP\u0106I DIO Na natje\u010daj se mogu prijaviti svi nastavnici I. gimnazije koji su upoznati s op\u0107im i specifi\u010dnim ciljevima Akreditacije Erasmus+&nbsp;kao i aktivnostima kojima \u0107e se ostvarivati ciljevi: INDIVIDUALNA MOBILNOST Oblik mobilnosti: STRUKTURIRANI TE\u010cAJ Naziv mobilnosti: Mental Health [&hellip;]<\/p>\n","protected":false},"author":2,"featured_media":0,"comment_status":"closed","ping_status":"closed","sticky":false,"template":"","format":"standard","meta":{"_et_pb_use_builder":"","_et_pb_old_content":"","_et_gb_content_width":"","footnotes":""},"categories":[147,127],"tags":[],"class_list":["post-19660","post","type-post","status-publish","format-standard","hentry","category-erasmus-natjecaji","category-erasmus"],"_links":{"self":[{"href":"https:\/\/prva.hr\/index.php\/wp-json\/wp\/v2\/posts\/19660","targetHints":{"allow":["GET"]}}],"collection":[{"href":"https:\/\/prva.hr\/index.php\/wp-json\/wp\/v2\/posts"}],"about":[{"href":"https:\/\/prva.hr\/index.php\/wp-json\/wp\/v2\/types\/post"}],"author":[{"embeddable":true,"href":"https:\/\/prva.hr\/index.php\/wp-json\/wp\/v2\/users\/2"}],"replies":[{"embeddable":true,"href":"https:\/\/prva.hr\/index.php\/wp-json\/wp\/v2\/comments?post=19660"}],"version-history":[{"count":2,"href":"https:\/\/prva.hr\/index.php\/wp-json\/wp\/v2\/posts\/19660\/revisions"}],"predecessor-version":[{"id":19667,"href":"https:\/\/prva.hr\/index.php\/wp-json\/wp\/v2\/posts\/19660\/revisions\/19667"}],"wp:attachment":[{"href":"https:\/\/prva.hr\/index.php\/wp-json\/wp\/v2\/media?parent=19660"}],"wp:term":[{"taxonomy":"category","embeddable":true,"href":"https:\/\/prva.hr\/index.php\/wp-json\/wp\/v2\/categories?post=19660"},{"taxonomy":"post_tag","embeddable":true,"href":"https:\/\/prva.hr\/index.php\/wp-json\/wp\/v2\/tags?post=19660"}],"curies":[{"name":"wp","href":"https:\/\/api.w.org\/{rel}","templated":true}]}}