{"id":19708,"date":"2025-02-17T13:08:40","date_gmt":"2025-02-17T12:08:40","guid":{"rendered":"https:\/\/www.prva.hr\/?p=19708"},"modified":"2025-12-04T09:33:52","modified_gmt":"2025-12-04T08:33:52","slug":"natjecaj-za-individualnu-mobilnost-od-globalnih-prioriteta-do-skolskih-projekata","status":"publish","type":"post","link":"https:\/\/prva.hr\/index.php\/2025\/02\/17\/natjecaj-za-individualnu-mobilnost-od-globalnih-prioriteta-do-skolskih-projekata\/","title":{"rendered":"Natje\u010daj za individualnu mobilnost &#8211; Od globalnih prioriteta do \u0161kolskih projekata"},"content":{"rendered":"\n<figure class=\"wp-block-gallery has-nested-images columns-default is-cropped wp-block-gallery-1 is-layout-flex wp-block-gallery-is-layout-flex\">\n<figure class=\"wp-block-image\"><img decoding=\"async\" src=\"blob:https:\/\/www.prva.hr\/f66506f9-1990-4918-a2e0-7a3f506e68a5\" alt=\"\"\/><\/figure>\n<\/figure>\n\n\n\n<p><\/p>\n\n\n\n<p><strong>Klasa: 970-02\/25-01\/04<\/strong><\/p>\n\n\n\n<p><strong>Urbroj: 251-84-25-1<\/strong><\/p>\n\n\n\n<p><strong>Zagreb, 17. 2. 2025.<\/strong><\/p>\n\n\n\n<p><strong>Projekt 2024-1-HR01-KA121-SCH-000215550<\/strong><\/p>\n\n\n\n<p><strong>NATJE\u010cAJ ZA <a>INDIVIDUALNU MOBILNOST NASTAVNIKA I. GIMNAZIJE<\/a><\/strong><\/p>\n\n\n\n<p><strong>OP\u0106I DIO<\/strong><\/p>\n\n\n\n<p>Na natje\u010daj se mogu prijaviti svi nastavnici I. gimnazije koji su upoznati s op\u0107im i specifi\u010dnim ciljevima Akreditacije Erasmus+&nbsp;kao i aktivnostima kojima \u0107e se ostvarivati ciljevi:<\/p>\n\n\n\n<ol class=\"wp-block-list\" type=\"1\">\n<li>Pobolj\u0161ati upotrebu novih tehnologija, inovativnih metoda pou\u010davanja i metoda zelene tranzicije<\/li>\n\n\n\n<li>Razvoj jezi\u010dnih kompetencija u\u010denika i nastavnika<\/li>\n\n\n\n<li>Ja\u010danje kompetencija za aktivnost u zajednici te ja\u010danje svijesti o zajedni\u010dkoj europskoj ba\u0161tini i raznolikosti<\/li>\n\n\n\n<li>Podupiranje stru\u010dnog usavr\u0161avanja nastavnika, ravnateljice i ostalih zaposlenika I. gimnazije<\/li>\n\n\n\n<li>Uspostaviti mobilnost u svrhu u\u010denja za \u0161to ve\u0107i broj u\u010denika<\/li>\n<\/ol>\n\n\n\n<p><strong>INDIVIDUALNA MOBILNOST<\/strong><\/p>\n\n\n\n<p>Oblik mobilnosti: STRUKTURIRANI TE\u010cAJ<\/p>\n\n\n\n<p>Naziv mobilnosti: From Global Priorities to School Projects: Focus on Sustainability and Citizenship Education<\/p>\n\n\n\n<p>Organizator: Europass Teacher Academy, https:\/\/www.teacheracademy.eu\/<\/p>\n\n\n\n<p>Ishodi te\u010daja: dostupni na: <a href=\"https:\/\/www.teacheracademy.eu\/course\/sustainability-and-citizenship-projects\/?_gl=1*9s91gp*_up*MQ..*_ga*MTkzMjE5NzQ4Mi4xNzM4NTcxMjc5*_ga_TCRZY35NSC*MTczODkyMjI2MC40LjEuMTczODkyMjgwOC42MC4wLjE2Mzg5NzA3MDg\">https:\/\/www.teacheracademy.eu\/course\/sustainability-and-citizenship-projects\/<\/a><\/p>\n\n\n\n<p>Vrijeme mobilnosti: zaklju\u010dno s 20. kolovozom<\/p>\n\n\n\n<p>Za mobilnost \u0107e biti odabran <strong>kandidat<\/strong> koji zadovoljava kriterije sukladno projektnoj prijavi.<\/p>\n\n\n\n<p>ODABIR NASTAVNIKA<\/p>\n\n\n\n<p>Postupak odabira nastavnika provest \u0107e Povjerenstvo za odabir sudionika mobilnosti u sastavu:<\/p>\n\n\n\n<ol class=\"wp-block-list\" type=\"1\">\n<li>Jelena Naran\u010di\u0107, Erasmus+ koordinatorica<\/li>\n\n\n\n<li>Goranka Markovi\u0107, prof. geografije<\/li>\n\n\n\n<li>Mihaela Mordu\u0161, nastavnica engleskog i \u0161panjolskog jezika<\/li>\n\n\n\n<li>Dunja Opati\u0107 Sanuri, nastavnica engleskog jezika<\/li>\n\n\n\n<li>\u017deljka Gregorin, stru\u010dna suradnica<\/li>\n<\/ol>\n\n\n\n<p>Etape selekcije:<\/p>\n\n\n\n<ol class=\"wp-block-list\" type=\"1\">\n<li>Pisana prijava<\/li>\n\n\n\n<li>Usmeni razgovor<\/li>\n\n\n\n<li>Objava rezultata<\/li>\n<\/ol>\n\n\n\n<p>PISANA PRIJAVA<\/p>\n\n\n\n<p>Prijava se vr\u0161i preko Google obrasca: https:\/\/tinyurl.com\/2y3hva4q<\/p>\n\n\n\n<p>Obrazac je objavljen u sklopu natje\u010dajnog teksta na mre\u017enim stranicama I. gimnazije <a href=\"http:\/\/www.prva.hr\">www.prva.hr<\/a>. Rok za prijavu je sedam (7) kalendarskih dana od datuma objave natje\u010daja na mre\u017enoj stranici \u0161kole i na oglasnoj plo\u010di. &nbsp;<\/p>\n\n\n\n<p>Za pravovaljanu prijavu potrebno je:<\/p>\n\n\n\n<ol class=\"wp-block-list\" type=\"1\">\n<li>U potpunosti ispuniti polja u Google obrascu<\/li>\n\n\n\n<li>Na zadanom mjestu u Google obrascu prilo\u017eiti \u017eivotopis i motivacijsko pismo sukladno propisanim formama<\/li>\n<\/ol>\n\n\n\n<p>U \u017eivotopisu je potrebno istaknuti klju\u010dne stru\u010dne kompetencije vezane uz podru\u010dje kojim se bavi te\u010daj, op\u0107e kompetencije u sektoru odgoja i obrazovanja, iskustva rada na EU projektima s naglaskom na Erasmus+ projekte (navesti konkretne projekte i zadu\u017eenja na istima).<\/p>\n\n\n\n<p>Povjerenstvo za odabir sudionika provjeri \u0107e pravovaljanost prijava te \u0107e se svi kandidati s potpunim prijavama pozvati na usmeni razgovor.<\/p>\n\n\n\n<p>USMENI RAZGOVOR:<\/p>\n\n\n\n<p>Usmenim razgovorom \u0107e se utvrditi:<\/p>\n\n\n\n<p>&#8211; motiviranost za sudjelovanje u te\u010daju<\/p>\n\n\n\n<p>&#8211; jezi\u010dne kompetencije na stranom jeziku<\/p>\n\n\n\n<p>&#8211; predznanje o podru\u010djima zna\u010dajnima za te\u010daj<\/p>\n\n\n\n<p>Razgovoru \u0107e nazo\u010diti tri \u010dlana Povjerenstva.<\/p>\n\n\n\n<p>OBJAVA REZULTATA<\/p>\n\n\n\n<p>Privremeni rezultati bit \u0107e objavljeni na mre\u017enoj stranici \u0161kole i oglasnoj plo\u010di. Po objavi istih po\u010dinje te\u0107i \u017ealbeni rok u trajanju od 3 kalendarska dana. \u017dalbe se podnose u pismenom obliku Povjerenstvu za odabir sudionika mobilnosti predajom na urud\u017ebeni zapisnik u \u0161kolsku referadu. Kona\u010dni rezultati bit \u0107e objavljeni nakon isteka \u017ealbenog roka na oglasnoj plo\u010di i mre\u017enoj stranici I. gimnazije.<\/p>\n\n\n\n<p>Ukoliko se na natje\u010daj prijavi vi\u0161e nastavnika svi \u0107e se kandidati rangirati i oni koji ne budu izabrani bit \u0107e rezerva u slu\u010daju da odabrani nastavnik mora odustati od mobilnosti iz opravdanih razloga.<\/p>\n","protected":false},"excerpt":{"rendered":"<p>Klasa: 970-02\/25-01\/04 Urbroj: 251-84-25-1 Zagreb, 17. 2. 2025. Projekt 2024-1-HR01-KA121-SCH-000215550 NATJE\u010cAJ ZA INDIVIDUALNU MOBILNOST NASTAVNIKA I. GIMNAZIJE OP\u0106I DIO Na natje\u010daj se mogu prijaviti svi nastavnici I. gimnazije koji su upoznati s op\u0107im i specifi\u010dnim ciljevima Akreditacije Erasmus+&nbsp;kao i aktivnostima kojima \u0107e se ostvarivati ciljevi: INDIVIDUALNA MOBILNOST Oblik mobilnosti: STRUKTURIRANI TE\u010cAJ Naziv mobilnosti: From Global [&hellip;]<\/p>\n","protected":false},"author":2,"featured_media":0,"comment_status":"closed","ping_status":"closed","sticky":false,"template":"","format":"standard","meta":{"_et_pb_use_builder":"","_et_pb_old_content":"","_et_gb_content_width":"","footnotes":""},"categories":[66,147,127,1],"tags":[],"class_list":["post-19708","post","type-post","status-publish","format-standard","hentry","category-aktivnosti-projekti-erasmus","category-erasmus-natjecaji","category-erasmus","category-nekategorizirano"],"_links":{"self":[{"href":"https:\/\/prva.hr\/index.php\/wp-json\/wp\/v2\/posts\/19708","targetHints":{"allow":["GET"]}}],"collection":[{"href":"https:\/\/prva.hr\/index.php\/wp-json\/wp\/v2\/posts"}],"about":[{"href":"https:\/\/prva.hr\/index.php\/wp-json\/wp\/v2\/types\/post"}],"author":[{"embeddable":true,"href":"https:\/\/prva.hr\/index.php\/wp-json\/wp\/v2\/users\/2"}],"replies":[{"embeddable":true,"href":"https:\/\/prva.hr\/index.php\/wp-json\/wp\/v2\/comments?post=19708"}],"version-history":[{"count":2,"href":"https:\/\/prva.hr\/index.php\/wp-json\/wp\/v2\/posts\/19708\/revisions"}],"predecessor-version":[{"id":19713,"href":"https:\/\/prva.hr\/index.php\/wp-json\/wp\/v2\/posts\/19708\/revisions\/19713"}],"wp:attachment":[{"href":"https:\/\/prva.hr\/index.php\/wp-json\/wp\/v2\/media?parent=19708"}],"wp:term":[{"taxonomy":"category","embeddable":true,"href":"https:\/\/prva.hr\/index.php\/wp-json\/wp\/v2\/categories?post=19708"},{"taxonomy":"post_tag","embeddable":true,"href":"https:\/\/prva.hr\/index.php\/wp-json\/wp\/v2\/tags?post=19708"}],"curies":[{"name":"wp","href":"https:\/\/api.w.org\/{rel}","templated":true}]}}