{"id":19716,"date":"2025-02-18T09:33:51","date_gmt":"2025-02-18T08:33:51","guid":{"rendered":"https:\/\/www.prva.hr\/?p=19716"},"modified":"2025-02-18T09:33:53","modified_gmt":"2025-02-18T08:33:53","slug":"karneval-u-prvoj-5","status":"publish","type":"post","link":"https:\/\/prva.hr\/index.php\/2025\/02\/18\/karneval-u-prvoj-5\/","title":{"rendered":"KARNEVAL U PRVOJ"},"content":{"rendered":"\n<figure class=\"wp-block-image size-full is-resized\"><img decoding=\"async\" data-src=\"https:\/\/www.prva.hr\/wp-content\/uploads\/2025\/02\/Slika1.jpg\" alt=\"\" class=\"wp-image-19719 lazyload\" width=\"325\" height=\"325\" data-srcset=\"https:\/\/prva.hr\/wp-content\/uploads\/2025\/02\/Slika1.jpg 578w, https:\/\/prva.hr\/wp-content\/uploads\/2025\/02\/Slika1-300x300.jpg 300w, https:\/\/prva.hr\/wp-content\/uploads\/2025\/02\/Slika1-150x150.jpg 150w\" data-sizes=\"(max-width: 325px) 100vw, 325px\" src=\"data:image\/svg+xml;base64,PHN2ZyB3aWR0aD0iMSIgaGVpZ2h0PSIxIiB4bWxucz0iaHR0cDovL3d3dy53My5vcmcvMjAwMC9zdmciPjwvc3ZnPg==\" style=\"--smush-placeholder-width: 325px; --smush-placeholder-aspect-ratio: 325\/325;\" \/><\/figure>\n\n\n\n<p>Dragi u\u010denici,<\/p>\n\n\n\n<p>I ove godine planiramo obilje\u017eiti nezaboravni fa\u0161nik!<\/p>\n\n\n\n<p>Za vas smo pripremili dvije zasebne aktivnosti:<\/p>\n\n\n\n<p>1. <strong>natjecanje na Instagramu ( #copycat )<\/strong> <\/p>\n\n\n\n<ul class=\"wp-block-list\">\n<li>kopiraj osobu, bi\u0107a, stvari, scene iz filma, nekoga ili ne\u0161to iz glazbenog ili kulturno-umjetni\u010dkog svijeta&#8230; odluka je na tebi (ili vama, po\u0161to tako\u0111er pozdravljamo i grupne maske)<\/li>\n\n\n\n<li>kad se maskira\u0161 (ili maskirate) u kola\u017e s dvije fotografije, prilo\u017eite svoju fotografiju i originalnu fotografiju onoga \u0161to ili koga imitirate (vidi gore)<\/li>\n\n\n\n<li>fotografije po\u0161aljite na sljede\u0107u e-mail adresu: <strong><a href=\"mailto:pedagoginjaprve2@gmail.com\">pedagoginjaprve2@gmail.com<\/a>, <\/strong>a najkasnije do 1<strong>. o\u017eujka do 12.00 sati<\/strong><\/li>\n\n\n\n<li>sve fotografije objavit \u0107emo na slu\u017ebenom \u0161kolskom Instagramu<\/li>\n\n\n\n<li>pobjednik \u0107e biti <strong>copycat<\/strong> koji skupi najvi\u0161e lajkova<\/li>\n\n\n\n<li>progla\u0161enje pobjednika bit \u0107e na velikom odmoru <strong>4. o\u017eujka<\/strong><\/li>\n\n\n\n<li>Budi najbolji #copycat!<\/li>\n<\/ul>\n\n\n\n<p>2. <strong>tradicionalni karneval u razrednim maskama (4. o\u017eujka 2025.)<\/strong><\/p>\n\n\n\n<ul class=\"wp-block-list\">\n<li>izbor tema razrednih maski potpuno je na vama<\/li>\n\n\n\n<li>ocjenjivat \u0107e vas na\u0161 stru\u010dni \u017eiri<\/li>\n\n\n\n<li>tri najbolje razredne maske osvojit \u0107e nagrade za svoj trud<\/li>\n\n\n\n<li>progla\u0161enje pobjednika (kako razredne maske, tako i&nbsp; #copycat natjecanja) i zabava pod maskama bit \u0107e za vrijeme velikog odmora<\/li>\n<\/ul>\n","protected":false},"excerpt":{"rendered":"<p>Dragi u\u010denici, I ove godine planiramo obilje\u017eiti nezaboravni fa\u0161nik! Za vas smo pripremili dvije zasebne aktivnosti: 1. natjecanje na Instagramu ( #copycat ) 2. tradicionalni karneval u razrednim maskama (4. o\u017eujka 2025.)<\/p>\n","protected":false},"author":11,"featured_media":19717,"comment_status":"closed","ping_status":"0","sticky":false,"template":"","format":"standard","meta":{"_et_pb_use_builder":"","_et_pb_old_content":"","_et_gb_content_width":"","footnotes":""},"categories":[5,6,4],"tags":[],"class_list":["post-19716","post","type-post","status-publish","format-standard","has-post-thumbnail","hentry","category-aktivnosti","category-aktualna-dogadanja","category-najnovije-vijesti"],"_links":{"self":[{"href":"https:\/\/prva.hr\/index.php\/wp-json\/wp\/v2\/posts\/19716","targetHints":{"allow":["GET"]}}],"collection":[{"href":"https:\/\/prva.hr\/index.php\/wp-json\/wp\/v2\/posts"}],"about":[{"href":"https:\/\/prva.hr\/index.php\/wp-json\/wp\/v2\/types\/post"}],"author":[{"embeddable":true,"href":"https:\/\/prva.hr\/index.php\/wp-json\/wp\/v2\/users\/11"}],"replies":[{"embeddable":true,"href":"https:\/\/prva.hr\/index.php\/wp-json\/wp\/v2\/comments?post=19716"}],"version-history":[{"count":1,"href":"https:\/\/prva.hr\/index.php\/wp-json\/wp\/v2\/posts\/19716\/revisions"}],"predecessor-version":[{"id":19721,"href":"https:\/\/prva.hr\/index.php\/wp-json\/wp\/v2\/posts\/19716\/revisions\/19721"}],"wp:featuredmedia":[{"embeddable":true,"href":"https:\/\/prva.hr\/index.php\/wp-json\/wp\/v2\/media\/19717"}],"wp:attachment":[{"href":"https:\/\/prva.hr\/index.php\/wp-json\/wp\/v2\/media?parent=19716"}],"wp:term":[{"taxonomy":"category","embeddable":true,"href":"https:\/\/prva.hr\/index.php\/wp-json\/wp\/v2\/categories?post=19716"},{"taxonomy":"post_tag","embeddable":true,"href":"https:\/\/prva.hr\/index.php\/wp-json\/wp\/v2\/tags?post=19716"}],"curies":[{"name":"wp","href":"https:\/\/api.w.org\/{rel}","templated":true}]}}