{"id":1974,"date":"2017-10-17T10:02:32","date_gmt":"2017-10-17T08:02:32","guid":{"rendered":"http:\/\/www.prva.hr\/?p=1974"},"modified":"2017-10-17T10:02:32","modified_gmt":"2017-10-17T08:02:32","slug":"sajam-stipendija-i-visokog-obrazovanja-2017","status":"publish","type":"post","link":"https:\/\/prva.hr\/index.php\/2017\/10\/17\/sajam-stipendija-i-visokog-obrazovanja-2017\/","title":{"rendered":"SAJAM STIPENDIJA I VISOKOG OBRAZOVANJA 2017."},"content":{"rendered":"<p>U utorak <strong>17. 10. 2017., od 10.00 do 18.00 sati<\/strong> <strong>u Nacionalnoj i sveu\u010dili\u0161noj knji\u017enici <\/strong>odr\u017eava se <strong>Sajam stipendija i visokog obrazovanja.<\/strong><\/p>\n<p>Na Sajmu \u0107e se predstaviti institucije i sveu\u010dili\u0161ta iz Hrvatske, Austrije, Danske, Nizozemske, Francuske, Italije, Kanade, SAD-a, Njema\u010dke, Norve\u0161ke, Slovenije, \u0160vicarske i Velike Britanije.<\/p>\n<p>Vi\u0161e informacija o Sajmu mo\u017eete prona\u0107i na poveznici\u00a0 <a href=\"http:\/\/www.stipendije.info\/hr\/sajam\/o_sajmu\/sajam_2017\">http:\/\/www.stipendije.info\/hr\/sajam\/o_sajmu\/sajam_2017<\/a><\/p>\n<p>Pozivamo sve u\u010denike koji su zainteresirani za dobivanje stipendije i studiranje u inozemstvu da posjete Sajam.<\/p>\n","protected":false},"excerpt":{"rendered":"<p>U utorak 17. 10. 2017., od 10.00 do 18.00 sati u Nacionalnoj i sveu\u010dili\u0161noj knji\u017enici odr\u017eava se Sajam stipendija i visokog obrazovanja. Na Sajmu \u0107e se predstaviti institucije i sveu\u010dili\u0161ta iz Hrvatske, Austrije, Danske, Nizozemske, Francuske, Italije, Kanade, SAD-a, Njema\u010dke, Norve\u0161ke, Slovenije, \u0160vicarske i Velike Britanije. Vi\u0161e informacija o Sajmu mo\u017eete prona\u0107i na poveznici\u00a0 http:\/\/www.stipendije.info\/hr\/sajam\/o_sajmu\/sajam_2017 [&hellip;]<\/p>\n","protected":false},"author":6,"featured_media":0,"comment_status":"closed","ping_status":"closed","sticky":false,"template":"","format":"standard","meta":{"_et_pb_use_builder":"","_et_pb_old_content":"","_et_gb_content_width":"","footnotes":""},"categories":[14],"tags":[],"class_list":["post-1974","post","type-post","status-publish","format-standard","hentry","category-dogadanja-izvan-skole"],"_links":{"self":[{"href":"https:\/\/prva.hr\/index.php\/wp-json\/wp\/v2\/posts\/1974","targetHints":{"allow":["GET"]}}],"collection":[{"href":"https:\/\/prva.hr\/index.php\/wp-json\/wp\/v2\/posts"}],"about":[{"href":"https:\/\/prva.hr\/index.php\/wp-json\/wp\/v2\/types\/post"}],"author":[{"embeddable":true,"href":"https:\/\/prva.hr\/index.php\/wp-json\/wp\/v2\/users\/6"}],"replies":[{"embeddable":true,"href":"https:\/\/prva.hr\/index.php\/wp-json\/wp\/v2\/comments?post=1974"}],"version-history":[{"count":2,"href":"https:\/\/prva.hr\/index.php\/wp-json\/wp\/v2\/posts\/1974\/revisions"}],"predecessor-version":[{"id":1977,"href":"https:\/\/prva.hr\/index.php\/wp-json\/wp\/v2\/posts\/1974\/revisions\/1977"}],"wp:attachment":[{"href":"https:\/\/prva.hr\/index.php\/wp-json\/wp\/v2\/media?parent=1974"}],"wp:term":[{"taxonomy":"category","embeddable":true,"href":"https:\/\/prva.hr\/index.php\/wp-json\/wp\/v2\/categories?post=1974"},{"taxonomy":"post_tag","embeddable":true,"href":"https:\/\/prva.hr\/index.php\/wp-json\/wp\/v2\/tags?post=1974"}],"curies":[{"name":"wp","href":"https:\/\/api.w.org\/{rel}","templated":true}]}}