{"id":20027,"date":"2025-03-25T09:36:00","date_gmt":"2025-03-25T08:36:00","guid":{"rendered":"https:\/\/www.prva.hr\/?p=20027"},"modified":"2025-03-25T09:36:07","modified_gmt":"2025-03-25T08:36:07","slug":"vecer-frankofonije-u-kulturnom-centru-travno","status":"publish","type":"post","link":"https:\/\/prva.hr\/index.php\/2025\/03\/25\/vecer-frankofonije-u-kulturnom-centru-travno\/","title":{"rendered":"Ve\u010der Frankofonije u Kulturnom centru Travno"},"content":{"rendered":"\n<p>U petak, 21. o\u017eujka 2025. godine odr\u017eana je jo\u0161 jedna Ve\u010der Frankofonije, Ve\u010der Udruge profesora francuskoga jezika koja se tradicionalno odvija u o\u017eujku, mjesecu Frankofonije. Na\u0161i u\u010denici odazvali su se i ove godine, kao i mnogih godina ranije, ove godine s pjesmom francuskog pjeva\u010da Slimana:<\/p>\n\n\n\n<p>Mon amour. Pjesmu su izvele Lana \u0160urina, 4.c i Ida Valpoti\u0107, 3.b. uz pratnju Katarine Pranji\u0107 na klavijaturama, 3.b te Sa\u0161e Federbara Bu\u010dana, 1.c na elektri\u010dnoj gitari. Vrlo uspje\u0161an nastup pokazao je sav njihov talent, uz jezi\u010dno mentorstvo profesorica Jasnice Rebrovi\u0107 i Tatjane Bano\u017ei\u0107 te glazbenu pripremu\u00a0profesorice Kristine Vladu\u0161i\u0107. Bravo, ekipa!<\/p>\n\n\n\n<p>Video zapis mo\u017eete pogledati <a href=\"https:\/\/www.facebook.com\/share\/p\/14xT5rBHyX\/\" data-type=\"URL\" data-id=\"https:\/\/www.facebook.com\/share\/p\/14xT5rBHyX\/\" target=\"_blank\" rel=\"noreferrer noopener\">ovdje<\/a>.<\/p>\n\n\n\n<figure class=\"wp-block-gallery has-nested-images columns-default is-cropped wp-block-gallery-1 is-layout-flex wp-block-gallery-is-layout-flex\">\n<figure class=\"wp-block-image size-large\"><img decoding=\"async\" width=\"1024\" height=\"795\" data-id=\"20029\" data-src=\"https:\/\/www.prva.hr\/wp-content\/uploads\/2025\/03\/Frankofonija_3-1024x795.jpg\" alt=\"\" class=\"wp-image-20029 lazyload\" data-srcset=\"https:\/\/prva.hr\/wp-content\/uploads\/2025\/03\/Frankofonija_3-1024x795.jpg 1024w, https:\/\/prva.hr\/wp-content\/uploads\/2025\/03\/Frankofonija_3-300x233.jpg 300w, https:\/\/prva.hr\/wp-content\/uploads\/2025\/03\/Frankofonija_3-768x596.jpg 768w, https:\/\/prva.hr\/wp-content\/uploads\/2025\/03\/Frankofonija_3-387x300.jpg 387w, https:\/\/prva.hr\/wp-content\/uploads\/2025\/03\/Frankofonija_3.jpg 1361w\" data-sizes=\"(max-width: 1024px) 100vw, 1024px\" src=\"data:image\/svg+xml;base64,PHN2ZyB3aWR0aD0iMSIgaGVpZ2h0PSIxIiB4bWxucz0iaHR0cDovL3d3dy53My5vcmcvMjAwMC9zdmciPjwvc3ZnPg==\" style=\"--smush-placeholder-width: 1024px; --smush-placeholder-aspect-ratio: 1024\/795;\" \/><\/figure>\n\n\n\n<figure class=\"wp-block-image size-large\"><img decoding=\"async\" width=\"1024\" height=\"882\" data-id=\"20030\" data-src=\"https:\/\/www.prva.hr\/wp-content\/uploads\/2025\/03\/Frankofonija_1-1024x882.jpg\" alt=\"\" class=\"wp-image-20030 lazyload\" data-srcset=\"https:\/\/prva.hr\/wp-content\/uploads\/2025\/03\/Frankofonija_1-1024x882.jpg 1024w, https:\/\/prva.hr\/wp-content\/uploads\/2025\/03\/Frankofonija_1-300x258.jpg 300w, https:\/\/prva.hr\/wp-content\/uploads\/2025\/03\/Frankofonija_1-768x661.jpg 768w, https:\/\/prva.hr\/wp-content\/uploads\/2025\/03\/Frankofonija_1-1536x1322.jpg 1536w, https:\/\/prva.hr\/wp-content\/uploads\/2025\/03\/Frankofonija_1-348x300.jpg 348w, https:\/\/prva.hr\/wp-content\/uploads\/2025\/03\/Frankofonija_1.jpg 1870w\" data-sizes=\"(max-width: 1024px) 100vw, 1024px\" src=\"data:image\/svg+xml;base64,PHN2ZyB3aWR0aD0iMSIgaGVpZ2h0PSIxIiB4bWxucz0iaHR0cDovL3d3dy53My5vcmcvMjAwMC9zdmciPjwvc3ZnPg==\" style=\"--smush-placeholder-width: 1024px; --smush-placeholder-aspect-ratio: 1024\/882;\" \/><\/figure>\n<\/figure>\n","protected":false},"excerpt":{"rendered":"<p>U petak, 21. o\u017eujka 2025. godine odr\u017eana je jo\u0161 jedna Ve\u010der Frankofonije, Ve\u010der Udruge profesora francuskoga jezika koja se tradicionalno odvija u o\u017eujku, mjesecu Frankofonije. Na\u0161i u\u010denici odazvali su se i ove godine, kao i mnogih godina ranije, ove godine s pjesmom francuskog pjeva\u010da Slimana: Mon amour. Pjesmu su izvele Lana \u0160urina, 4.c i Ida [&hellip;]<\/p>\n","protected":false},"author":7,"featured_media":20028,"comment_status":"closed","ping_status":"0","sticky":false,"template":"","format":"standard","meta":{"_et_pb_use_builder":"","_et_pb_old_content":"","_et_gb_content_width":"","footnotes":""},"categories":[4],"tags":[],"class_list":["post-20027","post","type-post","status-publish","format-standard","has-post-thumbnail","hentry","category-najnovije-vijesti"],"_links":{"self":[{"href":"https:\/\/prva.hr\/index.php\/wp-json\/wp\/v2\/posts\/20027","targetHints":{"allow":["GET"]}}],"collection":[{"href":"https:\/\/prva.hr\/index.php\/wp-json\/wp\/v2\/posts"}],"about":[{"href":"https:\/\/prva.hr\/index.php\/wp-json\/wp\/v2\/types\/post"}],"author":[{"embeddable":true,"href":"https:\/\/prva.hr\/index.php\/wp-json\/wp\/v2\/users\/7"}],"replies":[{"embeddable":true,"href":"https:\/\/prva.hr\/index.php\/wp-json\/wp\/v2\/comments?post=20027"}],"version-history":[{"count":1,"href":"https:\/\/prva.hr\/index.php\/wp-json\/wp\/v2\/posts\/20027\/revisions"}],"predecessor-version":[{"id":20031,"href":"https:\/\/prva.hr\/index.php\/wp-json\/wp\/v2\/posts\/20027\/revisions\/20031"}],"wp:featuredmedia":[{"embeddable":true,"href":"https:\/\/prva.hr\/index.php\/wp-json\/wp\/v2\/media\/20028"}],"wp:attachment":[{"href":"https:\/\/prva.hr\/index.php\/wp-json\/wp\/v2\/media?parent=20027"}],"wp:term":[{"taxonomy":"category","embeddable":true,"href":"https:\/\/prva.hr\/index.php\/wp-json\/wp\/v2\/categories?post=20027"},{"taxonomy":"post_tag","embeddable":true,"href":"https:\/\/prva.hr\/index.php\/wp-json\/wp\/v2\/tags?post=20027"}],"curies":[{"name":"wp","href":"https:\/\/api.w.org\/{rel}","templated":true}]}}