{"id":20091,"date":"2025-03-28T10:24:41","date_gmt":"2025-03-28T09:24:41","guid":{"rendered":"https:\/\/www.prva.hr\/?p=20091"},"modified":"2025-03-28T10:24:48","modified_gmt":"2025-03-28T09:24:48","slug":"natjecanje-mladih-hrvatskog-crvenog-kriza","status":"publish","type":"post","link":"https:\/\/prva.hr\/index.php\/2025\/03\/28\/natjecanje-mladih-hrvatskog-crvenog-kriza\/","title":{"rendered":"Natjecanje mladih Hrvatskog Crvenog kri\u017ea"},"content":{"rendered":"\n<p>Ekipa prve pomo\u0107i sudjelovala je na natjecanju Crvenog kri\u017ea, odr\u017eanom 15. o\u017eujka u O\u0160 Siget gdje su pokazali svoje znanje, brzinu i vje\u0161tine te osvojili 1. mjesto!<\/p>\n\n\n\n<p>Ovaj uspjeh rezultat je velikoga truda ekipe prve pomo\u0107i koju \u010dine Borko Novak (1. b), Marta El Mustafa (1. b), Vito Cirkven\u010di\u0107 (1. b), Eva Kova\u010devi\u0107 (2. d), Natali Berdar (2. d) i Nives Mesi\u0107 (3. c), te naravno njihovih voditeljica Elene Juki\u0107 (4. c) i Antonije Bu\u010dkal (4. d) te mentora, profesora Dragana Ra\u0161i\u0107a. <\/p>\n\n\n\n<p>\u010cestitke u\u010denicima i njihovom mentoru!<\/p>\n","protected":false},"excerpt":{"rendered":"<p>Ekipa prve pomo\u0107i sudjelovala je na natjecanju Crvenog kri\u017ea, odr\u017eanom 15. o\u017eujka u O\u0160 Siget gdje su pokazali svoje znanje, brzinu i vje\u0161tine te osvojili 1. mjesto! Ovaj uspjeh rezultat je velikoga truda ekipe prve pomo\u0107i koju \u010dine Borko Novak (1. b), Marta El Mustafa (1. b), Vito Cirkven\u010di\u0107 (1. b), Eva Kova\u010devi\u0107 (2. d), [&hellip;]<\/p>\n","protected":false},"author":7,"featured_media":20092,"comment_status":"closed","ping_status":"0","sticky":false,"template":"","format":"standard","meta":{"_et_pb_use_builder":"","_et_pb_old_content":"","_et_gb_content_width":"","footnotes":""},"categories":[6,7],"tags":[],"class_list":["post-20091","post","type-post","status-publish","format-standard","has-post-thumbnail","hentry","category-aktualna-dogadanja","category-crveni-kriz"],"_links":{"self":[{"href":"https:\/\/prva.hr\/index.php\/wp-json\/wp\/v2\/posts\/20091","targetHints":{"allow":["GET"]}}],"collection":[{"href":"https:\/\/prva.hr\/index.php\/wp-json\/wp\/v2\/posts"}],"about":[{"href":"https:\/\/prva.hr\/index.php\/wp-json\/wp\/v2\/types\/post"}],"author":[{"embeddable":true,"href":"https:\/\/prva.hr\/index.php\/wp-json\/wp\/v2\/users\/7"}],"replies":[{"embeddable":true,"href":"https:\/\/prva.hr\/index.php\/wp-json\/wp\/v2\/comments?post=20091"}],"version-history":[{"count":1,"href":"https:\/\/prva.hr\/index.php\/wp-json\/wp\/v2\/posts\/20091\/revisions"}],"predecessor-version":[{"id":20093,"href":"https:\/\/prva.hr\/index.php\/wp-json\/wp\/v2\/posts\/20091\/revisions\/20093"}],"wp:featuredmedia":[{"embeddable":true,"href":"https:\/\/prva.hr\/index.php\/wp-json\/wp\/v2\/media\/20092"}],"wp:attachment":[{"href":"https:\/\/prva.hr\/index.php\/wp-json\/wp\/v2\/media?parent=20091"}],"wp:term":[{"taxonomy":"category","embeddable":true,"href":"https:\/\/prva.hr\/index.php\/wp-json\/wp\/v2\/categories?post=20091"},{"taxonomy":"post_tag","embeddable":true,"href":"https:\/\/prva.hr\/index.php\/wp-json\/wp\/v2\/tags?post=20091"}],"curies":[{"name":"wp","href":"https:\/\/api.w.org\/{rel}","templated":true}]}}