{"id":20191,"date":"2025-04-07T18:23:04","date_gmt":"2025-04-07T16:23:04","guid":{"rendered":"https:\/\/www.prva.hr\/?p=20191"},"modified":"2025-12-04T09:54:35","modified_gmt":"2025-12-04T08:54:35","slug":"poziv-na-razgovor-erasmus-imaginarium","status":"publish","type":"post","link":"https:\/\/prva.hr\/index.php\/2025\/04\/07\/poziv-na-razgovor-erasmus-imaginarium\/","title":{"rendered":"Poziv na razgovor Erasmus + Imaginarium"},"content":{"rendered":"\n<p>Pozivamo u\u010denice i u\u010denike prvih i drugih razreda koji su se prijavili na sudjelovanju na Erasmus+ projektu IMAGINARIUM da do\u0111u na razgovor u \u0161kolsku knji\u017enicu po navedenom rasporedu:\u00a0<\/p>\n\n\n\n<p>Utorak (8.4.) &#8211; 3.sat<\/p>\n\n\n\n<p>1.BAZ21&nbsp;<\/p>\n\n\n\n<p>2. 3D2ML&nbsp;<\/p>\n\n\n\n<p>3. 11209&nbsp;<\/p>\n\n\n\n<p>4. NIKO\u00a0<\/p>\n\n\n\n<p>5. 71017&nbsp;<\/p>\n\n\n\n<p>6. MARTA&nbsp;<\/p>\n\n\n\n<p>7. 24709&nbsp;<\/p>\n\n\n\n<p>8. E2161&nbsp;<\/p>\n\n\n\n<p>Srijeda (9.4.) &#8211; 4.sat<\/p>\n\n\n\n<p>1. SUNCE&nbsp;<\/p>\n\n\n\n<p>2. S3AL2&nbsp;<\/p>\n\n\n\n<p>3. 25783&nbsp;<\/p>\n\n\n\n<p>4. 6636E&nbsp;<\/p>\n\n\n\n<p>5. PAN2A&nbsp;<\/p>\n\n\n\n<p>6. 97208&nbsp;<\/p>\n\n\n\n<p>7. 2118&nbsp;<\/p>\n\n\n\n<p>Ako ste bolesni ili pi\u0161ete pisanu provjeru u zadano vrijeme, molimo da javite na mail&nbsp;<a href=\"mailto:dunjaopa@gmail.com\" target=\"_blank\" rel=\"noreferrer noopener\">dunjaopa@gmail.com<\/a>&nbsp;kako bi vam bio dodijeljen drugi termin.&nbsp;<\/p>\n","protected":false},"excerpt":{"rendered":"<p>Pozivamo u\u010denice i u\u010denike prvih i drugih razreda koji su se prijavili na sudjelovanju na Erasmus+ projektu IMAGINARIUM da do\u0111u na razgovor u \u0161kolsku knji\u017enicu po navedenom rasporedu:\u00a0 Utorak (8.4.) &#8211; 3.sat 1.BAZ21&nbsp; 2. 3D2ML&nbsp; 3. 11209&nbsp; 4. NIKO\u00a0 5. 71017&nbsp; 6. MARTA&nbsp; 7. 24709&nbsp; 8. E2161&nbsp; Srijeda (9.4.) &#8211; 4.sat 1. SUNCE&nbsp; 2. S3AL2&nbsp; [&hellip;]<\/p>\n","protected":false},"author":11,"featured_media":0,"comment_status":"closed","ping_status":"closed","sticky":false,"template":"","format":"standard","meta":{"_et_pb_use_builder":"","_et_pb_old_content":"","_et_gb_content_width":"","footnotes":""},"categories":[66,148,127,4],"tags":[],"class_list":["post-20191","post","type-post","status-publish","format-standard","hentry","category-aktivnosti-projekti-erasmus","category-erasmus-aktivnosti","category-erasmus","category-najnovije-vijesti"],"_links":{"self":[{"href":"https:\/\/prva.hr\/index.php\/wp-json\/wp\/v2\/posts\/20191","targetHints":{"allow":["GET"]}}],"collection":[{"href":"https:\/\/prva.hr\/index.php\/wp-json\/wp\/v2\/posts"}],"about":[{"href":"https:\/\/prva.hr\/index.php\/wp-json\/wp\/v2\/types\/post"}],"author":[{"embeddable":true,"href":"https:\/\/prva.hr\/index.php\/wp-json\/wp\/v2\/users\/11"}],"replies":[{"embeddable":true,"href":"https:\/\/prva.hr\/index.php\/wp-json\/wp\/v2\/comments?post=20191"}],"version-history":[{"count":1,"href":"https:\/\/prva.hr\/index.php\/wp-json\/wp\/v2\/posts\/20191\/revisions"}],"predecessor-version":[{"id":20192,"href":"https:\/\/prva.hr\/index.php\/wp-json\/wp\/v2\/posts\/20191\/revisions\/20192"}],"wp:attachment":[{"href":"https:\/\/prva.hr\/index.php\/wp-json\/wp\/v2\/media?parent=20191"}],"wp:term":[{"taxonomy":"category","embeddable":true,"href":"https:\/\/prva.hr\/index.php\/wp-json\/wp\/v2\/categories?post=20191"},{"taxonomy":"post_tag","embeddable":true,"href":"https:\/\/prva.hr\/index.php\/wp-json\/wp\/v2\/tags?post=20191"}],"curies":[{"name":"wp","href":"https:\/\/api.w.org\/{rel}","templated":true}]}}