{"id":20198,"date":"2025-04-08T14:51:02","date_gmt":"2025-04-08T12:51:02","guid":{"rendered":"https:\/\/www.prva.hr\/?p=20198"},"modified":"2025-04-08T14:51:07","modified_gmt":"2025-04-08T12:51:07","slug":"zupanijsko-natjecanje-iz-hrvatskog-jezika-i-poziv-na-drzavno-natjecanje","status":"publish","type":"post","link":"https:\/\/prva.hr\/index.php\/2025\/04\/08\/zupanijsko-natjecanje-iz-hrvatskog-jezika-i-poziv-na-drzavno-natjecanje\/","title":{"rendered":"\u017dupanijsko Natjecanje iz hrvatskog jezika i poziv na dr\u017eavno natjecanje"},"content":{"rendered":"\n<p>Natjecanje iz hrvatskoga jezika ove je godine naro\u010dito uspje\u0161no. Ponosni smo na sjajne rezultate u\u010denika na \u017eupanijskoj razini natjecanja! &nbsp;<\/p>\n\n\n\n<p>U kategoriji \u010detvrtih razreda&nbsp;<strong>Ana Tumir<\/strong>&nbsp;(mentorice Maje Beze Romi\u0107) bila je prva.&nbsp;<\/p>\n\n\n\n<p>U kategoriji drugih razreda&nbsp;<strong>Katarina Groznica<\/strong>&nbsp;(Maja Buza Romi\u0107) bila je druga, a&nbsp;<strong>Karlo Zeko<\/strong>&nbsp;(mentorice Antonije Sikavice Joler) tre\u0107i.&nbsp;<\/p>\n\n\n\n<p><strong>Daria Jakeli\u0107&nbsp;<\/strong>u kategoriji tre\u0107ih&nbsp;razreda (mentorice Martine \u0160obar) bila je deseta. &nbsp;<\/p>\n\n\n\n<p>Obilje bodova bilo je dovoljno da na\u0161i vrijedni natjecatelji&nbsp; budu pozvani na dr\u017eavno Natjecanje iz hrvatskoga jezika.&nbsp;<\/p>\n\n\n\n<p>\u010cestitamo u\u010denicima i mentoricama!&nbsp;<\/p>\n","protected":false},"excerpt":{"rendered":"<p>Natjecanje iz hrvatskoga jezika ove je godine naro\u010dito uspje\u0161no. Ponosni smo na sjajne rezultate u\u010denika na \u017eupanijskoj razini natjecanja! &nbsp; U kategoriji \u010detvrtih razreda&nbsp;Ana Tumir&nbsp;(mentorice Maje Beze Romi\u0107) bila je prva.&nbsp; U kategoriji drugih razreda&nbsp;Katarina Groznica&nbsp;(Maja Buza Romi\u0107) bila je druga, a&nbsp;Karlo Zeko&nbsp;(mentorice Antonije Sikavice Joler) tre\u0107i.&nbsp; Daria Jakeli\u0107&nbsp;u kategoriji tre\u0107ih&nbsp;razreda (mentorice Martine \u0160obar) bila [&hellip;]<\/p>\n","protected":false},"author":7,"featured_media":0,"comment_status":"closed","ping_status":"0","sticky":false,"template":"","format":"standard","meta":{"_et_pb_use_builder":"","_et_pb_old_content":"","_et_gb_content_width":"","footnotes":""},"categories":[4,24],"tags":[],"class_list":["post-20198","post","type-post","status-publish","format-standard","hentry","category-najnovije-vijesti","category-predmetna-natjecanja"],"_links":{"self":[{"href":"https:\/\/prva.hr\/index.php\/wp-json\/wp\/v2\/posts\/20198","targetHints":{"allow":["GET"]}}],"collection":[{"href":"https:\/\/prva.hr\/index.php\/wp-json\/wp\/v2\/posts"}],"about":[{"href":"https:\/\/prva.hr\/index.php\/wp-json\/wp\/v2\/types\/post"}],"author":[{"embeddable":true,"href":"https:\/\/prva.hr\/index.php\/wp-json\/wp\/v2\/users\/7"}],"replies":[{"embeddable":true,"href":"https:\/\/prva.hr\/index.php\/wp-json\/wp\/v2\/comments?post=20198"}],"version-history":[{"count":1,"href":"https:\/\/prva.hr\/index.php\/wp-json\/wp\/v2\/posts\/20198\/revisions"}],"predecessor-version":[{"id":20199,"href":"https:\/\/prva.hr\/index.php\/wp-json\/wp\/v2\/posts\/20198\/revisions\/20199"}],"wp:attachment":[{"href":"https:\/\/prva.hr\/index.php\/wp-json\/wp\/v2\/media?parent=20198"}],"wp:term":[{"taxonomy":"category","embeddable":true,"href":"https:\/\/prva.hr\/index.php\/wp-json\/wp\/v2\/categories?post=20198"},{"taxonomy":"post_tag","embeddable":true,"href":"https:\/\/prva.hr\/index.php\/wp-json\/wp\/v2\/tags?post=20198"}],"curies":[{"name":"wp","href":"https:\/\/api.w.org\/{rel}","templated":true}]}}