{"id":20212,"date":"2025-04-10T07:42:25","date_gmt":"2025-04-10T05:42:25","guid":{"rendered":"https:\/\/www.prva.hr\/?p=20212"},"modified":"2025-04-10T07:42:29","modified_gmt":"2025-04-10T05:42:29","slug":"nacin-organizacije-odgojno-obrazovnog-rada-tijekom-strajka-2","status":"publish","type":"post","link":"https:\/\/prva.hr\/index.php\/2025\/04\/10\/nacin-organizacije-odgojno-obrazovnog-rada-tijekom-strajka-2\/","title":{"rendered":"Na\u010din organizacije odgojno-obrazovnog rada tijekom \u0161trajka"},"content":{"rendered":"\n<p>S obzirom na ve\u0107i broj profesora koji \u0107e biti uklju\u010deni u \u0161trajk 11. travnja 2025. godine za sve \u0107e u\u010denike biti dostupna sportska dvorana i \u010ditaonica u periodu od 8.00 do 14.00h. Dio razreda imat \u0107e redovnu nastavu po posebnom rasporedu koji \u0107e biti objavljen do 14.00h. Za dodatne informacije mo\u017eete se obratiti na info@prva.hr<\/p>\n","protected":false},"excerpt":{"rendered":"<p>S obzirom na ve\u0107i broj profesora koji \u0107e biti uklju\u010deni u \u0161trajk 11. travnja 2025. godine za sve \u0107e u\u010denike biti dostupna sportska dvorana i \u010ditaonica u periodu od 8.00 do 14.00h. Dio razreda imat \u0107e redovnu nastavu po posebnom rasporedu koji \u0107e biti objavljen do 14.00h. Za dodatne informacije mo\u017eete se obratiti na info@prva.hr<\/p>\n","protected":false},"author":2,"featured_media":0,"comment_status":"closed","ping_status":"0","sticky":false,"template":"","format":"standard","meta":{"_et_pb_use_builder":"","_et_pb_old_content":"","_et_gb_content_width":"","footnotes":""},"categories":[4],"tags":[],"class_list":["post-20212","post","type-post","status-publish","format-standard","hentry","category-najnovije-vijesti"],"_links":{"self":[{"href":"https:\/\/prva.hr\/index.php\/wp-json\/wp\/v2\/posts\/20212","targetHints":{"allow":["GET"]}}],"collection":[{"href":"https:\/\/prva.hr\/index.php\/wp-json\/wp\/v2\/posts"}],"about":[{"href":"https:\/\/prva.hr\/index.php\/wp-json\/wp\/v2\/types\/post"}],"author":[{"embeddable":true,"href":"https:\/\/prva.hr\/index.php\/wp-json\/wp\/v2\/users\/2"}],"replies":[{"embeddable":true,"href":"https:\/\/prva.hr\/index.php\/wp-json\/wp\/v2\/comments?post=20212"}],"version-history":[{"count":1,"href":"https:\/\/prva.hr\/index.php\/wp-json\/wp\/v2\/posts\/20212\/revisions"}],"predecessor-version":[{"id":20213,"href":"https:\/\/prva.hr\/index.php\/wp-json\/wp\/v2\/posts\/20212\/revisions\/20213"}],"wp:attachment":[{"href":"https:\/\/prva.hr\/index.php\/wp-json\/wp\/v2\/media?parent=20212"}],"wp:term":[{"taxonomy":"category","embeddable":true,"href":"https:\/\/prva.hr\/index.php\/wp-json\/wp\/v2\/categories?post=20212"},{"taxonomy":"post_tag","embeddable":true,"href":"https:\/\/prva.hr\/index.php\/wp-json\/wp\/v2\/tags?post=20212"}],"curies":[{"name":"wp","href":"https:\/\/api.w.org\/{rel}","templated":true}]}}