{"id":20216,"date":"2025-04-10T13:58:25","date_gmt":"2025-04-10T11:58:25","guid":{"rendered":"https:\/\/www.prva.hr\/?p=20216"},"modified":"2025-04-10T13:58:25","modified_gmt":"2025-04-10T11:58:25","slug":"drzavno-natjecanje-iz-biologije-2","status":"publish","type":"post","link":"https:\/\/prva.hr\/index.php\/2025\/04\/10\/drzavno-natjecanje-iz-biologije-2\/","title":{"rendered":"Dr\u017eavno Natjecanje iz biologije"},"content":{"rendered":"\n<p>U\u010denik Davor Soka\u010d (1. b) predstavljao je na\u0161u \u0161kolu na dr\u017eavnom Natjecanju iz biologije koje je odr\u017eano od 6. do 9. travnja u Pore\u010du. Na kraju natjecanja Davor je ostvario odli\u010dan uspjeh, 4. mjesto! <\/p>\n\n\n\n<p>\u010cestitamo Davoru te njegovoj mentorici Tatjani Markovi\u0107, prof.!<\/p>\n\n\n\n<p><\/p>\n\n\n\n<figure class=\"wp-block-image size-large\"><img decoding=\"async\" width=\"1024\" height=\"1024\" data-src=\"https:\/\/www.prva.hr\/wp-content\/uploads\/2025\/04\/IMG-20250409-WA0005-1024x1024.jpg\" alt=\"\" class=\"wp-image-20219 lazyload\" data-srcset=\"https:\/\/prva.hr\/wp-content\/uploads\/2025\/04\/IMG-20250409-WA0005-1024x1024.jpg 1024w, https:\/\/prva.hr\/wp-content\/uploads\/2025\/04\/IMG-20250409-WA0005-300x300.jpg 300w, https:\/\/prva.hr\/wp-content\/uploads\/2025\/04\/IMG-20250409-WA0005-150x150.jpg 150w, https:\/\/prva.hr\/wp-content\/uploads\/2025\/04\/IMG-20250409-WA0005-768x768.jpg 768w, https:\/\/prva.hr\/wp-content\/uploads\/2025\/04\/IMG-20250409-WA0005-1536x1536.jpg 1536w, https:\/\/prva.hr\/wp-content\/uploads\/2025\/04\/IMG-20250409-WA0005.jpg 2048w\" data-sizes=\"(max-width: 1024px) 100vw, 1024px\" src=\"data:image\/svg+xml;base64,PHN2ZyB3aWR0aD0iMSIgaGVpZ2h0PSIxIiB4bWxucz0iaHR0cDovL3d3dy53My5vcmcvMjAwMC9zdmciPjwvc3ZnPg==\" style=\"--smush-placeholder-width: 1024px; --smush-placeholder-aspect-ratio: 1024\/1024;\" \/><\/figure>\n","protected":false},"excerpt":{"rendered":"<p>U\u010denik Davor Soka\u010d (1. b) predstavljao je na\u0161u \u0161kolu na dr\u017eavnom Natjecanju iz biologije koje je odr\u017eano od 6. do 9. travnja u Pore\u010du. Na kraju natjecanja Davor je ostvario odli\u010dan uspjeh, 4. mjesto! \u010cestitamo Davoru te njegovoj mentorici Tatjani Markovi\u0107, prof.!<\/p>\n","protected":false},"author":7,"featured_media":20218,"comment_status":"closed","ping_status":"0","sticky":false,"template":"","format":"standard","meta":{"_et_pb_use_builder":"","_et_pb_old_content":"","_et_gb_content_width":"","footnotes":""},"categories":[4,24],"tags":[],"class_list":["post-20216","post","type-post","status-publish","format-standard","has-post-thumbnail","hentry","category-najnovije-vijesti","category-predmetna-natjecanja"],"_links":{"self":[{"href":"https:\/\/prva.hr\/index.php\/wp-json\/wp\/v2\/posts\/20216","targetHints":{"allow":["GET"]}}],"collection":[{"href":"https:\/\/prva.hr\/index.php\/wp-json\/wp\/v2\/posts"}],"about":[{"href":"https:\/\/prva.hr\/index.php\/wp-json\/wp\/v2\/types\/post"}],"author":[{"embeddable":true,"href":"https:\/\/prva.hr\/index.php\/wp-json\/wp\/v2\/users\/7"}],"replies":[{"embeddable":true,"href":"https:\/\/prva.hr\/index.php\/wp-json\/wp\/v2\/comments?post=20216"}],"version-history":[{"count":1,"href":"https:\/\/prva.hr\/index.php\/wp-json\/wp\/v2\/posts\/20216\/revisions"}],"predecessor-version":[{"id":20220,"href":"https:\/\/prva.hr\/index.php\/wp-json\/wp\/v2\/posts\/20216\/revisions\/20220"}],"wp:featuredmedia":[{"embeddable":true,"href":"https:\/\/prva.hr\/index.php\/wp-json\/wp\/v2\/media\/20218"}],"wp:attachment":[{"href":"https:\/\/prva.hr\/index.php\/wp-json\/wp\/v2\/media?parent=20216"}],"wp:term":[{"taxonomy":"category","embeddable":true,"href":"https:\/\/prva.hr\/index.php\/wp-json\/wp\/v2\/categories?post=20216"},{"taxonomy":"post_tag","embeddable":true,"href":"https:\/\/prva.hr\/index.php\/wp-json\/wp\/v2\/tags?post=20216"}],"curies":[{"name":"wp","href":"https:\/\/api.w.org\/{rel}","templated":true}]}}