{"id":20237,"date":"2025-04-15T08:13:28","date_gmt":"2025-04-15T06:13:28","guid":{"rendered":"https:\/\/www.prva.hr\/?p=20237"},"modified":"2025-04-15T08:13:30","modified_gmt":"2025-04-15T06:13:30","slug":"posjet-nuklearnoj-elektrani-krsko","status":"publish","type":"post","link":"https:\/\/prva.hr\/index.php\/2025\/04\/15\/posjet-nuklearnoj-elektrani-krsko\/","title":{"rendered":"Posjet nuklearnoj elektrani Kr\u0161ko"},"content":{"rendered":"\n<p>I ove su godine maturanti I. gimnazije posjetili jedinu hrvatsku nuklearnu elektranu, onu u Sloveniji.<\/p>\n\n\n\n<p>Bila je to dobra prilika za na\u0161e u\u010denike zainteresirane za energetiku i odr\u017eivi razvoj da iz prve ruke saznaju vi\u0161e o na\u010dinu rada nuklearnih elektrana, skladi\u0161tenju otpada, redovitim i izvanrednim remontima i budu\u0107nosti nuklearne energije.<\/p>\n\n\n\n<p>Jednino zabilje\u017eeno prekomjerno zra\u010denje, bilo je ono pozitivne energije!&nbsp;<\/p>\n\n\n\n<p><\/p>\n\n\n\n<p class=\"has-text-align-right\">Voditeljica aktivnosti je prof. Martina Bra\u010di\u0107<\/p>\n\n\n\n<p><\/p>\n\n\n\n<figure class=\"wp-block-image aligncenter size-large is-resized\"><img decoding=\"async\" data-src=\"https:\/\/www.prva.hr\/wp-content\/uploads\/2025\/04\/20250312_075820-768x1024.jpg\" alt=\"\" class=\"wp-image-20238 lazyload\" width=\"387\" height=\"516\" data-srcset=\"https:\/\/prva.hr\/wp-content\/uploads\/2025\/04\/20250312_075820-768x1024.jpg 768w, https:\/\/prva.hr\/wp-content\/uploads\/2025\/04\/20250312_075820-225x300.jpg 225w, https:\/\/prva.hr\/wp-content\/uploads\/2025\/04\/20250312_075820-1152x1536.jpg 1152w, https:\/\/prva.hr\/wp-content\/uploads\/2025\/04\/20250312_075820-1536x2048.jpg 1536w, https:\/\/prva.hr\/wp-content\/uploads\/2025\/04\/20250312_075820-scaled.jpg 1920w\" data-sizes=\"(max-width: 387px) 100vw, 387px\" src=\"data:image\/svg+xml;base64,PHN2ZyB3aWR0aD0iMSIgaGVpZ2h0PSIxIiB4bWxucz0iaHR0cDovL3d3dy53My5vcmcvMjAwMC9zdmciPjwvc3ZnPg==\" style=\"--smush-placeholder-width: 387px; --smush-placeholder-aspect-ratio: 387\/516;\" \/><\/figure>\n","protected":false},"excerpt":{"rendered":"<p>I ove su godine maturanti I. gimnazije posjetili jedinu hrvatsku nuklearnu elektranu, onu u Sloveniji. Bila je to dobra prilika za na\u0161e u\u010denike zainteresirane za energetiku i odr\u017eivi razvoj da iz prve ruke saznaju vi\u0161e o na\u010dinu rada nuklearnih elektrana, skladi\u0161tenju otpada, redovitim i izvanrednim remontima i budu\u0107nosti nuklearne energije. Jednino zabilje\u017eeno prekomjerno zra\u010denje, bilo [&hellip;]<\/p>\n","protected":false},"author":7,"featured_media":20239,"comment_status":"closed","ping_status":"0","sticky":false,"template":"","format":"standard","meta":{"_et_pb_use_builder":"","_et_pb_old_content":"","_et_gb_content_width":"","footnotes":""},"categories":[12,6],"tags":[],"class_list":["post-20237","post","type-post","status-publish","format-standard","has-post-thumbnail","hentry","category-osvrti","category-aktualna-dogadanja"],"_links":{"self":[{"href":"https:\/\/prva.hr\/index.php\/wp-json\/wp\/v2\/posts\/20237","targetHints":{"allow":["GET"]}}],"collection":[{"href":"https:\/\/prva.hr\/index.php\/wp-json\/wp\/v2\/posts"}],"about":[{"href":"https:\/\/prva.hr\/index.php\/wp-json\/wp\/v2\/types\/post"}],"author":[{"embeddable":true,"href":"https:\/\/prva.hr\/index.php\/wp-json\/wp\/v2\/users\/7"}],"replies":[{"embeddable":true,"href":"https:\/\/prva.hr\/index.php\/wp-json\/wp\/v2\/comments?post=20237"}],"version-history":[{"count":1,"href":"https:\/\/prva.hr\/index.php\/wp-json\/wp\/v2\/posts\/20237\/revisions"}],"predecessor-version":[{"id":20240,"href":"https:\/\/prva.hr\/index.php\/wp-json\/wp\/v2\/posts\/20237\/revisions\/20240"}],"wp:featuredmedia":[{"embeddable":true,"href":"https:\/\/prva.hr\/index.php\/wp-json\/wp\/v2\/media\/20239"}],"wp:attachment":[{"href":"https:\/\/prva.hr\/index.php\/wp-json\/wp\/v2\/media?parent=20237"}],"wp:term":[{"taxonomy":"category","embeddable":true,"href":"https:\/\/prva.hr\/index.php\/wp-json\/wp\/v2\/categories?post=20237"},{"taxonomy":"post_tag","embeddable":true,"href":"https:\/\/prva.hr\/index.php\/wp-json\/wp\/v2\/tags?post=20237"}],"curies":[{"name":"wp","href":"https:\/\/api.w.org\/{rel}","templated":true}]}}