{"id":20430,"date":"2025-05-12T08:41:43","date_gmt":"2025-05-12T06:41:43","guid":{"rendered":"https:\/\/www.prva.hr\/?p=20430"},"modified":"2025-05-12T08:41:51","modified_gmt":"2025-05-12T06:41:51","slug":"25-godina-mature","status":"publish","type":"post","link":"https:\/\/prva.hr\/index.php\/2025\/05\/12\/25-godina-mature\/","title":{"rendered":"25 godina mature"},"content":{"rendered":"\n<p>Generacija koja nam je maturirala to\u010dno 2000. godine prije ve\u010dere i plesa okupila se u svojoj \u0161koli. Do\u0161lo je gotovo stotinu prvogimnazijalaca koji su se s rado\u0161\u0107u i obiljem anegdota prisjetili svojeg \u0161kolovanja, posjetili svoju u\u010dionicu i napravili jednu generacijsku fotografiju u auli.<\/p>\n\n\n\n<p>Dru\u017eenje i prisje\u0107anje nastavili su u obli\u017enjem restoranu, a prije odlaska su donirali 1160 eura za Zakladu I. gimnazije Akica.<\/p>\n","protected":false},"excerpt":{"rendered":"<p>Generacija koja nam je maturirala to\u010dno 2000. godine prije ve\u010dere i plesa okupila se u svojoj \u0161koli. Do\u0161lo je gotovo stotinu prvogimnazijalaca koji su se s rado\u0161\u0107u i obiljem anegdota prisjetili svojeg \u0161kolovanja, posjetili svoju u\u010dionicu i napravili jednu generacijsku fotografiju u auli. Dru\u017eenje i prisje\u0107anje nastavili su u obli\u017enjem restoranu, a prije odlaska su [&hellip;]<\/p>\n","protected":false},"author":2,"featured_media":20429,"comment_status":"closed","ping_status":"0","sticky":false,"template":"","format":"standard","meta":{"_et_pb_use_builder":"","_et_pb_old_content":"","_et_gb_content_width":"","footnotes":""},"categories":[4,27],"tags":[],"class_list":["post-20430","post","type-post","status-publish","format-standard","has-post-thumbnail","hentry","category-najnovije-vijesti","category-alumni"],"_links":{"self":[{"href":"https:\/\/prva.hr\/index.php\/wp-json\/wp\/v2\/posts\/20430","targetHints":{"allow":["GET"]}}],"collection":[{"href":"https:\/\/prva.hr\/index.php\/wp-json\/wp\/v2\/posts"}],"about":[{"href":"https:\/\/prva.hr\/index.php\/wp-json\/wp\/v2\/types\/post"}],"author":[{"embeddable":true,"href":"https:\/\/prva.hr\/index.php\/wp-json\/wp\/v2\/users\/2"}],"replies":[{"embeddable":true,"href":"https:\/\/prva.hr\/index.php\/wp-json\/wp\/v2\/comments?post=20430"}],"version-history":[{"count":1,"href":"https:\/\/prva.hr\/index.php\/wp-json\/wp\/v2\/posts\/20430\/revisions"}],"predecessor-version":[{"id":20431,"href":"https:\/\/prva.hr\/index.php\/wp-json\/wp\/v2\/posts\/20430\/revisions\/20431"}],"wp:featuredmedia":[{"embeddable":true,"href":"https:\/\/prva.hr\/index.php\/wp-json\/wp\/v2\/media\/20429"}],"wp:attachment":[{"href":"https:\/\/prva.hr\/index.php\/wp-json\/wp\/v2\/media?parent=20430"}],"wp:term":[{"taxonomy":"category","embeddable":true,"href":"https:\/\/prva.hr\/index.php\/wp-json\/wp\/v2\/categories?post=20430"},{"taxonomy":"post_tag","embeddable":true,"href":"https:\/\/prva.hr\/index.php\/wp-json\/wp\/v2\/tags?post=20430"}],"curies":[{"name":"wp","href":"https:\/\/api.w.org\/{rel}","templated":true}]}}