{"id":20453,"date":"2025-05-13T09:06:43","date_gmt":"2025-05-13T07:06:43","guid":{"rendered":"https:\/\/www.prva.hr\/?p=20453"},"modified":"2025-05-13T09:10:27","modified_gmt":"2025-05-13T07:10:27","slug":"odrzan-sastanak-vijeca-ucenika-i-vijeca-roditelja","status":"publish","type":"post","link":"https:\/\/prva.hr\/index.php\/2025\/05\/13\/odrzan-sastanak-vijeca-ucenika-i-vijeca-roditelja\/","title":{"rendered":"Odr\u017ean sastanak Vije\u0107a u\u010denika i Vije\u0107a roditelja"},"content":{"rendered":"\n<p>U srijedu<strong> 7. svibnja 2025.<\/strong>&nbsp;odr\u017ean je 3. sastanak<strong>&nbsp;Vije\u0107a u\u010denik<\/strong>a i 4. sastanak <strong>Vije\u0107a roditelja<\/strong>. <\/p>\n\n\n\n<p>Na dnevnom redu bio je osvrt ravnateljice Dunje Maru\u0161i\u0107 Brezeti\u0107 na iz uspje\u0161nih proteklih doga\u0111anja, prije svega humanitarni sajam Kap dobrote, natjecanja i terenske nastavu te najave brojnih budu\u0107ih doga\u0111anja do kraja \u0161kolske godine.<\/p>\n\n\n\n<p>Vlasta Luka\u010devi\u0107, \u0161kolska psihologinja<\/p>\n","protected":false},"excerpt":{"rendered":"<p>U srijedu 7. svibnja 2025.&nbsp;odr\u017ean je 3. sastanak&nbsp;Vije\u0107a u\u010denika i 4. sastanak Vije\u0107a roditelja. Na dnevnom redu bio je osvrt ravnateljice Dunje Maru\u0161i\u0107 Brezeti\u0107 na iz uspje\u0161nih proteklih doga\u0111anja, prije svega humanitarni sajam Kap dobrote, natjecanja i terenske nastavu te najave brojnih budu\u0107ih doga\u0111anja do kraja \u0161kolske godine. Vlasta Luka\u010devi\u0107, \u0161kolska psihologinja<\/p>\n","protected":false},"author":6,"featured_media":20456,"comment_status":"closed","ping_status":"0","sticky":false,"template":"","format":"standard","meta":{"_et_pb_use_builder":"","_et_pb_old_content":"","_et_gb_content_width":"","footnotes":""},"categories":[5,6],"tags":[],"class_list":["post-20453","post","type-post","status-publish","format-standard","has-post-thumbnail","hentry","category-aktivnosti","category-aktualna-dogadanja"],"_links":{"self":[{"href":"https:\/\/prva.hr\/index.php\/wp-json\/wp\/v2\/posts\/20453","targetHints":{"allow":["GET"]}}],"collection":[{"href":"https:\/\/prva.hr\/index.php\/wp-json\/wp\/v2\/posts"}],"about":[{"href":"https:\/\/prva.hr\/index.php\/wp-json\/wp\/v2\/types\/post"}],"author":[{"embeddable":true,"href":"https:\/\/prva.hr\/index.php\/wp-json\/wp\/v2\/users\/6"}],"replies":[{"embeddable":true,"href":"https:\/\/prva.hr\/index.php\/wp-json\/wp\/v2\/comments?post=20453"}],"version-history":[{"count":3,"href":"https:\/\/prva.hr\/index.php\/wp-json\/wp\/v2\/posts\/20453\/revisions"}],"predecessor-version":[{"id":20457,"href":"https:\/\/prva.hr\/index.php\/wp-json\/wp\/v2\/posts\/20453\/revisions\/20457"}],"wp:featuredmedia":[{"embeddable":true,"href":"https:\/\/prva.hr\/index.php\/wp-json\/wp\/v2\/media\/20456"}],"wp:attachment":[{"href":"https:\/\/prva.hr\/index.php\/wp-json\/wp\/v2\/media?parent=20453"}],"wp:term":[{"taxonomy":"category","embeddable":true,"href":"https:\/\/prva.hr\/index.php\/wp-json\/wp\/v2\/categories?post=20453"},{"taxonomy":"post_tag","embeddable":true,"href":"https:\/\/prva.hr\/index.php\/wp-json\/wp\/v2\/tags?post=20453"}],"curies":[{"name":"wp","href":"https:\/\/api.w.org\/{rel}","templated":true}]}}