{"id":20465,"date":"2025-05-14T09:36:48","date_gmt":"2025-05-14T07:36:48","guid":{"rendered":"https:\/\/www.prva.hr\/?p=20465"},"modified":"2025-05-14T09:36:53","modified_gmt":"2025-05-14T07:36:53","slug":"drzavno-natjecanje-iz-povijesti-4","status":"publish","type":"post","link":"https:\/\/prva.hr\/index.php\/2025\/05\/14\/drzavno-natjecanje-iz-povijesti-4\/","title":{"rendered":"Dr\u017eavno Natjecanje iz povijesti"},"content":{"rendered":"\n<p>U\u010denici Ana Tumir (4. d), Maks Brunovi\u0107 (4. e), Karlo Zeko (2. e) i Dominik Nimac (1. c) predstavljali su na\u0161u \u0161kolu na dr\u017eavnom Natjecanju iz povijesti koje je odr\u017eano od 5. do 7. svibnja u Krku na otoku Krku. Na kraju natjecanja na\u0161i u\u010denici su ostvarili sljede\u0107a mjesta Ana &#8211; 5. mjesto, Maks &#8211; 7. mjesto, Karlo &#8211; 16. mjesto i Dominik &#8211; 22. mjesto.<\/p>\n\n\n\n<p>\u010cestitamo u\u010denicima te njihovim mentorima Ivici Mandu\u0161i\u0107u, prof. i Andriji Lovri\u0107u, prof.!<\/p>\n","protected":false},"excerpt":{"rendered":"<p>U\u010denici Ana Tumir (4. d), Maks Brunovi\u0107 (4. e), Karlo Zeko (2. e) i Dominik Nimac (1. c) predstavljali su na\u0161u \u0161kolu na dr\u017eavnom Natjecanju iz povijesti koje je odr\u017eano od 5. do 7. svibnja u Krku na otoku Krku. Na kraju natjecanja na\u0161i u\u010denici su ostvarili sljede\u0107a mjesta Ana &#8211; 5. mjesto, Maks &#8211; [&hellip;]<\/p>\n","protected":false},"author":7,"featured_media":20466,"comment_status":"closed","ping_status":"0","sticky":false,"template":"","format":"standard","meta":{"_et_pb_use_builder":"","_et_pb_old_content":"","_et_gb_content_width":"","footnotes":""},"categories":[4,24],"tags":[],"class_list":["post-20465","post","type-post","status-publish","format-standard","has-post-thumbnail","hentry","category-najnovije-vijesti","category-predmetna-natjecanja"],"_links":{"self":[{"href":"https:\/\/prva.hr\/index.php\/wp-json\/wp\/v2\/posts\/20465","targetHints":{"allow":["GET"]}}],"collection":[{"href":"https:\/\/prva.hr\/index.php\/wp-json\/wp\/v2\/posts"}],"about":[{"href":"https:\/\/prva.hr\/index.php\/wp-json\/wp\/v2\/types\/post"}],"author":[{"embeddable":true,"href":"https:\/\/prva.hr\/index.php\/wp-json\/wp\/v2\/users\/7"}],"replies":[{"embeddable":true,"href":"https:\/\/prva.hr\/index.php\/wp-json\/wp\/v2\/comments?post=20465"}],"version-history":[{"count":1,"href":"https:\/\/prva.hr\/index.php\/wp-json\/wp\/v2\/posts\/20465\/revisions"}],"predecessor-version":[{"id":20467,"href":"https:\/\/prva.hr\/index.php\/wp-json\/wp\/v2\/posts\/20465\/revisions\/20467"}],"wp:featuredmedia":[{"embeddable":true,"href":"https:\/\/prva.hr\/index.php\/wp-json\/wp\/v2\/media\/20466"}],"wp:attachment":[{"href":"https:\/\/prva.hr\/index.php\/wp-json\/wp\/v2\/media?parent=20465"}],"wp:term":[{"taxonomy":"category","embeddable":true,"href":"https:\/\/prva.hr\/index.php\/wp-json\/wp\/v2\/categories?post=20465"},{"taxonomy":"post_tag","embeddable":true,"href":"https:\/\/prva.hr\/index.php\/wp-json\/wp\/v2\/tags?post=20465"}],"curies":[{"name":"wp","href":"https:\/\/api.w.org\/{rel}","templated":true}]}}