{"id":20531,"date":"2025-05-16T15:15:27","date_gmt":"2025-05-16T13:15:27","guid":{"rendered":"https:\/\/www.prva.hr\/?p=20531"},"modified":"2025-05-16T15:15:44","modified_gmt":"2025-05-16T13:15:44","slug":"klokan-2025","status":"publish","type":"post","link":"https:\/\/prva.hr\/index.php\/2025\/05\/16\/klokan-2025\/","title":{"rendered":"Klokan 2025."},"content":{"rendered":"\n<p>Me\u0111unarodno matemati\u010dko natjecanje &#8220;Klokan bez granica&#8221; odr\u017eano je 20. o\u017eujka 2025. godine. <\/p>\n\n\n\n<p>Nagra\u0111eni su u\u010denici Dominik Deliba\u0161i\u0107(1. b), Roko \u017dupi\u0107 (1. b), Roko Sokoli\u0107 (1. b), Gabrijela \u010cerneti\u0107 (1. f), Robert Ili\u0107 (1. f), Tomislav Nikoli\u0107 (1. b), Mihael Mati\u0107 (1. b), Nikola Golubi\u0107 (1. b), Niko Cvrlje (1. d), Petra Gali\u0107 (1. f), Jan Olenkovi\u0107 (1. b), Marta El Mustafa (1. b), Jakov Mikec (1. b), Matea Miro\u0161evi\u0107 Vukovi\u0107 (1. a), Ronald Brajkovi\u0107 (1. b), Daria Jakeli\u0107 (3. b), Laura Vugrinovi\u0107 (3. b) i Petar Jadro (4. e). <\/p>\n\n\n\n<p>\u010cestitamo svima, a posebno maturantu Petru na osvojenome prvom mjestu!<\/p>\n","protected":false},"excerpt":{"rendered":"<p>Me\u0111unarodno matemati\u010dko natjecanje &#8220;Klokan bez granica&#8221; odr\u017eano je 20. o\u017eujka 2025. godine. Nagra\u0111eni su u\u010denici Dominik Deliba\u0161i\u0107(1. b), Roko \u017dupi\u0107 (1. b), Roko Sokoli\u0107 (1. b), Gabrijela \u010cerneti\u0107 (1. f), Robert Ili\u0107 (1. f), Tomislav Nikoli\u0107 (1. b), Mihael Mati\u0107 (1. b), Nikola Golubi\u0107 (1. b), Niko Cvrlje (1. d), Petra Gali\u0107 (1. f), Jan [&hellip;]<\/p>\n","protected":false},"author":7,"featured_media":20532,"comment_status":"closed","ping_status":"0","sticky":false,"template":"","format":"standard","meta":{"_et_pb_use_builder":"","_et_pb_old_content":"","_et_gb_content_width":"","footnotes":""},"categories":[4,24],"tags":[],"class_list":["post-20531","post","type-post","status-publish","format-standard","has-post-thumbnail","hentry","category-najnovije-vijesti","category-predmetna-natjecanja"],"_links":{"self":[{"href":"https:\/\/prva.hr\/index.php\/wp-json\/wp\/v2\/posts\/20531","targetHints":{"allow":["GET"]}}],"collection":[{"href":"https:\/\/prva.hr\/index.php\/wp-json\/wp\/v2\/posts"}],"about":[{"href":"https:\/\/prva.hr\/index.php\/wp-json\/wp\/v2\/types\/post"}],"author":[{"embeddable":true,"href":"https:\/\/prva.hr\/index.php\/wp-json\/wp\/v2\/users\/7"}],"replies":[{"embeddable":true,"href":"https:\/\/prva.hr\/index.php\/wp-json\/wp\/v2\/comments?post=20531"}],"version-history":[{"count":1,"href":"https:\/\/prva.hr\/index.php\/wp-json\/wp\/v2\/posts\/20531\/revisions"}],"predecessor-version":[{"id":20533,"href":"https:\/\/prva.hr\/index.php\/wp-json\/wp\/v2\/posts\/20531\/revisions\/20533"}],"wp:featuredmedia":[{"embeddable":true,"href":"https:\/\/prva.hr\/index.php\/wp-json\/wp\/v2\/media\/20532"}],"wp:attachment":[{"href":"https:\/\/prva.hr\/index.php\/wp-json\/wp\/v2\/media?parent=20531"}],"wp:term":[{"taxonomy":"category","embeddable":true,"href":"https:\/\/prva.hr\/index.php\/wp-json\/wp\/v2\/categories?post=20531"},{"taxonomy":"post_tag","embeddable":true,"href":"https:\/\/prva.hr\/index.php\/wp-json\/wp\/v2\/tags?post=20531"}],"curies":[{"name":"wp","href":"https:\/\/api.w.org\/{rel}","templated":true}]}}