{"id":20565,"date":"2025-05-21T09:10:35","date_gmt":"2025-05-21T07:10:35","guid":{"rendered":"https:\/\/www.prva.hr\/?p=20565"},"modified":"2025-05-21T09:12:33","modified_gmt":"2025-05-21T07:12:33","slug":"predstavljanje-citateljskog-kluba-i-gimnazije-u-klubu-booksa","status":"publish","type":"post","link":"https:\/\/prva.hr\/index.php\/2025\/05\/21\/predstavljanje-citateljskog-kluba-i-gimnazije-u-klubu-booksa\/","title":{"rendered":"Predstavljanje \u010ditateljskog kluba I. gimnazije u klubu Booksa"},"content":{"rendered":"\n<p>U petak, 9. svibnja \u010dlanovi \u010citateljskog kluba Prve posjetili su knji\u017eevni klub Booksu, gdje su se predstavili drugim ljudima. Pod vodstvom knji\u017eni\u010darke, profesorice Tinke Barbutov Krsteve, nakon kratkog uvoda u\u010denici su predstavili sebe i svoje najdra\u017ee knjige: Ena Pekera iz 2.e s <em>Kirkom<\/em> <strong>Madeline Miller<\/strong> te <em>Pjesmom leda i vatre<\/em> <strong>Georgea R.R. Martina<\/strong>, Tomislav M. Mari\u0107 iz 2.c s <em>Tvrtkom<\/em> <strong>Johna Grishama<\/strong>, Nives Mesi\u0107 iz 3.c s <em>Mlade\u017ei bez Boga<\/em> <strong>\u00d6d\u00f6na von Horvatha<\/strong> te <em>Iskupljenjem<\/em> <strong>Francine Rivers<\/strong>, Aleta Maligec iz 3.c s <em>Legendom<\/em> <strong>Marie Lu<\/strong> te <em>Malim \u017eenama<\/em> <strong>Louise May Alcott<\/strong>, i Anja Bajo iz 3.e s <em>Osmim povjerenikom<\/em> <strong>Renata Bareti\u0107a<\/strong>. Na taj su na\u010din razmijenili iskustva ne samo s publikom, ve\u0107 i me\u0111usobno.<\/p>\n\n\n\n<p>Uz naslove i njihove glavne likove razgovarali su i o vlastitim dojmovima te razmjenjivali mi\u0161ljenja, pa se ovo predstavljanje pred publikom, koju su \u010dinili i drugi u\u010denici Prve, pretvorilo u ugodno dru\u017eenje. Popra\u0107en smijehom i odli\u010dnom atmosferom, ovaj je doga\u0111aj ostavio izvrstan dojam kako na publiku, tako i na same \u010dlanove kluba, kojima je ovo bilo nezaboravno iskustvo.<\/p>\n\n\n\n<p class=\"has-text-align-right\">Tomislav M. Mari\u0107, 2. c<\/p>\n\n\n\n<p><\/p>\n\n\n\n<figure class=\"wp-block-image size-large\"><img decoding=\"async\" width=\"1024\" height=\"768\" data-src=\"https:\/\/www.prva.hr\/wp-content\/uploads\/2025\/05\/IMG-20250509-WA0023-1024x768.jpg\" alt=\"\" class=\"wp-image-20568 lazyload\" data-srcset=\"https:\/\/prva.hr\/wp-content\/uploads\/2025\/05\/IMG-20250509-WA0023-1024x768.jpg 1024w, https:\/\/prva.hr\/wp-content\/uploads\/2025\/05\/IMG-20250509-WA0023-300x225.jpg 300w, https:\/\/prva.hr\/wp-content\/uploads\/2025\/05\/IMG-20250509-WA0023-768x576.jpg 768w, https:\/\/prva.hr\/wp-content\/uploads\/2025\/05\/IMG-20250509-WA0023-1536x1152.jpg 1536w, https:\/\/prva.hr\/wp-content\/uploads\/2025\/05\/IMG-20250509-WA0023-400x300.jpg 400w, https:\/\/prva.hr\/wp-content\/uploads\/2025\/05\/IMG-20250509-WA0023.jpg 2000w\" data-sizes=\"(max-width: 1024px) 100vw, 1024px\" src=\"data:image\/svg+xml;base64,PHN2ZyB3aWR0aD0iMSIgaGVpZ2h0PSIxIiB4bWxucz0iaHR0cDovL3d3dy53My5vcmcvMjAwMC9zdmciPjwvc3ZnPg==\" style=\"--smush-placeholder-width: 1024px; --smush-placeholder-aspect-ratio: 1024\/768;\" \/><\/figure>\n","protected":false},"excerpt":{"rendered":"<p>U petak, 9. svibnja \u010dlanovi \u010citateljskog kluba Prve posjetili su knji\u017eevni klub Booksu, gdje su se predstavili drugim ljudima. Pod vodstvom knji\u017eni\u010darke, profesorice Tinke Barbutov Krsteve, nakon kratkog uvoda u\u010denici su predstavili sebe i svoje najdra\u017ee knjige: Ena Pekera iz 2.e s Kirkom Madeline Miller te Pjesmom leda i vatre Georgea R.R. Martina, Tomislav M. [&hellip;]<\/p>\n","protected":false},"author":9,"featured_media":20569,"comment_status":"closed","ping_status":"0","sticky":false,"template":"","format":"standard","meta":{"_et_pb_use_builder":"","_et_pb_old_content":"","_et_gb_content_width":"","footnotes":""},"categories":[5,82,6,9,4,1],"tags":[74],"class_list":["post-20565","post","type-post","status-publish","format-standard","has-post-thumbnail","hentry","category-aktivnosti","category-aktivnosti-knjiznica-citateljski-klub","category-aktualna-dogadanja","category-arhiva","category-najnovije-vijesti","category-nekategorizirano","tag-citateljski-klub-prve"],"_links":{"self":[{"href":"https:\/\/prva.hr\/index.php\/wp-json\/wp\/v2\/posts\/20565","targetHints":{"allow":["GET"]}}],"collection":[{"href":"https:\/\/prva.hr\/index.php\/wp-json\/wp\/v2\/posts"}],"about":[{"href":"https:\/\/prva.hr\/index.php\/wp-json\/wp\/v2\/types\/post"}],"author":[{"embeddable":true,"href":"https:\/\/prva.hr\/index.php\/wp-json\/wp\/v2\/users\/9"}],"replies":[{"embeddable":true,"href":"https:\/\/prva.hr\/index.php\/wp-json\/wp\/v2\/comments?post=20565"}],"version-history":[{"count":3,"href":"https:\/\/prva.hr\/index.php\/wp-json\/wp\/v2\/posts\/20565\/revisions"}],"predecessor-version":[{"id":20572,"href":"https:\/\/prva.hr\/index.php\/wp-json\/wp\/v2\/posts\/20565\/revisions\/20572"}],"wp:featuredmedia":[{"embeddable":true,"href":"https:\/\/prva.hr\/index.php\/wp-json\/wp\/v2\/media\/20569"}],"wp:attachment":[{"href":"https:\/\/prva.hr\/index.php\/wp-json\/wp\/v2\/media?parent=20565"}],"wp:term":[{"taxonomy":"category","embeddable":true,"href":"https:\/\/prva.hr\/index.php\/wp-json\/wp\/v2\/categories?post=20565"},{"taxonomy":"post_tag","embeddable":true,"href":"https:\/\/prva.hr\/index.php\/wp-json\/wp\/v2\/tags?post=20565"}],"curies":[{"name":"wp","href":"https:\/\/api.w.org\/{rel}","templated":true}]}}