{"id":20648,"date":"2025-06-03T10:53:25","date_gmt":"2025-06-03T08:53:25","guid":{"rendered":"https:\/\/www.prva.hr\/?p=20648"},"modified":"2025-06-04T08:17:58","modified_gmt":"2025-06-04T06:17:58","slug":"povrat-i-preuzimanje-udzbenika-12-lipnja-2025-vazno","status":"publish","type":"post","link":"https:\/\/prva.hr\/index.php\/2025\/06\/03\/povrat-i-preuzimanje-udzbenika-12-lipnja-2025-vazno\/","title":{"rendered":"Povrat i preuzimanje ud\u017ebenika 12. lipnja, 2025. \u2013 VA\u017dNO!"},"content":{"rendered":"\n<p>Dragi u\u010denici, drage u\u010denice,<\/p>\n\n\n\n<p>dragi roditelji\/skrbnici,<\/p>\n\n\n\n<p>Slijede informacije o povratku i preuzimanju besplatnih ud\u017ebenika.<\/p>\n\n\n\n<p class=\"has-black-color has-text-color\"><strong>Prvi razredi ud\u017ebenike <\/strong><strong>vra\u0107aju u rujnu 2025.g. <\/strong>kada \u0107e ih<strong> &nbsp;<\/strong>predati novoupisanim u\u010denicima o \u010demu \u0107e biti naknadno obavije\u0161teni. <strong>Prvi razredi<\/strong> ud\u017ebenike za sljede\u0107u \u0161kolsku 2025.\/2026. godinu &nbsp;<strong>preuzimaju u \u010detvrtak, 12. lipnja 2025., nakon nastave.<\/strong><\/p>\n\n\n\n<p class=\"has-black-color has-text-color\"><strong>Drugi razredi vra\u0107aju i preuzimaju ud\u017ebenike u<\/strong>&nbsp;<strong>\u010detvrtak,&nbsp;12. lipnja 2025., nakon nastave.<\/strong><\/p>\n\n\n\n<p class=\"has-black-color has-text-color\"><strong>Iznimka: &nbsp;2. F razred \u0107e vratiti ud\u017ebenike u \u010detvrtak, 12. lipnja 2025., a ud\u017ebenike za 3. razred dobit \u0107e u rujnu 2025.<\/strong><\/p>\n\n\n\n<p class=\"has-black-color has-text-color\"><strong>Tre\u0107i razredi vra\u0107aju ud\u017ebenike u \u010detvrtak, 12. lipnja 2025., nakon nastave.<\/strong><\/p>\n\n\n\n<p class=\"has-black-color has-text-color\"><strong>\u010cetvrti razredi <\/strong>ud\u017ebenike <strong>vra\u0107aju u srijedu, 25. lipnja 2025. poslije 12 sati<\/strong>, <strong>nakon mature iz matematike.<\/strong> Isti dan <strong>\u0107e tre\u0107i razredi<\/strong> preuzeti ud\u017ebenike. Detaljan raspored \u0107e biti naknadno objavljen.<\/p>\n\n\n\n<p class=\"has-black-color has-text-color\"><strong>Primopredaja ud\u017ebenika<\/strong> za prve, druge i tre\u0107e razrede za sljede\u0107u \u0161kolsku godinu bit \u0107e organizirana <strong>u \u010detvrtak 12. lipnja<\/strong> <strong>2025.<\/strong> od 14 sati prema dolje navedenom rasporedu. Primopredaja mo\u017ee biti i ranije u dogovoru s razrednicima. Ukoliko ste sprije\u010deni predati ud\u017ebenike u navedenom terminu, dogovorite s razrednikom na koji na\u010din \u0107ete to rije\u0161iti.<\/p>\n\n\n\n<p class=\"has-black-color has-text-color\">Primopredaja \u0107e se odvijati na na\u010din da svaki u\u010denik zna od kojeg \u0107e u\u010denika preuzeti ud\u017ebenike za sljede\u0107i razred. Razrednici \u0107e dobiti detaljan popis koji \u0107e vam proslijediti.<\/p>\n\n\n\n<p class=\"has-black-color has-text-color\">U\u010denici <strong>svih drugih i tre\u0107ih<\/strong> razreda du\u017eni su taj dan donijeti svoje ud\u017ebenike koje su zadu\u017eili na po\u010detku \u0161kolske godine. <strong><span style=\"text-decoration: underline;\">Radne bilje\u017enice i ud\u017ebenici stranih jezika se ne vra\u0107aju<\/span>, ali se ni ne bacaju, jer \u0107e vam trebati sljede\u0107e godine.<\/strong> Ukoliko neki ud\u017ebenik nedostaje ili je u neuporabnom stanju potrebno je o tome <strong>obavijestiti razrednika do<\/strong> <strong>10. lipnja<\/strong> radi dogovora o nadoknadi.<\/p>\n\n\n\n<p class=\"has-black-color has-text-color\">Kada dobijete ud\u017ebenike, provjerite stanje i ukoliko ne\u0161to nedostaje, upi\u0161ite u Excel tablicu koju \u0107ete dobiti na razredne mailove. Ono \u0161to svima nedostaje su radne bilje\u017enice i ud\u017ebenici pojedinih stranih jezika \u2013 to nemojte upisivati u Excel, njih \u0107ete dobiti na jesen kada bude zamjena ud\u017ebenika iz etike i vjeronauka.<\/p>\n\n\n\n<p><strong>3. razredi &#8211;<\/strong> popis ud\u017ebenika za povrat mo\u017eete vidjeti na poveznicama:&nbsp;&nbsp;<a href=\"https:\/\/www.prva.hr\/wp-content\/uploads\/2022\/06\/NOVO-3.-R.-UDZBENICI-ZA-POVRAT-OG.docx\" target=\"_blank\" rel=\"noreferrer noopener\"><strong>&nbsp;3. R.- UDZBENICI ZA POVRAT \u2013 OG<\/strong><\/a>&nbsp;i&nbsp;<a href=\"https:\/\/www.prva.hr\/wp-content\/uploads\/2022\/06\/NOVO-3.-R.-UDZBENICI-ZA-POVRAT-PM.docx\" target=\"_blank\" rel=\"noreferrer noopener\"><strong>&nbsp;3. R.- UDZBENICI ZA POVRAT \u2013 PM<\/strong><\/a><\/p>\n\n\n\n<p><strong>2. razredi<\/strong> &#8211; popis ud\u017ebenika za povrat mo\u017eete vidjeti na poveznicama:&nbsp;<a rel=\"noreferrer noopener\" href=\"https:\/\/www.prva.hr\/wp-content\/uploads\/2022\/06\/NOVO-2.-R.-UDZBENICI-ZA-POVRAT-OG.docx\" target=\"_blank\"><strong>2. R.- UDZBENICI ZA POVRAT \u2013 OG<\/strong><\/a>i&nbsp;<a rel=\"noreferrer noopener\" href=\"https:\/\/www.prva.hr\/wp-content\/uploads\/2022\/06\/NOVO-2.-R.-UDZBENICI-ZA-POVRAT-PM.docx\" target=\"_blank\"><strong>2. R.- UDZBENICI ZA POVRAT \u2013 PM<\/strong><\/a><strong><u>.<\/u><\/strong><\/p>\n\n\n\n<p><strong>Raspored primopredaje ud\u017ebenika<\/strong><\/p>\n\n\n\n<figure class=\"wp-block-table\"><table class=\"has-black-color has-text-color\"><tbody><tr><td class=\"has-text-align-center\" data-align=\"center\"><strong>Vrijeme<\/strong><\/td><td class=\"has-text-align-center\" data-align=\"center\"><strong>Broj u\u010dionice<\/strong><\/td><td class=\"has-text-align-center\" data-align=\"center\"><strong>Razred koji predaje<\/strong> <strong>ud\u017ebenike \/ razrednik<\/strong><\/td><td class=\"has-text-align-center\" data-align=\"center\"><strong>Razred koji preuzima ud\u017ebenike\/ razrednik<\/strong><\/td><\/tr><tr><td class=\"has-text-align-center\" data-align=\"center\" rowspan=\"6\">&nbsp; 12. lipnja 2025. u 14:05 sati ili <br>u dogovoru s razrednikom<\/td><td class=\"has-text-align-center\" data-align=\"center\">221<\/td><td class=\"has-text-align-center\" data-align=\"center\">2. A \u2013 A. Su\u0107eska<\/td><td class=\"has-text-align-center\" data-align=\"center\">1. A \u2013 M. Romac<\/td><\/tr><tr><td class=\"has-text-align-center\" data-align=\"center\">222<\/td><td class=\"has-text-align-center\" data-align=\"center\">2. B \u2013 H. Begi\u0107<\/td><td class=\"has-text-align-center\" data-align=\"center\">1. B \u2013 M. \u0160obar<\/td><\/tr><tr><td class=\"has-text-align-center\" data-align=\"center\">229<\/td><td class=\"has-text-align-center\" data-align=\"center\">2. C \u2013 M. Karapand\u017ea<\/td><td class=\"has-text-align-center\" data-align=\"center\">1. C \u2013 J.D. U\u017earevi\u0107<\/td><\/tr><tr><td class=\"has-text-align-center\" data-align=\"center\">217<\/td><td class=\"has-text-align-center\" data-align=\"center\">2. D \u2013 M. B. Romi\u0107<\/td><td class=\"has-text-align-center\" data-align=\"center\">1. D \u2013 M. Mordu\u0161<\/td><\/tr><tr><td class=\"has-text-align-center\" data-align=\"center\">216<\/td><td class=\"has-text-align-center\" data-align=\"center\">2. E \u2013 M. Bra\u010di\u0107<\/td><td class=\"has-text-align-center\" data-align=\"center\">1. E \u2013 D. Math<\/td><\/tr><tr><td class=\"has-text-align-center\" data-align=\"center\">&nbsp;230<\/td><td class=\"has-text-align-center\" data-align=\"center\">2. F \u2013 Ra\u0161i\u0107<\/td><td class=\"has-text-align-center\" data-align=\"center\">1. F \u2013 I. Suboti\u010danec<\/td><\/tr><\/tbody><\/table><\/figure>\n\n\n\n<figure class=\"wp-block-table\"><table class=\"has-black-color has-text-color\"><tbody><tr><td class=\"has-text-align-center\" data-align=\"center\"><strong>Vrijeme<\/strong><\/td><td class=\"has-text-align-center\" data-align=\"center\"><strong>Broj u\u010dionice<\/strong><\/td><td class=\"has-text-align-center\" data-align=\"center\"><strong>Razred koji predaje<\/strong> <strong>ud\u017ebenike \/ razrednik<\/strong><\/td><td class=\"has-text-align-center\" data-align=\"center\"><strong>Razred koji preuzima ud\u017ebenike\/ razrednik<\/strong><\/td><\/tr><tr><td class=\"has-text-align-center\" data-align=\"center\" rowspan=\"5\">&nbsp; 12. lipnja 2025. u 14:20 sati ili <br>u dogovoru s razrednikom<\/td><td class=\"has-text-align-center\" data-align=\"center\">221<\/td><td class=\"has-text-align-center\" data-align=\"center\">3. A \u2013 I. Janji\u0107<\/td><td class=\"has-text-align-center\" data-align=\"center\">2. A \u2013 A. Su\u0107eska<\/td><\/tr><tr><td class=\"has-text-align-center\" data-align=\"center\">222<\/td><td class=\"has-text-align-center\" data-align=\"center\">3. B \u2013 I. Mandu\u0161i\u0107<\/td><td class=\"has-text-align-center\" data-align=\"center\">2. B \u2013 H. Begi\u0107<\/td><\/tr><tr><td class=\"has-text-align-center\" data-align=\"center\">229<\/td><td class=\"has-text-align-center\" data-align=\"center\">3. C \u2013 Z. Pa\u0161tar<\/td><td class=\"has-text-align-center\" data-align=\"center\">2. C \u2013 M. Karapand\u017ea<\/td><\/tr><tr><td class=\"has-text-align-center\" data-align=\"center\">217<\/td><td class=\"has-text-align-center\" data-align=\"center\">3. D \u2013 I. Dekovi\u0107<\/td><td class=\"has-text-align-center\" data-align=\"center\">2. D \u2013 M. B. Romi\u0107<\/td><\/tr><tr><td class=\"has-text-align-center\" data-align=\"center\">216<\/td><td class=\"has-text-align-center\" data-align=\"center\">3. E \u2013 M. R. Mehmedba\u0161i\u0107<\/td><td class=\"has-text-align-center\" data-align=\"center\">2. E \u2013 M. Bra\u010di\u0107<\/td><\/tr><\/tbody><\/table><\/figure>\n","protected":false},"excerpt":{"rendered":"<p>Dragi u\u010denici, drage u\u010denice, dragi roditelji\/skrbnici, Slijede informacije o povratku i preuzimanju besplatnih ud\u017ebenika. Prvi razredi ud\u017ebenike vra\u0107aju u rujnu 2025.g. kada \u0107e ih &nbsp;predati novoupisanim u\u010denicima o \u010demu \u0107e biti naknadno obavije\u0161teni. Prvi razredi ud\u017ebenike za sljede\u0107u \u0161kolsku 2025.\/2026. godinu &nbsp;preuzimaju u \u010detvrtak, 12. lipnja 2025., nakon nastave. Drugi razredi vra\u0107aju i preuzimaju ud\u017ebenike [&hellip;]<\/p>\n","protected":false},"author":9,"featured_media":0,"comment_status":"closed","ping_status":"0","sticky":false,"template":"","format":"standard","meta":{"_et_pb_use_builder":"","_et_pb_old_content":"","_et_gb_content_width":"","footnotes":""},"categories":[4,1],"tags":[78],"class_list":["post-20648","post","type-post","status-publish","format-standard","hentry","category-najnovije-vijesti","category-nekategorizirano","tag-udzbenici"],"_links":{"self":[{"href":"https:\/\/prva.hr\/index.php\/wp-json\/wp\/v2\/posts\/20648","targetHints":{"allow":["GET"]}}],"collection":[{"href":"https:\/\/prva.hr\/index.php\/wp-json\/wp\/v2\/posts"}],"about":[{"href":"https:\/\/prva.hr\/index.php\/wp-json\/wp\/v2\/types\/post"}],"author":[{"embeddable":true,"href":"https:\/\/prva.hr\/index.php\/wp-json\/wp\/v2\/users\/9"}],"replies":[{"embeddable":true,"href":"https:\/\/prva.hr\/index.php\/wp-json\/wp\/v2\/comments?post=20648"}],"version-history":[{"count":10,"href":"https:\/\/prva.hr\/index.php\/wp-json\/wp\/v2\/posts\/20648\/revisions"}],"predecessor-version":[{"id":20672,"href":"https:\/\/prva.hr\/index.php\/wp-json\/wp\/v2\/posts\/20648\/revisions\/20672"}],"wp:attachment":[{"href":"https:\/\/prva.hr\/index.php\/wp-json\/wp\/v2\/media?parent=20648"}],"wp:term":[{"taxonomy":"category","embeddable":true,"href":"https:\/\/prva.hr\/index.php\/wp-json\/wp\/v2\/categories?post=20648"},{"taxonomy":"post_tag","embeddable":true,"href":"https:\/\/prva.hr\/index.php\/wp-json\/wp\/v2\/tags?post=20648"}],"curies":[{"name":"wp","href":"https:\/\/api.w.org\/{rel}","templated":true}]}}