{"id":20694,"date":"2025-06-08T15:29:08","date_gmt":"2025-06-08T13:29:08","guid":{"rendered":"https:\/\/www.prva.hr\/?p=20694"},"modified":"2025-06-08T15:29:16","modified_gmt":"2025-06-08T13:29:16","slug":"edgar-allan-poe-kao-zrcalo-i-privid-stvarnosti","status":"publish","type":"post","link":"https:\/\/prva.hr\/index.php\/2025\/06\/08\/edgar-allan-poe-kao-zrcalo-i-privid-stvarnosti\/","title":{"rendered":"Edgar Allan Poe kao zrcalo i privid stvarnosti"},"content":{"rendered":"\n<p><\/p>\n\n\n\n<h3 class=\"wp-block-heading\"><strong><em>Ispod zrcala postoji i drugi svijet, nova stvarnost<\/em><\/strong><\/h3>\n\n\n\n<figure class=\"wp-block-image aligncenter size-full is-resized\"><img decoding=\"async\" data-src=\"https:\/\/www.prva.hr\/wp-content\/uploads\/2025\/06\/privid-stvarnosti-slika.jpg\" alt=\"\" class=\"wp-image-20695 lazyload\" width=\"454\" height=\"598\" data-srcset=\"https:\/\/prva.hr\/wp-content\/uploads\/2025\/06\/privid-stvarnosti-slika.jpg 736w, https:\/\/prva.hr\/wp-content\/uploads\/2025\/06\/privid-stvarnosti-slika-228x300.jpg 228w\" data-sizes=\"(max-width: 454px) 100vw, 454px\" src=\"data:image\/svg+xml;base64,PHN2ZyB3aWR0aD0iMSIgaGVpZ2h0PSIxIiB4bWxucz0iaHR0cDovL3d3dy53My5vcmcvMjAwMC9zdmciPjwvc3ZnPg==\" style=\"--smush-placeholder-width: 454px; --smush-placeholder-aspect-ratio: 454\/598;\" \/><\/figure>\n\n\n\n<div style=\"height:38px\" aria-hidden=\"true\" class=\"wp-block-spacer\"><\/div>\n\n\n\n<p>U dana\u0161njem su svijetu ljudi okru\u017eeni raznim doga\u0111ajima, informacijama, trendovima, osobama na dru\u0161tvenim mre\u017eama,\u00a0 sve to oblikuje njihov \u017eivot i pogled na stvarnost. Ne\u0161to nam predstavljaju kao dobro, ne\u0161to odbacuju. Govore \u0161to trebamo, a \u0161to ne trebamo. Gotovo da reguliraju na\u0161 kompletan pogled na sve oko sebe. Me\u0111utim, koliko je zapravo stvarnost koju do\u017eivljavamo uistinu to\u010dna i kako na nas djeluje, a koliko je ona rezultat unutarnjih stanja, potisnutih osje\u0107aja i nakupljenih trauma? Granica izme\u0111u stvarnog i prividnog \u010desto nije jasna \u2013 pogotovo kada na svijet gledamo o\u010dima vlastite potisnute stvarnosti. Pripovijetka Crni ma\u010dak, Edgar Allan Poea ulazi \u00a0duboko u psiholo\u0161ka stanja, analizira misli i podsvijest jednog \u010dovjeka \u010dije se unutarnje mra\u010dne sile odra\u017eavaju u njegovoj svakodnevici, oblikuju\u0107i njegovu stvarnost na na\u010dine koje vi\u0161e ne mo\u017ee kontrolirati. Nije vi\u0161e siguran \u0161to radi, po\u010dinje sve shva\u0107ati kao privi\u0111anje. Kao da je u\u0161ao u potpuno novi svijet. Njegove misli stvorile su nestvaran pogled na svijet, onakav kakav on nije htio gledati niti \u017eivjeti. Ali ostao je zarobljen u prividu stvarnosti.<\/p>\n\n\n\n<p>U po\u010detku se pripovjeda\u010d predstavlja kao \u010dovjek koji voli \u017eivotinje i \u017eivi sasvim uobi\u010dajeno, poput ve\u0107ine ljudi. No s vremenom, pod utjecajem alkohola i vlastitih unutarnjih sukoba, njegovo pona\u0161anje postaje sve nasilnije i nekontroliranije. Ni sam vi\u0161e nije siguran je li ono \u0161to vidi stvarnost ili rezultat vlastite psihi\u010dke nestabilnosti. Ma\u010dak kojeg mu\u010di i ubija, a zatim drugi, gotovo isti, koji ga progoni i u kona\u010dnici vodi do njegova \u201epada\u201c \u2013 djeluju kao simboli potisnute krivnje, paranoje i nesvjesnih nagona koje vi\u0161e ne mo\u017ee dr\u017eati pod kontrolom te ih osloba\u0111a u obliku nasilja.<\/p>\n\n\n\n<p>Upravo ta dvosmislenost \u2013 radi li se o nadnaravnom elementu ili psiholo\u0161kom poreme\u0107aju \u2013 \u010dini pri\u010du tako uznemiruju\u0107om. Poe ne nudi odgovore, nego zrcalo. A ono \u0161to to zrcalo pokazuje, nije ni\u0161ta drugo nego \u010dovjek koji je izgubio dodir sa stvarno\u0161\u0107u jer je zanemario ono \u0161to mu se doga\u0111alo iznutra i prepustio se tome. Ispod zrcala postoji i drugi svijet, nova stvarnost. Podsvijest mu nije bila sluga, nego je postala gospodarica \u2013 a on to nije primijetio sve dok nije bilo prekasno da se to sprije\u010di. Pitanje je odluke kada \u0107emo sami maknuti to zrcalo i po\u010deti gledati u daljinu.<\/p>\n\n\n\n<p>Zar to nije i danas prisutno? Nije potrebno izgubiti razum da bi se izgubio osje\u0107aj stvarnosti. Danas podsvijest \u010desto djeluje \u201etiho\u201c i nezapa\u017eeno: kroz iracionalne strahove, impulzivne izbore, osje\u0107aj tjeskobe bez jasnog razloga. U vremenu u kojem se od nas tra\u017ei da stalno budemo \u201eodli\u010dno\u201c i &nbsp;\u201esuper\u201c\u2026 mnogo se toga potiskuje. A potisnuto ne nestaje \u2013 samo mijenja oblik i odra\u017eava se na stvarnost i svijest.<\/p>\n\n\n\n<p>Suo\u010diti se s vlastitim tamama iz podsvijesti nije lako, ali je va\u017eno. Kada stvarnost postane oslobo\u0111ena i po\u010dne se mijenjati, mo\u017eda nije svijet taj koji se mijenja \u2013 nego mi sami. Pripovjeda\u010d nas u\u010di da pravo suo\u010davanje ne po\u010dinje izvana, nego u unutra\u0161njem svijetu i \u201eolujama\u201c koje sami moramo smiriti. Tek tada mo\u017eemo znati \u0161to je privid, a \u0161to stvarno jer tada mi sami upravljamo sobom, svjesni svake donesene odluke i postupka.<\/p>\n\n\n\n<p>Dru\u0161tvene mre\u017ee, reklame, mediji\u2026 svi oni oblikuju na\u0161u stvarnost u tolikoj mjeri da katkad ni sami nismo svjesni kako nas zapravo kontroliraju. Od informacija, osje\u0107aja, slika\u2026 sve ulazi u na\u0161u podsvijest i ostaje tamo te stvara novu \u201eokolinu\u201c. S vremenom nam to postaje normalno i zaboravljamo jesmo li mi sami odlu\u010dili imati takav pogled na stvarnost ili smo samo prihvatili ono \u0161to nam drugi nude. Podsvijest je vrlo slo\u017eena mre\u017ea misli, zapam\u0107enih trenutaka i slika koje su ostavile trag na nas bez da smo sami svjesni toga. Ona je zapravo kao korijen svega ostaloga. Sve \u0161to je u podsvijesti se, kao kroz korijen uspinje na ostale dijelove i na njima ostavlja svoj trag i mijenja ih, bez direktnog utjecaja ostalih dijelova. Stvarnost sve to povla\u010di za sobom. Svaki dio svijesti i misli odgovorni su za stvaranje slike stvarnosti, te ona ovisi o njima vi\u0161e nego \u0161to mislimo. Pitanje je jesmo li svjesni tog privi\u0111anja i umjetne stvarnosti, ili smo uvjereni da je sve isklju\u010divo pod na\u0161om kontrolom.\u00a0 Ovakvu situaciju mogu prenijeti na sebe. Prije nekoliko mjeseci, prolazio sam razdoblje u kojem sam imao osje\u0107aj da se sve uru\u0161ava \u2013 ne zbog nekog konkretnog doga\u0111aja, nego zbog neprepoznate unutarnje napetosti, straha i mra\u010dnih misli koje su se nakupljale du\u017ee vrijeme. Sve sam obja\u0161njavao \u201estresom\u201c ili \u201eumorom\u201c, ali to je bio samo izgovor da ne pogledam dublje i ne analiziram cijelu situaciju. Po\u010deo sam sumnjati u vlastite prosudbe, \u010dak i u vlastite mogu\u0107nosti. Preispitivao sam vlastite odnose, imao osje\u0107aj da mi sve izmi\u010de iz ruku i da gubim kontrolu. Tek kad sam se zaustavio i iskreno suo\u010dio sa sobom u dubini svijesti \u2013 sa strahovima, krivnjom, ranjivo\u0161\u0107u \u2013 stvari su se po\u010dele vra\u0107ati na svoje mjesto jer sam stvarao jasniji pogled. Pogled kojeg sam donio vlastitom odlukom, ne na temelju drugih, ve\u0107 iz svoga iskustva. Stvarnost nije bila druga\u010dija, ali moj pogled na nju jest.<\/p>\n\n\n\n<p>Zato Poeovo djelo danas ne djeluje samo kao goti\u010dka &nbsp;horor pri\u010da, nego kao upozorenje. Ako ne poznajemo sebe, riskiramo da izgubimo vezu s onim \u0161to nas okru\u017euje, s cijelom okolinom. U svijetu punom buke i vanjskih impulsa, mo\u017eda je najve\u0107i izazov nau\u010diti slu\u0161ati ti\u0161inu iznutra, pa \u010dak se i prisjetiti da je ona uvijek prisutna. Jer ona \u010desto govori istinu koju ne \u017eelimo \u010duti. Pravu stvarnost ostvarit \u0107emo istinom, a ne oblikovanim idejama i tu\u0111im, kopiranim mislima.<\/p>\n\n\n\n<p><strong>Petar Kru\u0161elj, 2.b<\/strong><\/p>\n","protected":false},"excerpt":{"rendered":"<p>Ispod zrcala postoji i drugi svijet, nova stvarnost U dana\u0161njem su svijetu ljudi okru\u017eeni raznim doga\u0111ajima, informacijama, trendovima, osobama na dru\u0161tvenim mre\u017eama,\u00a0 sve to oblikuje njihov \u017eivot i pogled na stvarnost. Ne\u0161to nam predstavljaju kao dobro, ne\u0161to odbacuju. Govore \u0161to trebamo, a \u0161to ne trebamo. Gotovo da reguliraju na\u0161 kompletan pogled na sve oko sebe. [&hellip;]<\/p>\n","protected":false},"author":10,"featured_media":0,"comment_status":"closed","ping_status":"0","sticky":false,"template":"","format":"standard","meta":{"_et_pb_use_builder":"","_et_pb_old_content":"","_et_gb_content_width":"","footnotes":""},"categories":[85],"tags":[],"class_list":["post-20694","post","type-post","status-publish","format-standard","hentry","category-blog"],"_links":{"self":[{"href":"https:\/\/prva.hr\/index.php\/wp-json\/wp\/v2\/posts\/20694","targetHints":{"allow":["GET"]}}],"collection":[{"href":"https:\/\/prva.hr\/index.php\/wp-json\/wp\/v2\/posts"}],"about":[{"href":"https:\/\/prva.hr\/index.php\/wp-json\/wp\/v2\/types\/post"}],"author":[{"embeddable":true,"href":"https:\/\/prva.hr\/index.php\/wp-json\/wp\/v2\/users\/10"}],"replies":[{"embeddable":true,"href":"https:\/\/prva.hr\/index.php\/wp-json\/wp\/v2\/comments?post=20694"}],"version-history":[{"count":2,"href":"https:\/\/prva.hr\/index.php\/wp-json\/wp\/v2\/posts\/20694\/revisions"}],"predecessor-version":[{"id":20697,"href":"https:\/\/prva.hr\/index.php\/wp-json\/wp\/v2\/posts\/20694\/revisions\/20697"}],"wp:attachment":[{"href":"https:\/\/prva.hr\/index.php\/wp-json\/wp\/v2\/media?parent=20694"}],"wp:term":[{"taxonomy":"category","embeddable":true,"href":"https:\/\/prva.hr\/index.php\/wp-json\/wp\/v2\/categories?post=20694"},{"taxonomy":"post_tag","embeddable":true,"href":"https:\/\/prva.hr\/index.php\/wp-json\/wp\/v2\/tags?post=20694"}],"curies":[{"name":"wp","href":"https:\/\/api.w.org\/{rel}","templated":true}]}}