{"id":20825,"date":"2025-06-23T14:48:12","date_gmt":"2025-06-23T12:48:12","guid":{"rendered":"https:\/\/www.prva.hr\/?p=20825"},"modified":"2025-06-23T14:48:17","modified_gmt":"2025-06-23T12:48:17","slug":"primopredaja-udzbenika-25-6-2025-treci-i-cetvrti-razredi-vazno","status":"publish","type":"post","link":"https:\/\/prva.hr\/index.php\/2025\/06\/23\/primopredaja-udzbenika-25-6-2025-treci-i-cetvrti-razredi-vazno\/","title":{"rendered":"PRIMOPREDAJA UD\u017dBENIKA 25.6.2025. \u2013 TRE\u0106I I \u010cETVRTI RAZREDI \u2013 VA\u017dNO!"},"content":{"rendered":"\n<p>Dragi u\u010denici, drage u\u010denice&nbsp;<strong>tre\u0107ih i \u010detvrtih razreda,<\/strong><\/p>\n\n\n\n<p>dragi roditelji\/skrbnici,<\/p>\n\n\n\n<p>Kao \u0161to je ve\u0107 najavljeno, povrat i preuzimanje ud\u017ebenika&nbsp;<strong>za tre\u0107e i \u010detvrte razrede<\/strong>&nbsp;\u0107e biti&nbsp;<strong>25. lipnja 2025. nakon mature iz matematike, od 12:00 sati nadalje u kinodvorani.<\/strong><\/p>\n\n\n\n<p><strong>VA\u017dNO! Ulazit \u0107e se sa vanjske strane.<\/strong><\/p>\n\n\n\n<p>Primopredaja \u0107e biti kao i pro\u0161le godine: &nbsp;svaki u\u010denik zna od kojeg \u0107e u\u010denika preuzeti ud\u017ebenike za sljede\u0107i razred i kojem u\u010deniku treba predati komplet.<\/p>\n\n\n\n<p>Na razrednim mailovima \u0107ete dobiti detaljan popis, a isti \u0107u proslijediti i razrednicima.<\/p>\n\n\n\n<p>U\u010denici\u00a0<strong>svih \u00a0\u010detvrtih<\/strong>\u00a0razreda du\u017eni su taj dan donijeti svoje ud\u017ebenike koje su zadu\u017eili na po\u010detku \u0161kolske godine.\u00a0<strong>Radne bilje\u017enice i ud\u017ebenici stranih jezika se ne vra\u0107aju.\u00a0<\/strong>Ukoliko neki ud\u017ebenik nedostaje ili je u neuporabnom stanju, \u00a0javite na mail\u00a0<a href=\"mailto:knjiznica.prve@gmail.com\">knjiznica.prve@gmail.com<\/a>\u00a0\u00a0U mailu napi\u0161ite va\u0161e ime, prezime, razred i \u0161to nedostaje.<\/p>\n\n\n\n<p>U\u010denici\u00a0<strong>tre\u0107ih razreda koji su\u00a0<\/strong>\u00a0dobili ud\u017ebenike trebaju provjeriti stanje i ukoliko ne\u0161to nedostaje, upi\u0161ite u Excel tablicu koju \u0107ete dobiti na razredne mailove.\u00a0<strong>Rok unosa je 26. lipnja 202<\/strong>5.\u00a0<strong>do 20 sati.<\/strong>\u00a0\u00a0Ono \u0161to svima nedostaje su radne bilje\u017enice i ud\u017ebenici pojedinih stranih jezika \u2013 to nemojte upisivati u Excel, njih \u0107ete dobiti na jesen kada bude zamjena ud\u017ebenika iz etike i vjeronauka.<\/p>\n\n\n\n<p>Popis ud\u017ebenika za povrat mo\u017eete vidjeti na poveznicama:&nbsp;<a href=\"https:\/\/www.prva.hr\/wp-content\/uploads\/2022\/06\/4.-R.-UDZBENICI-ZA-POVRAT-OG.docx\" target=\"_blank\" rel=\"noreferrer noopener\"><strong>4. R.- UDZBENICI ZA POVRAT \u2013 OG<\/strong><\/a> i&nbsp;<a href=\"https:\/\/www.prva.hr\/wp-content\/uploads\/2022\/06\/4.-R.-UDZBENICI-ZA-POVRAT-PM.docx\" target=\"_blank\" rel=\"noreferrer noopener\"><strong>4. R.- UDZBENICI ZA POVRAT \u2013 PM<\/strong><\/a><\/p>\n\n\n\n<div class=\"wp-block-group is-layout-constrained wp-block-group-is-layout-constrained\">\n<figure class=\"wp-block-table\"><table><tbody><tr><td class=\"has-text-align-center\" data-align=\"center\">&nbsp; Vrijeme<\/td><td class=\"has-text-align-center\" data-align=\"center\">&nbsp; Mjesto<\/td><td class=\"has-text-align-center\" data-align=\"center\">\u00a0 Razred koji predaje &#8211; razrednik<\/td><td class=\"has-text-align-center\" data-align=\"center\">\u00a0 Razred koji preuzima ud\u017ebenike  &#8211; razrednik<\/td><\/tr><tr><td class=\"has-text-align-center\" data-align=\"center\" rowspan=\"5\">&nbsp; &nbsp; 12:05<\/td><td class=\"has-text-align-center\" data-align=\"center\" rowspan=\"5\">&nbsp; &nbsp; Kinodvorana \u2013 ulaz sa vanjske strane<\/td><td class=\"has-text-align-center\" data-align=\"center\">4. A \u2013 T. Juki\u0107<\/td><td class=\"has-text-align-center\" data-align=\"center\">3. A &#8211; Janji\u0107<\/td><\/tr><tr><td class=\"has-text-align-center\" data-align=\"center\">4. B \u2013 I.B. Peri\u010di\u0107<\/td><td class=\"has-text-align-center\" data-align=\"center\">3. B &#8211; &nbsp;I. Mandu\u0161i\u0107<\/td><\/tr><tr><td class=\"has-text-align-center\" data-align=\"center\">4. C \u2013 D. O. Sanuri<\/td><td class=\"has-text-align-center\" data-align=\"center\">3. C &#8211; Z. Pa\u0161tar<\/td><\/tr><tr><td class=\"has-text-align-center\" data-align=\"center\">4. D \u2013 M. Fer\u010dek<\/td><td class=\"has-text-align-center\" data-align=\"center\">3. D &#8211; I. Dekovi\u0107<\/td><\/tr><tr><td class=\"has-text-align-center\" data-align=\"center\">4. E \u2013 P. Polan\u010dec<\/td><td class=\"has-text-align-center\" data-align=\"center\">3. E &#8211; M. R. Mehmedba\u0161i\u0107<\/td><\/tr><\/tbody><\/table><\/figure>\n<\/div>\n","protected":false},"excerpt":{"rendered":"<p>Dragi u\u010denici, drage u\u010denice&nbsp;tre\u0107ih i \u010detvrtih razreda, dragi roditelji\/skrbnici, Kao \u0161to je ve\u0107 najavljeno, povrat i preuzimanje ud\u017ebenika&nbsp;za tre\u0107e i \u010detvrte razrede&nbsp;\u0107e biti&nbsp;25. lipnja 2025. nakon mature iz matematike, od 12:00 sati nadalje u kinodvorani. VA\u017dNO! Ulazit \u0107e se sa vanjske strane. Primopredaja \u0107e biti kao i pro\u0161le godine: &nbsp;svaki u\u010denik zna od kojeg \u0107e [&hellip;]<\/p>\n","protected":false},"author":9,"featured_media":0,"comment_status":"closed","ping_status":"0","sticky":false,"template":"","format":"standard","meta":{"_et_pb_use_builder":"","_et_pb_old_content":"","_et_gb_content_width":"","footnotes":""},"categories":[6,9,4,1],"tags":[78],"class_list":["post-20825","post","type-post","status-publish","format-standard","hentry","category-aktualna-dogadanja","category-arhiva","category-najnovije-vijesti","category-nekategorizirano","tag-udzbenici"],"_links":{"self":[{"href":"https:\/\/prva.hr\/index.php\/wp-json\/wp\/v2\/posts\/20825","targetHints":{"allow":["GET"]}}],"collection":[{"href":"https:\/\/prva.hr\/index.php\/wp-json\/wp\/v2\/posts"}],"about":[{"href":"https:\/\/prva.hr\/index.php\/wp-json\/wp\/v2\/types\/post"}],"author":[{"embeddable":true,"href":"https:\/\/prva.hr\/index.php\/wp-json\/wp\/v2\/users\/9"}],"replies":[{"embeddable":true,"href":"https:\/\/prva.hr\/index.php\/wp-json\/wp\/v2\/comments?post=20825"}],"version-history":[{"count":3,"href":"https:\/\/prva.hr\/index.php\/wp-json\/wp\/v2\/posts\/20825\/revisions"}],"predecessor-version":[{"id":20828,"href":"https:\/\/prva.hr\/index.php\/wp-json\/wp\/v2\/posts\/20825\/revisions\/20828"}],"wp:attachment":[{"href":"https:\/\/prva.hr\/index.php\/wp-json\/wp\/v2\/media?parent=20825"}],"wp:term":[{"taxonomy":"category","embeddable":true,"href":"https:\/\/prva.hr\/index.php\/wp-json\/wp\/v2\/categories?post=20825"},{"taxonomy":"post_tag","embeddable":true,"href":"https:\/\/prva.hr\/index.php\/wp-json\/wp\/v2\/tags?post=20825"}],"curies":[{"name":"wp","href":"https:\/\/api.w.org\/{rel}","templated":true}]}}