{"id":20830,"date":"2025-06-23T19:14:39","date_gmt":"2025-06-23T17:14:39","guid":{"rendered":"https:\/\/www.prva.hr\/?p=20830"},"modified":"2025-12-04T09:35:56","modified_gmt":"2025-12-04T08:35:56","slug":"osvrti-nastavnika-na-erasmus-grupnu-mobilnost-ucenika-u-projektu-imaginarium","status":"publish","type":"post","link":"https:\/\/prva.hr\/index.php\/2025\/06\/23\/osvrti-nastavnika-na-erasmus-grupnu-mobilnost-ucenika-u-projektu-imaginarium\/","title":{"rendered":"Osvrti nastavnika na Erasmus+ grupnu mobilnost u\u010denika u projektu Imaginarium"},"content":{"rendered":"\n<p>Na Nastavni\u010dkom vije\u0107u odr\u017eanom 17. lipnja 2025. godine, nastavnice Dunja Opati\u0107 Sanuri i Petra Polan\u010dec od\u017eale su diseminaciju projektnih aktivnosti Erasmus+ projekata Imaginarium. U razdoblju od 26. &#8211; 31. svibnja 2025. g., 12 u\u010denika I. gimnazije, u pratnji profesorica Opati\u0107 Sanuri i Polan\u010dec, otputovali su u \u0160panjolsku kako bi nastavili suradnju s na\u0161om partnerskom \u0161kolom IES\u00a0Arcipreste de Canales\u00a0(Toledo\/Recas) u sklopu Erasmus+ projekta\u00a0<em>Imaginarium<\/em>, a koji se bavio regionalnim mitovima i legendama.<\/p>\n\n\n\n<p>Aktivnosti u \u0160panjolskoj obuhva\u0107ale su posjet partnerskoj \u0161koli i Gradskoj vije\u0107nici, gdje su imali priliku uo\u010diti sli\u010dnosti i razlike na\u0161ih odgojno-obrazovnih, ali i politi\u010dkih sustava. \u010culi su i zanimljivu legendu o Gospi od Masline.<\/p>\n\n\n\n<p>Drugi dan su posjetili grad Madrid kako bi do\u017eivjeli metropolitansku vrevu i \u010duli teorije o tome kako se pali an\u0111eo na\u0161ao usred glavnog grada. Tako\u0111er, saznali su da pri\u010da o fontani koja potopi zlato u trezoru \u0160panjolske sredi\u0161nje banke, ako ga netko poku\u0161a ukrasti \u2013 nije mit! U\u010denici su se prisjetili kako su sli\u010dan scenarij vidjeli u popularnoj seriji\u00a0<em>La Casa de Papel<\/em>.<\/p>\n\n\n\n<p>Tre\u0107i dan obi\u0161li su srednjovjekovnu utvrdu, gdje su dvojica na\u0161ih u\u010denika postala vitezovi, ali su se uspje\u0161no oduprli pozivu na borbu s Don Quijoteovim vjetrenja\u010dama.<\/p>\n\n\n\n<p>\u010cetvrti dan proveli su u Toledu, gradu triju kultura, dru\u017ee\u0107i se s duhovima Cervantesa i El Greca.<\/p>\n\n\n\n<p>Rezultate projekta mo\u017eete pogledati\/poslu\u0161ati na Padletu:<a href=\"https:\/\/padlet.com\/dunjaopa\/imaginarium-erasmus-xss2it7siqasto8h\" target=\"_blank\" rel=\"noreferrer noopener\">https:\/\/padlet.com\/dunjaopa\/imaginarium-erasmus-xss2it7siqasto8h<\/a><\/p>\n\n\n\n<figure class=\"wp-block-image size-large\"><img decoding=\"async\" width=\"682\" height=\"1024\" data-src=\"https:\/\/www.prva.hr\/wp-content\/uploads\/2025\/06\/kolaz_slike_toledo-Imaginarium-682x1024.png\" alt=\"\" class=\"wp-image-20831 lazyload\" data-srcset=\"https:\/\/prva.hr\/wp-content\/uploads\/2025\/06\/kolaz_slike_toledo-Imaginarium-682x1024.png 682w, https:\/\/prva.hr\/wp-content\/uploads\/2025\/06\/kolaz_slike_toledo-Imaginarium-200x300.png 200w, https:\/\/prva.hr\/wp-content\/uploads\/2025\/06\/kolaz_slike_toledo-Imaginarium-768x1152.png 768w, https:\/\/prva.hr\/wp-content\/uploads\/2025\/06\/kolaz_slike_toledo-Imaginarium-1024x1536.png 1024w, https:\/\/prva.hr\/wp-content\/uploads\/2025\/06\/kolaz_slike_toledo-Imaginarium.png 1333w\" data-sizes=\"(max-width: 682px) 100vw, 682px\" src=\"data:image\/svg+xml;base64,PHN2ZyB3aWR0aD0iMSIgaGVpZ2h0PSIxIiB4bWxucz0iaHR0cDovL3d3dy53My5vcmcvMjAwMC9zdmciPjwvc3ZnPg==\" style=\"--smush-placeholder-width: 682px; --smush-placeholder-aspect-ratio: 682\/1024;\" \/><\/figure>\n\n\n\n<figure class=\"wp-block-image size-large\"><img decoding=\"async\" width=\"1024\" height=\"683\" data-src=\"https:\/\/www.prva.hr\/wp-content\/uploads\/2025\/06\/imaginarium-AI-generated-1024x683.jpg\" alt=\"\" class=\"wp-image-20832 lazyload\" data-srcset=\"https:\/\/prva.hr\/wp-content\/uploads\/2025\/06\/imaginarium-AI-generated-1024x683.jpg 1024w, https:\/\/prva.hr\/wp-content\/uploads\/2025\/06\/imaginarium-AI-generated-300x200.jpg 300w, https:\/\/prva.hr\/wp-content\/uploads\/2025\/06\/imaginarium-AI-generated-768x512.jpg 768w, https:\/\/prva.hr\/wp-content\/uploads\/2025\/06\/imaginarium-AI-generated-400x267.jpg 400w, https:\/\/prva.hr\/wp-content\/uploads\/2025\/06\/imaginarium-AI-generated.jpg 1536w\" data-sizes=\"(max-width: 1024px) 100vw, 1024px\" src=\"data:image\/svg+xml;base64,PHN2ZyB3aWR0aD0iMSIgaGVpZ2h0PSIxIiB4bWxucz0iaHR0cDovL3d3dy53My5vcmcvMjAwMC9zdmciPjwvc3ZnPg==\" style=\"--smush-placeholder-width: 1024px; --smush-placeholder-aspect-ratio: 1024\/683;\" \/><\/figure>\n","protected":false},"excerpt":{"rendered":"<p>Na Nastavni\u010dkom vije\u0107u odr\u017eanom 17. lipnja 2025. godine, nastavnice Dunja Opati\u0107 Sanuri i Petra Polan\u010dec od\u017eale su diseminaciju projektnih aktivnosti Erasmus+ projekata Imaginarium. U razdoblju od 26. &#8211; 31. svibnja 2025. g., 12 u\u010denika I. gimnazije, u pratnji profesorica Opati\u0107 Sanuri i Polan\u010dec, otputovali su u \u0160panjolsku kako bi nastavili suradnju s na\u0161om partnerskom \u0161kolom [&hellip;]<\/p>\n","protected":false},"author":11,"featured_media":0,"comment_status":"closed","ping_status":"closed","sticky":false,"template":"","format":"standard","meta":{"_et_pb_use_builder":"","_et_pb_old_content":"","_et_gb_content_width":"","footnotes":""},"categories":[66,6,149,127,4],"tags":[],"class_list":["post-20830","post","type-post","status-publish","format-standard","hentry","category-aktivnosti-projekti-erasmus","category-aktualna-dogadanja","category-erasmus-osvrti","category-erasmus","category-najnovije-vijesti"],"_links":{"self":[{"href":"https:\/\/prva.hr\/index.php\/wp-json\/wp\/v2\/posts\/20830","targetHints":{"allow":["GET"]}}],"collection":[{"href":"https:\/\/prva.hr\/index.php\/wp-json\/wp\/v2\/posts"}],"about":[{"href":"https:\/\/prva.hr\/index.php\/wp-json\/wp\/v2\/types\/post"}],"author":[{"embeddable":true,"href":"https:\/\/prva.hr\/index.php\/wp-json\/wp\/v2\/users\/11"}],"replies":[{"embeddable":true,"href":"https:\/\/prva.hr\/index.php\/wp-json\/wp\/v2\/comments?post=20830"}],"version-history":[{"count":1,"href":"https:\/\/prva.hr\/index.php\/wp-json\/wp\/v2\/posts\/20830\/revisions"}],"predecessor-version":[{"id":20833,"href":"https:\/\/prva.hr\/index.php\/wp-json\/wp\/v2\/posts\/20830\/revisions\/20833"}],"wp:attachment":[{"href":"https:\/\/prva.hr\/index.php\/wp-json\/wp\/v2\/media?parent=20830"}],"wp:term":[{"taxonomy":"category","embeddable":true,"href":"https:\/\/prva.hr\/index.php\/wp-json\/wp\/v2\/categories?post=20830"},{"taxonomy":"post_tag","embeddable":true,"href":"https:\/\/prva.hr\/index.php\/wp-json\/wp\/v2\/tags?post=20830"}],"curies":[{"name":"wp","href":"https:\/\/api.w.org\/{rel}","templated":true}]}}