{"id":20889,"date":"2025-07-15T11:00:36","date_gmt":"2025-07-15T09:00:36","guid":{"rendered":"https:\/\/www.prva.hr\/?p=20889"},"modified":"2025-07-15T11:02:42","modified_gmt":"2025-07-15T09:02:42","slug":"svecana-podjela-maturalnih-svjedodzbi-4","status":"publish","type":"post","link":"https:\/\/prva.hr\/index.php\/2025\/07\/15\/svecana-podjela-maturalnih-svjedodzbi-4\/","title":{"rendered":"Sve\u010dana podjela maturalnih svjedod\u017ebi"},"content":{"rendered":"\n<p style=\"font-size:15px\">Sve\u010dana podjela maturalnih svjedod\u017ebi odr\u017eat \u0107e se\u00a0<strong>18.\u00a07. 2025.\u00a0(petak)\u00a0<\/strong>u 18,30 sati u kinodvorani Prve gimnazije. Maturanti trebaju do\u0107i u \u0161kolu u\u00a0<strong>17,30 sati<\/strong>\u00a0radi pripreme i fotografiranja (u u\u010dionice na drugom katu).<\/p>\n\n\n\n<p style=\"font-size:15px\">Na sve\u010danu dodjelu maturalnih svjedod\u017ebi pozivaju se \u010dlanovi obitelji i prijatelji kako bi uveli\u010dali doga\u0111aj te na taj na\u010din podijelili zadovoljstvo zbog uspje\u0161no zavr\u0161enog \u0161kolovanja!<\/p>\n\n\n\n<p class=\"has-medium-font-size\"><\/p>\n\n\n\n<p style=\"font-size:10px\">U\u010denici kojima trebaju ranije svjedod\u017ebe mogu ih podi\u0107i od 12.00 do 14.00h u referadi u petak 18. 7. 2025. U\u010denici koji ne podignu dokumente mo\u0107i \u0107e ih di\u0107i svaki radni dan u referadi od 10.00 do 12.00 sve do 25. 7. 2025. te od 20. 8. 2025. nadalje.\u00a0\u00a0<\/p>\n","protected":false},"excerpt":{"rendered":"<p>Sve\u010dana podjela maturalnih svjedod\u017ebi odr\u017eat \u0107e se\u00a018.\u00a07. 2025.\u00a0(petak)\u00a0u 18,30 sati u kinodvorani Prve gimnazije. Maturanti trebaju do\u0107i u \u0161kolu u\u00a017,30 sati\u00a0radi pripreme i fotografiranja (u u\u010dionice na drugom katu). Na sve\u010danu dodjelu maturalnih svjedod\u017ebi pozivaju se \u010dlanovi obitelji i prijatelji kako bi uveli\u010dali doga\u0111aj te na taj na\u010din podijelili zadovoljstvo zbog uspje\u0161no zavr\u0161enog \u0161kolovanja! U\u010denici [&hellip;]<\/p>\n","protected":false},"author":7,"featured_media":20890,"comment_status":"closed","ping_status":"0","sticky":false,"template":"","format":"standard","meta":{"_et_pb_use_builder":"","_et_pb_old_content":"","_et_gb_content_width":"","footnotes":""},"categories":[4],"tags":[],"class_list":["post-20889","post","type-post","status-publish","format-standard","has-post-thumbnail","hentry","category-najnovije-vijesti"],"_links":{"self":[{"href":"https:\/\/prva.hr\/index.php\/wp-json\/wp\/v2\/posts\/20889","targetHints":{"allow":["GET"]}}],"collection":[{"href":"https:\/\/prva.hr\/index.php\/wp-json\/wp\/v2\/posts"}],"about":[{"href":"https:\/\/prva.hr\/index.php\/wp-json\/wp\/v2\/types\/post"}],"author":[{"embeddable":true,"href":"https:\/\/prva.hr\/index.php\/wp-json\/wp\/v2\/users\/7"}],"replies":[{"embeddable":true,"href":"https:\/\/prva.hr\/index.php\/wp-json\/wp\/v2\/comments?post=20889"}],"version-history":[{"count":5,"href":"https:\/\/prva.hr\/index.php\/wp-json\/wp\/v2\/posts\/20889\/revisions"}],"predecessor-version":[{"id":20896,"href":"https:\/\/prva.hr\/index.php\/wp-json\/wp\/v2\/posts\/20889\/revisions\/20896"}],"wp:featuredmedia":[{"embeddable":true,"href":"https:\/\/prva.hr\/index.php\/wp-json\/wp\/v2\/media\/20890"}],"wp:attachment":[{"href":"https:\/\/prva.hr\/index.php\/wp-json\/wp\/v2\/media?parent=20889"}],"wp:term":[{"taxonomy":"category","embeddable":true,"href":"https:\/\/prva.hr\/index.php\/wp-json\/wp\/v2\/categories?post=20889"},{"taxonomy":"post_tag","embeddable":true,"href":"https:\/\/prva.hr\/index.php\/wp-json\/wp\/v2\/tags?post=20889"}],"curies":[{"name":"wp","href":"https:\/\/api.w.org\/{rel}","templated":true}]}}