{"id":20921,"date":"2025-09-02T14:47:08","date_gmt":"2025-09-02T12:47:08","guid":{"rendered":"https:\/\/www.prva.hr\/?p=20921"},"modified":"2025-09-02T14:47:16","modified_gmt":"2025-09-02T12:47:16","slug":"vazne-obavijesti-za-pocetak-nove-skolske-godine-2025-2026","status":"publish","type":"post","link":"https:\/\/prva.hr\/index.php\/2025\/09\/02\/vazne-obavijesti-za-pocetak-nove-skolske-godine-2025-2026\/","title":{"rendered":"VA\u017dNE OBAVIJESTI ZA PO\u010cETAK NOVE \u0160KOLSKE GODINE 2025.\/2026."},"content":{"rendered":"\n<p>Nastavna godina zapo\u010dinje u ponedjeljak, 8. rujna i to prema sljede\u0107em rasporedu:<\/p>\n\n\n\n<p>8,00 sati &#8211; 1. razredi u kinodvorani \u0161kole (prizemlje lijevo)<\/p>\n\n\n\n<p>8,50 sati &#8211; Sat razrednika (1., 2., 3. i 4. razredi) \u2013 u u\u010dionicama prema rasporedu koji se mo\u017ee pogledati <a href=\"https:\/\/www.prva.hr\/wp-content\/uploads\/2025\/09\/SAT-RAZREDNIKA-POPIS-UCIONICA.docx\" data-type=\"URL\" data-id=\"https:\/\/www.prva.hr\/wp-content\/uploads\/2025\/09\/SAT-RAZREDNIKA-POPIS-UCIONICA.docx\">ovdje.<\/a><\/p>\n\n\n\n<p>Raspored doga\u0111anja za prvi dan nastave za sve u\u010denike mo\u017eete pogledati <a href=\"https:\/\/www.prva.hr\/wp-content\/uploads\/2025\/09\/RASPORED-DOGADANJA-ZA-PRVI-NASTAVNI-DAN.docx\">ovdje.<\/a><\/p>\n\n\n\n<p>Popis u\u010denika <strong>prvih razreda<\/strong> raspore\u0111enih po razrednim odjelima bit \u0107e izvje\u0161en na oglasnoj plo\u010di u petak, 5. rujna u holu \u0161kole.<\/p>\n\n\n\n<p>Informacije vezane za preuzimanje ud\u017ebenika za u\u010denike 1. razreda i povrat ud\u017ebenika 2. razreda mo\u017eete pogledati <a href=\"https:\/\/www.prva.hr\/wp-content\/uploads\/2025\/09\/primopredaja_udzbenika_rujan_2025_info.docx\">ovdje.<\/a><\/p>\n","protected":false},"excerpt":{"rendered":"<p>Nastavna godina zapo\u010dinje u ponedjeljak, 8. rujna i to prema sljede\u0107em rasporedu: 8,00 sati &#8211; 1. razredi u kinodvorani \u0161kole (prizemlje lijevo) 8,50 sati &#8211; Sat razrednika (1., 2., 3. i 4. razredi) \u2013 u u\u010dionicama prema rasporedu koji se mo\u017ee pogledati ovdje. Raspored doga\u0111anja za prvi dan nastave za sve u\u010denike mo\u017eete pogledati ovdje. [&hellip;]<\/p>\n","protected":false},"author":11,"featured_media":0,"comment_status":"closed","ping_status":"0","sticky":false,"template":"","format":"standard","meta":{"_et_pb_use_builder":"","_et_pb_old_content":"","_et_gb_content_width":"","footnotes":""},"categories":[5,9,4],"tags":[],"class_list":["post-20921","post","type-post","status-publish","format-standard","hentry","category-aktivnosti","category-arhiva","category-najnovije-vijesti"],"_links":{"self":[{"href":"https:\/\/prva.hr\/index.php\/wp-json\/wp\/v2\/posts\/20921","targetHints":{"allow":["GET"]}}],"collection":[{"href":"https:\/\/prva.hr\/index.php\/wp-json\/wp\/v2\/posts"}],"about":[{"href":"https:\/\/prva.hr\/index.php\/wp-json\/wp\/v2\/types\/post"}],"author":[{"embeddable":true,"href":"https:\/\/prva.hr\/index.php\/wp-json\/wp\/v2\/users\/11"}],"replies":[{"embeddable":true,"href":"https:\/\/prva.hr\/index.php\/wp-json\/wp\/v2\/comments?post=20921"}],"version-history":[{"count":4,"href":"https:\/\/prva.hr\/index.php\/wp-json\/wp\/v2\/posts\/20921\/revisions"}],"predecessor-version":[{"id":20928,"href":"https:\/\/prva.hr\/index.php\/wp-json\/wp\/v2\/posts\/20921\/revisions\/20928"}],"wp:attachment":[{"href":"https:\/\/prva.hr\/index.php\/wp-json\/wp\/v2\/media?parent=20921"}],"wp:term":[{"taxonomy":"category","embeddable":true,"href":"https:\/\/prva.hr\/index.php\/wp-json\/wp\/v2\/categories?post=20921"},{"taxonomy":"post_tag","embeddable":true,"href":"https:\/\/prva.hr\/index.php\/wp-json\/wp\/v2\/tags?post=20921"}],"curies":[{"name":"wp","href":"https:\/\/api.w.org\/{rel}","templated":true}]}}