{"id":20941,"date":"2025-09-04T09:38:05","date_gmt":"2025-09-04T07:38:05","guid":{"rendered":"https:\/\/www.prva.hr\/?p=20941"},"modified":"2025-09-04T09:38:08","modified_gmt":"2025-09-04T07:38:08","slug":"zahvalnica-fer-a-i-gimnaziji-dvadeset-treci-put-za-redom","status":"publish","type":"post","link":"https:\/\/prva.hr\/index.php\/2025\/09\/04\/zahvalnica-fer-a-i-gimnaziji-dvadeset-treci-put-za-redom\/","title":{"rendered":"Zahvalnica FER-a I. gimnaziji dvadeset tre\u0107i put za redom!"},"content":{"rendered":"\n<p>Kao svake godine do sada i ove godine je Fakultet elektrotehnike i ra\u010dunarstva dodjeljivao zahvalnice za istaknuti doprinos u srednjo\u0161kolskom obrazovanju njihovih studenata. I ove smo godine me\u0111u dvadesetak \u0161kola u Republici Hrvatskoj, sada ve\u0107 23. put za redom bez prekida. Zahvalnicu dobivaju one \u0161kole \u010diji su biv\u0161i u\u010denici dobri studenti ovog zahtjevnog fakulteta. Ove godine je \u010dak 30 u\u010denika na\u0161e \u0161kole upisalo FER.<\/p>\n\n\n\n<p>Bravo za sve na\u0161e uspje\u0161ne biv\u0161e u\u010denike i profesore koji ih tako dobro pripremaju za studij!<\/p>\n\n\n\n<p><\/p>\n\n\n\n<figure class=\"wp-block-image aligncenter size-large\"><img decoding=\"async\" width=\"724\" height=\"1024\" data-src=\"https:\/\/www.prva.hr\/wp-content\/uploads\/2025\/09\/Fer-24-25_page-0001-724x1024.jpg\" alt=\"\" class=\"wp-image-20943 lazyload\" data-srcset=\"https:\/\/prva.hr\/wp-content\/uploads\/2025\/09\/Fer-24-25_page-0001-724x1024.jpg 724w, https:\/\/prva.hr\/wp-content\/uploads\/2025\/09\/Fer-24-25_page-0001-212x300.jpg 212w, https:\/\/prva.hr\/wp-content\/uploads\/2025\/09\/Fer-24-25_page-0001-768x1086.jpg 768w, https:\/\/prva.hr\/wp-content\/uploads\/2025\/09\/Fer-24-25_page-0001-1086x1536.jpg 1086w, https:\/\/prva.hr\/wp-content\/uploads\/2025\/09\/Fer-24-25_page-0001.jpg 1240w\" data-sizes=\"(max-width: 724px) 100vw, 724px\" src=\"data:image\/svg+xml;base64,PHN2ZyB3aWR0aD0iMSIgaGVpZ2h0PSIxIiB4bWxucz0iaHR0cDovL3d3dy53My5vcmcvMjAwMC9zdmciPjwvc3ZnPg==\" style=\"--smush-placeholder-width: 724px; --smush-placeholder-aspect-ratio: 724\/1024;\" \/><\/figure>\n","protected":false},"excerpt":{"rendered":"<p>Kao svake godine do sada i ove godine je Fakultet elektrotehnike i ra\u010dunarstva dodjeljivao zahvalnice za istaknuti doprinos u srednjo\u0161kolskom obrazovanju njihovih studenata. I ove smo godine me\u0111u dvadesetak \u0161kola u Republici Hrvatskoj, sada ve\u0107 23. put za redom bez prekida. Zahvalnicu dobivaju one \u0161kole \u010diji su biv\u0161i u\u010denici dobri studenti ovog zahtjevnog fakulteta. Ove [&hellip;]<\/p>\n","protected":false},"author":7,"featured_media":0,"comment_status":"closed","ping_status":"0","sticky":false,"template":"","format":"standard","meta":{"_et_pb_use_builder":"","_et_pb_old_content":"","_et_gb_content_width":"","footnotes":""},"categories":[4,1],"tags":[],"class_list":["post-20941","post","type-post","status-publish","format-standard","hentry","category-najnovije-vijesti","category-nekategorizirano"],"_links":{"self":[{"href":"https:\/\/prva.hr\/index.php\/wp-json\/wp\/v2\/posts\/20941","targetHints":{"allow":["GET"]}}],"collection":[{"href":"https:\/\/prva.hr\/index.php\/wp-json\/wp\/v2\/posts"}],"about":[{"href":"https:\/\/prva.hr\/index.php\/wp-json\/wp\/v2\/types\/post"}],"author":[{"embeddable":true,"href":"https:\/\/prva.hr\/index.php\/wp-json\/wp\/v2\/users\/7"}],"replies":[{"embeddable":true,"href":"https:\/\/prva.hr\/index.php\/wp-json\/wp\/v2\/comments?post=20941"}],"version-history":[{"count":2,"href":"https:\/\/prva.hr\/index.php\/wp-json\/wp\/v2\/posts\/20941\/revisions"}],"predecessor-version":[{"id":20944,"href":"https:\/\/prva.hr\/index.php\/wp-json\/wp\/v2\/posts\/20941\/revisions\/20944"}],"wp:attachment":[{"href":"https:\/\/prva.hr\/index.php\/wp-json\/wp\/v2\/media?parent=20941"}],"wp:term":[{"taxonomy":"category","embeddable":true,"href":"https:\/\/prva.hr\/index.php\/wp-json\/wp\/v2\/categories?post=20941"},{"taxonomy":"post_tag","embeddable":true,"href":"https:\/\/prva.hr\/index.php\/wp-json\/wp\/v2\/tags?post=20941"}],"curies":[{"name":"wp","href":"https:\/\/api.w.org\/{rel}","templated":true}]}}