{"id":20953,"date":"2025-09-08T07:35:46","date_gmt":"2025-09-08T05:35:46","guid":{"rendered":"https:\/\/www.prva.hr\/?p=20953"},"modified":"2025-09-08T07:35:49","modified_gmt":"2025-09-08T05:35:49","slug":"fakultativna-nastava-sk-god-2025-2026-preliminarni-raspored-odrzavanja-nastave","status":"publish","type":"post","link":"https:\/\/prva.hr\/index.php\/2025\/09\/08\/fakultativna-nastava-sk-god-2025-2026-preliminarni-raspored-odrzavanja-nastave\/","title":{"rendered":"Fakultativna nastava \u2013 \u0161k. god. 2025.\/2026. \u2013 preliminarni raspored odr\u017eavanja nastave"},"content":{"rendered":"\n<p>Fakultativna nastava po\u010dinje se izvoditi od ponedjeljka, 15. rujna prema preliminarnom rasporedu kojeg mo\u017eete preuzeti\u00a0<a href=\"https:\/\/www.prva.hr\/wp-content\/uploads\/2025\/09\/Fakultativna-nastava-ucionice-i-termini-2025._2026.pdf\" data-type=\"URL\" data-id=\"https:\/\/www.prva.hr\/wp-content\/uploads\/2025\/09\/Fakultativna-nastava-ucionice-i-termini-2025._2026.pdf\" target=\"_blank\" rel=\"noreferrer noopener\">ovdje.<\/a> <\/p>\n\n\n\n<p>Do kraja tjedna bit \u0107e objavljen kona\u010dni raspored odr\u017eavanja fakultativne nastave.<\/p>\n","protected":false},"excerpt":{"rendered":"<p>Fakultativna nastava po\u010dinje se izvoditi od ponedjeljka, 15. rujna prema preliminarnom rasporedu kojeg mo\u017eete preuzeti\u00a0ovdje. Do kraja tjedna bit \u0107e objavljen kona\u010dni raspored odr\u017eavanja fakultativne nastave.<\/p>\n","protected":false},"author":7,"featured_media":0,"comment_status":"closed","ping_status":"0","sticky":false,"template":"","format":"standard","meta":{"_et_pb_use_builder":"","_et_pb_old_content":"","_et_gb_content_width":"","footnotes":""},"categories":[4,39],"tags":[],"class_list":["post-20953","post","type-post","status-publish","format-standard","hentry","category-najnovije-vijesti","category-nastava-fakultativna-nastava"],"_links":{"self":[{"href":"https:\/\/prva.hr\/index.php\/wp-json\/wp\/v2\/posts\/20953","targetHints":{"allow":["GET"]}}],"collection":[{"href":"https:\/\/prva.hr\/index.php\/wp-json\/wp\/v2\/posts"}],"about":[{"href":"https:\/\/prva.hr\/index.php\/wp-json\/wp\/v2\/types\/post"}],"author":[{"embeddable":true,"href":"https:\/\/prva.hr\/index.php\/wp-json\/wp\/v2\/users\/7"}],"replies":[{"embeddable":true,"href":"https:\/\/prva.hr\/index.php\/wp-json\/wp\/v2\/comments?post=20953"}],"version-history":[{"count":1,"href":"https:\/\/prva.hr\/index.php\/wp-json\/wp\/v2\/posts\/20953\/revisions"}],"predecessor-version":[{"id":20955,"href":"https:\/\/prva.hr\/index.php\/wp-json\/wp\/v2\/posts\/20953\/revisions\/20955"}],"wp:attachment":[{"href":"https:\/\/prva.hr\/index.php\/wp-json\/wp\/v2\/media?parent=20953"}],"wp:term":[{"taxonomy":"category","embeddable":true,"href":"https:\/\/prva.hr\/index.php\/wp-json\/wp\/v2\/categories?post=20953"},{"taxonomy":"post_tag","embeddable":true,"href":"https:\/\/prva.hr\/index.php\/wp-json\/wp\/v2\/tags?post=20953"}],"curies":[{"name":"wp","href":"https:\/\/api.w.org\/{rel}","templated":true}]}}