{"id":20957,"date":"2025-09-08T14:12:36","date_gmt":"2025-09-08T12:12:36","guid":{"rendered":"https:\/\/www.prva.hr\/?p=20957"},"modified":"2025-09-10T08:21:55","modified_gmt":"2025-09-10T06:21:55","slug":"svecana-dodjela-stipendija-zaklade-i-gimnazije-akica","status":"publish","type":"post","link":"https:\/\/prva.hr\/index.php\/2025\/09\/08\/svecana-dodjela-stipendija-zaklade-i-gimnazije-akica\/","title":{"rendered":"Sve\u010dana dodjela stipendija Zaklade I. gimnazije Akica"},"content":{"rendered":"\n<p>Predsjednica  Upravnog odbora Zaklade I. gimnazije Akica g\u0111a. Iva Ladan i \u010dlanice g\u0111a Melita Sobota i \u0161kolska psihologinja Vlasta Luka\u010devi\u0107, temeljem odr\u017eanog natje\u010daja i  motivacijskog razgovora u <strong>ponedjeljak 8. rujna 2025.<\/strong> sve\u010dano su  uru\u010dile odluke o dodjeli nov\u010danih potpora u\u010denicima\/icama I. gimnazije za nastavak njihovog \u0161kolovanja.<\/p>\n\n\n\n<p>Nov\u010dani iznos u vrijednosti&nbsp;<strong>6.000 eura&nbsp;<\/strong>u obrazovne svrhe ide maturantici 4.d razreda \u2013&nbsp;<strong>Gabrieli Jagar<\/strong>.<\/p>\n\n\n\n<p>Unato\u010d zdravstvenih tegoba, Gabriela je bila odli\u010dna u\u010denica op\u0107eg programa I. gimnazije, aktivna \u010dlanica djevoja\u010dkog zbora I. gimnazije i ostalih brojnih predmeta fakultativne nastave te je uspje\u0161no upisala nastavni\u010dki smjer matematike na Prirodoslovno- matemati\u010dkom fakultetu.<\/p>\n\n\n\n<p>Nov\u010dani iznos u vrijednosti&nbsp;<strong>3.500 eura<\/strong>&nbsp;dobili su maturantica 4. c razreda&nbsp;<strong>Lana \u0160urina<\/strong>&nbsp;i <strong>3.500 eura <\/strong>maturant. 4.e razreda&nbsp;<strong>Petar Badurina<\/strong>.<\/p>\n\n\n\n<p>Lana je bila odli\u010dna u\u010denica op\u0107eg programa I. gimnazije, aktivna \u010dlanica Volonterskog kluba i djevoja\u010dkog zbora I. gimnazije, uspje\u0161na sporta\u0161ica i glazbenica.  Lana je uspje\u0161no upisala stomatologiju kao studij svog prvog izbora.<\/p>\n\n\n\n<p>Petar dolazi iz vi\u0161e\u010dlane obitelji,  bio je maturant op\u0107eg programa I. gimnazije, dr\u017eavni prvak iz logike i dr\u017eavni natjecatelj iz informatike te voditelj 3bine Prijatelji Prve. Uspje\u0161no je upisao studij FER-a.<\/p>\n\n\n\n<p>I. gimnazija je jedna od rijetkih \u0161kola koje imaju svoju zakladu. Zaklada I. gimnazije Akica za pru\u017eanje nov\u010dane potpore za nastavak \u0161kolovanja na po\u010detku studija, osnovana je 2020. zahvaljuju\u0107i velikodu\u0161nosti i nov\u010danoj donaciji g\u0111e. Ivane Canki. Potaknut gestom g\u0111e. Canki, nov\u010danu donaciju Zakladi donirao je i pok. gosp. Vjekoslav \u0160ubi\u0107. Vi\u0161e na:<\/p>\n\n\n\n<p><a href=\"https:\/\/www.prva.hr\/index.php\/2020\/12\/03\/zaklada-akica-u-medijima\/\">https:\/\/www.prva.hr\/index.php\/2020\/12\/03\/zaklada-akica-u-medijima\/<\/a><\/p>\n\n\n\n<p><a href=\"https:\/\/www.prva.hr\/index.php\/2022\/05\/18\/novi-donator-zaklade-i-gimnazije-akica\/\">https:\/\/www.prva.hr\/index.php\/2023\/05\/18\/novi -donator-zaklade-i-gimnazije-akica\/<\/a><\/p>\n\n\n\n<figure class=\"wp-block-image size-full is-resized\"><img decoding=\"async\" data-src=\"https:\/\/www.prva.hr\/wp-content\/uploads\/2025\/09\/zaklada-akica-foto.jpg\" alt=\"\" class=\"wp-image-20962 lazyload\" width=\"325\" height=\"285\" data-srcset=\"https:\/\/prva.hr\/wp-content\/uploads\/2025\/09\/zaklada-akica-foto.jpg 763w, https:\/\/prva.hr\/wp-content\/uploads\/2025\/09\/zaklada-akica-foto-300x263.jpg 300w, https:\/\/prva.hr\/wp-content\/uploads\/2025\/09\/zaklada-akica-foto-342x300.jpg 342w\" data-sizes=\"(max-width: 325px) 100vw, 325px\" src=\"data:image\/svg+xml;base64,PHN2ZyB3aWR0aD0iMSIgaGVpZ2h0PSIxIiB4bWxucz0iaHR0cDovL3d3dy53My5vcmcvMjAwMC9zdmciPjwvc3ZnPg==\" style=\"--smush-placeholder-width: 325px; --smush-placeholder-aspect-ratio: 325\/285;\" \/><\/figure>\n\n\n\n<figure class=\"wp-block-image size-large is-resized\"><img decoding=\"async\" data-src=\"https:\/\/www.prva.hr\/wp-content\/uploads\/2025\/09\/IMG_20250908_11305611-1-1024x757.png\" alt=\"\" class=\"wp-image-20985 lazyload\" width=\"491\" height=\"362\" data-srcset=\"https:\/\/prva.hr\/wp-content\/uploads\/2025\/09\/IMG_20250908_11305611-1-1024x757.png 1024w, https:\/\/prva.hr\/wp-content\/uploads\/2025\/09\/IMG_20250908_11305611-1-300x222.png 300w, https:\/\/prva.hr\/wp-content\/uploads\/2025\/09\/IMG_20250908_11305611-1-768x568.png 768w, https:\/\/prva.hr\/wp-content\/uploads\/2025\/09\/IMG_20250908_11305611-1-1536x1136.png 1536w, https:\/\/prva.hr\/wp-content\/uploads\/2025\/09\/IMG_20250908_11305611-1-2048x1514.png 2048w, https:\/\/prva.hr\/wp-content\/uploads\/2025\/09\/IMG_20250908_11305611-1-400x296.png 400w\" data-sizes=\"(max-width: 491px) 100vw, 491px\" src=\"data:image\/svg+xml;base64,PHN2ZyB3aWR0aD0iMSIgaGVpZ2h0PSIxIiB4bWxucz0iaHR0cDovL3d3dy53My5vcmcvMjAwMC9zdmciPjwvc3ZnPg==\" style=\"--smush-placeholder-width: 491px; --smush-placeholder-aspect-ratio: 491\/362;\" \/><\/figure>\n\n\n\n<figure class=\"wp-block-image size-large is-resized\"><img decoding=\"async\" data-src=\"https:\/\/www.prva.hr\/wp-content\/uploads\/2025\/09\/IMG-20250909-WA0001-1024x722.jpg\" alt=\"\" class=\"wp-image-20988 lazyload\" width=\"497\" height=\"350\" data-srcset=\"https:\/\/prva.hr\/wp-content\/uploads\/2025\/09\/IMG-20250909-WA0001-1024x722.jpg 1024w, https:\/\/prva.hr\/wp-content\/uploads\/2025\/09\/IMG-20250909-WA0001-300x211.jpg 300w, https:\/\/prva.hr\/wp-content\/uploads\/2025\/09\/IMG-20250909-WA0001-768x541.jpg 768w, https:\/\/prva.hr\/wp-content\/uploads\/2025\/09\/IMG-20250909-WA0001-400x282.jpg 400w, https:\/\/prva.hr\/wp-content\/uploads\/2025\/09\/IMG-20250909-WA0001.jpg 1094w\" data-sizes=\"(max-width: 497px) 100vw, 497px\" src=\"data:image\/svg+xml;base64,PHN2ZyB3aWR0aD0iMSIgaGVpZ2h0PSIxIiB4bWxucz0iaHR0cDovL3d3dy53My5vcmcvMjAwMC9zdmciPjwvc3ZnPg==\" style=\"--smush-placeholder-width: 497px; --smush-placeholder-aspect-ratio: 497\/350;\" \/><\/figure>\n\n\n\n<figure class=\"wp-block-image size-large is-resized\"><img decoding=\"async\" data-src=\"https:\/\/www.prva.hr\/wp-content\/uploads\/2025\/09\/IMG-20250909-WA0003-1024x682.jpg\" alt=\"\" class=\"wp-image-20989 lazyload\" width=\"496\" height=\"330\" data-srcset=\"https:\/\/prva.hr\/wp-content\/uploads\/2025\/09\/IMG-20250909-WA0003-1024x682.jpg 1024w, https:\/\/prva.hr\/wp-content\/uploads\/2025\/09\/IMG-20250909-WA0003-300x200.jpg 300w, https:\/\/prva.hr\/wp-content\/uploads\/2025\/09\/IMG-20250909-WA0003-768x512.jpg 768w, https:\/\/prva.hr\/wp-content\/uploads\/2025\/09\/IMG-20250909-WA0003-1536x1023.jpg 1536w, https:\/\/prva.hr\/wp-content\/uploads\/2025\/09\/IMG-20250909-WA0003-400x267.jpg 400w, https:\/\/prva.hr\/wp-content\/uploads\/2025\/09\/IMG-20250909-WA0003.jpg 1600w\" data-sizes=\"(max-width: 496px) 100vw, 496px\" src=\"data:image\/svg+xml;base64,PHN2ZyB3aWR0aD0iMSIgaGVpZ2h0PSIxIiB4bWxucz0iaHR0cDovL3d3dy53My5vcmcvMjAwMC9zdmciPjwvc3ZnPg==\" style=\"--smush-placeholder-width: 496px; --smush-placeholder-aspect-ratio: 496\/330;\" \/><\/figure>\n\n\n\n<figure class=\"wp-block-image size-large is-resized\"><img decoding=\"async\" data-src=\"https:\/\/www.prva.hr\/wp-content\/uploads\/2025\/09\/IMG-20250909-WA0002-1-1024x682.jpg\" alt=\"\" class=\"wp-image-20990 lazyload\" width=\"496\" height=\"330\" data-srcset=\"https:\/\/prva.hr\/wp-content\/uploads\/2025\/09\/IMG-20250909-WA0002-1-1024x682.jpg 1024w, https:\/\/prva.hr\/wp-content\/uploads\/2025\/09\/IMG-20250909-WA0002-1-300x200.jpg 300w, https:\/\/prva.hr\/wp-content\/uploads\/2025\/09\/IMG-20250909-WA0002-1-768x512.jpg 768w, https:\/\/prva.hr\/wp-content\/uploads\/2025\/09\/IMG-20250909-WA0002-1-1536x1023.jpg 1536w, https:\/\/prva.hr\/wp-content\/uploads\/2025\/09\/IMG-20250909-WA0002-1-400x267.jpg 400w, https:\/\/prva.hr\/wp-content\/uploads\/2025\/09\/IMG-20250909-WA0002-1.jpg 1600w\" data-sizes=\"(max-width: 496px) 100vw, 496px\" src=\"data:image\/svg+xml;base64,PHN2ZyB3aWR0aD0iMSIgaGVpZ2h0PSIxIiB4bWxucz0iaHR0cDovL3d3dy53My5vcmcvMjAwMC9zdmciPjwvc3ZnPg==\" style=\"--smush-placeholder-width: 496px; --smush-placeholder-aspect-ratio: 496\/330;\" \/><\/figure>\n\n\n\n<p>Vlasta Luka\u010devi\u0107, \u0161kolska psihologinja<\/p>\n","protected":false},"excerpt":{"rendered":"<p>Predsjednica Upravnog odbora Zaklade I. gimnazije Akica g\u0111a. Iva Ladan i \u010dlanice g\u0111a Melita Sobota i \u0161kolska psihologinja Vlasta Luka\u010devi\u0107, temeljem odr\u017eanog natje\u010daja i motivacijskog razgovora u ponedjeljak 8. rujna 2025. sve\u010dano su uru\u010dile odluke o dodjeli nov\u010danih potpora u\u010denicima\/icama I. gimnazije za nastavak njihovog \u0161kolovanja. Nov\u010dani iznos u vrijednosti&nbsp;6.000 eura&nbsp;u obrazovne svrhe ide maturantici [&hellip;]<\/p>\n","protected":false},"author":6,"featured_media":20984,"comment_status":"closed","ping_status":"0","sticky":false,"template":"","format":"standard","meta":{"_et_pb_use_builder":"","_et_pb_old_content":"","_et_gb_content_width":"","footnotes":""},"categories":[5,6,4,79],"tags":[],"class_list":["post-20957","post","type-post","status-publish","format-standard","has-post-thumbnail","hentry","category-aktivnosti","category-aktualna-dogadanja","category-najnovije-vijesti","category-zaklada"],"_links":{"self":[{"href":"https:\/\/prva.hr\/index.php\/wp-json\/wp\/v2\/posts\/20957","targetHints":{"allow":["GET"]}}],"collection":[{"href":"https:\/\/prva.hr\/index.php\/wp-json\/wp\/v2\/posts"}],"about":[{"href":"https:\/\/prva.hr\/index.php\/wp-json\/wp\/v2\/types\/post"}],"author":[{"embeddable":true,"href":"https:\/\/prva.hr\/index.php\/wp-json\/wp\/v2\/users\/6"}],"replies":[{"embeddable":true,"href":"https:\/\/prva.hr\/index.php\/wp-json\/wp\/v2\/comments?post=20957"}],"version-history":[{"count":7,"href":"https:\/\/prva.hr\/index.php\/wp-json\/wp\/v2\/posts\/20957\/revisions"}],"predecessor-version":[{"id":20991,"href":"https:\/\/prva.hr\/index.php\/wp-json\/wp\/v2\/posts\/20957\/revisions\/20991"}],"wp:featuredmedia":[{"embeddable":true,"href":"https:\/\/prva.hr\/index.php\/wp-json\/wp\/v2\/media\/20984"}],"wp:attachment":[{"href":"https:\/\/prva.hr\/index.php\/wp-json\/wp\/v2\/media?parent=20957"}],"wp:term":[{"taxonomy":"category","embeddable":true,"href":"https:\/\/prva.hr\/index.php\/wp-json\/wp\/v2\/categories?post=20957"},{"taxonomy":"post_tag","embeddable":true,"href":"https:\/\/prva.hr\/index.php\/wp-json\/wp\/v2\/tags?post=20957"}],"curies":[{"name":"wp","href":"https:\/\/api.w.org\/{rel}","templated":true}]}}