{"id":20965,"date":"2025-09-08T15:32:36","date_gmt":"2025-09-08T13:32:36","guid":{"rendered":"https:\/\/www.prva.hr\/?p=20965"},"modified":"2025-09-09T12:10:09","modified_gmt":"2025-09-09T10:10:09","slug":"podjela-udzbenika-stranih-jezika-i-radnih-biljeznica-u-vanjskoj-ucionici-prvi-drugi-treci-i-cetvrti-razredi","status":"publish","type":"post","link":"https:\/\/prva.hr\/index.php\/2025\/09\/08\/podjela-udzbenika-stranih-jezika-i-radnih-biljeznica-u-vanjskoj-ucionici-prvi-drugi-treci-i-cetvrti-razredi\/","title":{"rendered":"Podjela ud\u017ebenika stranih jezika i radnih bilje\u017enica u vanjskoj u\u010dionici &#8211; prvi, drugi, tre\u0107i i \u010detvrti razredi"},"content":{"rendered":"\n<p>    <\/p>\n\n\n\n<p>Podjela ud\u017ebenika stranih jezika, te radnih bilje\u017enica, \u0107e biti sutra, 9. rujna 2025. u vanjskoj u\u010dionici, prema sljede\u0107em rasporedu:<\/p>\n\n\n\n<ol class=\"wp-block-list\" type=\"1\">\n<li><strong>sat<\/strong>&nbsp;\u2013&nbsp;<strong>drugi i \u010detvrti razredi<\/strong><\/li>\n\n\n\n<li><strong>sat \u2013 tre\u0107i razredi<\/strong><\/li>\n\n\n\n<li><strong>sat \u2013 prvi razredi<\/strong><\/li>\n<\/ol>\n\n\n\n<p>Vanjska u\u010dionica se nalazi na sjevernoj strani \u0161kole (slika gore).<\/p>\n\n\n\n<p>Potrebno je da od svakog razreda do\u0111u po 10 u\u010denika koji bi odnijeli ud\u017ebenike i radne bilje\u017enice u razred. <\/p>\n\n\n\n<ul class=\"wp-block-list\">\n<li><strong>Veliki odmor \u2013 staklena u\u010dionica \u2013 razmjena etika i vjeronauk, te dopuna onoga \u0161to nedostaje u kompletima.<\/strong><\/li>\n<\/ul>\n\n\n\n<p><p class=\"has-black-color has-text-color\"><\/p> <\/p>\n","protected":false},"excerpt":{"rendered":"<p>Podjela ud\u017ebenika stranih jezika, te radnih bilje\u017enica, \u0107e biti sutra, 9. rujna 2025. u vanjskoj u\u010dionici, prema sljede\u0107em rasporedu: Vanjska u\u010dionica se nalazi na sjevernoj strani \u0161kole (slika gore). Potrebno je da od svakog razreda do\u0111u po 10 u\u010denika koji bi odnijeli ud\u017ebenike i radne bilje\u017enice u razred.<\/p>\n","protected":false},"author":9,"featured_media":20966,"comment_status":"closed","ping_status":"0","sticky":false,"template":"","format":"standard","meta":{"_et_pb_use_builder":"","_et_pb_old_content":"","_et_gb_content_width":"","footnotes":""},"categories":[6,9,1],"tags":[78],"class_list":["post-20965","post","type-post","status-publish","format-standard","has-post-thumbnail","hentry","category-aktualna-dogadanja","category-arhiva","category-nekategorizirano","tag-udzbenici"],"_links":{"self":[{"href":"https:\/\/prva.hr\/index.php\/wp-json\/wp\/v2\/posts\/20965","targetHints":{"allow":["GET"]}}],"collection":[{"href":"https:\/\/prva.hr\/index.php\/wp-json\/wp\/v2\/posts"}],"about":[{"href":"https:\/\/prva.hr\/index.php\/wp-json\/wp\/v2\/types\/post"}],"author":[{"embeddable":true,"href":"https:\/\/prva.hr\/index.php\/wp-json\/wp\/v2\/users\/9"}],"replies":[{"embeddable":true,"href":"https:\/\/prva.hr\/index.php\/wp-json\/wp\/v2\/comments?post=20965"}],"version-history":[{"count":4,"href":"https:\/\/prva.hr\/index.php\/wp-json\/wp\/v2\/posts\/20965\/revisions"}],"predecessor-version":[{"id":20970,"href":"https:\/\/prva.hr\/index.php\/wp-json\/wp\/v2\/posts\/20965\/revisions\/20970"}],"wp:featuredmedia":[{"embeddable":true,"href":"https:\/\/prva.hr\/index.php\/wp-json\/wp\/v2\/media\/20966"}],"wp:attachment":[{"href":"https:\/\/prva.hr\/index.php\/wp-json\/wp\/v2\/media?parent=20965"}],"wp:term":[{"taxonomy":"category","embeddable":true,"href":"https:\/\/prva.hr\/index.php\/wp-json\/wp\/v2\/categories?post=20965"},{"taxonomy":"post_tag","embeddable":true,"href":"https:\/\/prva.hr\/index.php\/wp-json\/wp\/v2\/tags?post=20965"}],"curies":[{"name":"wp","href":"https:\/\/api.w.org\/{rel}","templated":true}]}}