{"id":2115,"date":"2017-11-08T15:26:21","date_gmt":"2017-11-08T14:26:21","guid":{"rendered":"http:\/\/www.prva.hr\/?p=2115"},"modified":"2017-11-09T11:07:22","modified_gmt":"2017-11-09T10:07:22","slug":"odluka-o-ponistenju-natjecaja-za-nastavnikacu-engleskog-i-spanjolskog-jezika","status":"publish","type":"post","link":"https:\/\/prva.hr\/index.php\/2017\/11\/08\/odluka-o-ponistenju-natjecaja-za-nastavnikacu-engleskog-i-spanjolskog-jezika\/","title":{"rendered":"Odluka o poni\u0161tenju natje\u010daja za nastavnika\/cu engleskog i \u0161panjolskog jezika"},"content":{"rendered":"<p>Na temelju \u010dlanka 107. Zakona o odgoju i obrazovanju u osnovnoj i srednjoj \u0161koli (NN 87\/08, 86\/09, 92\/10, 105\/10, 90\/11, 5\/12, 16\/12, 86\/12, 126\/12, 94\/13, 152\/14, 07\/17) i \u010dlanka 56. Statuta I. gimnazije (pro\u010di\u0161\u0107eni tekst) od 26. travnja 2016. godine (KLASA: 012-03\/16-01\/01; URBROJ: 251-84-16-02) ravnateljica I. gimnazije donosi<\/p>\n<p><strong>\u00a0<\/strong><\/p>\n<p style=\"text-align: center;\"><strong>O D L U K U <\/strong><\/p>\n<p style=\"text-align: center;\"><strong>o poni\u0161tenju natje\u010daja za radno mjesto nastavnika\/ce engleskog i \u0161panjolskog jezika<\/strong><\/p>\n<p><strong>\u00a0<\/strong><\/p>\n<p style=\"text-align: center;\"><strong>I.<\/strong><\/p>\n<p>Poni\u0161tava se natje\u010daj za radno mjesto nastavnika\/ce engleskog i \u0161panjolskog jezika na odre\u0111eno, nepuno radno vrijeme objavljen 2. studenoga 2017. godine na mre\u017enoj stranici Hrvatskog zavoda za zapo\u0161ljavanje, te na mre\u017enoj stranici i oglasnoj plo\u010di I. gimnazije.<\/p>\n<p>&nbsp;<\/p>\n<p>&nbsp;<\/p>\n<p style=\"text-align: center;\"><strong>II.<\/strong><\/p>\n<p>Ova Odluka bit \u0107e objavljena u biltenu Hrvatskog zavoda za zapo\u0161ljavanje, te na mre\u017enoj stranici i oglasnoj plo\u010di I. gimnazije.<\/p>\n<p>&nbsp;<\/p>\n<p>&nbsp;<\/p>\n<p>Ravnateljica<\/p>\n<p style=\"text-align: right;\">Dunja Maru\u0161i\u0107 Brezeti\u0107, prof.<\/p>\n<p>&nbsp;<\/p>\n","protected":false},"excerpt":{"rendered":"<p>Na temelju \u010dlanka 107. Zakona o odgoju i obrazovanju u osnovnoj i srednjoj \u0161koli (NN 87\/08, 86\/09, 92\/10, 105\/10, 90\/11, 5\/12, 16\/12, 86\/12, 126\/12, 94\/13, 152\/14, 07\/17) i \u010dlanka 56. Statuta I. gimnazije (pro\u010di\u0161\u0107eni tekst) od 26. travnja 2016. godine (KLASA: 012-03\/16-01\/01; URBROJ: 251-84-16-02) ravnateljica I. gimnazije donosi \u00a0 O D L U K U [&hellip;]<\/p>\n","protected":false},"author":3,"featured_media":0,"comment_status":"closed","ping_status":"closed","sticky":false,"template":"","format":"standard","meta":{"_et_pb_use_builder":"","_et_pb_old_content":"","_et_gb_content_width":"","footnotes":""},"categories":[1,26],"tags":[],"class_list":["post-2115","post","type-post","status-publish","format-standard","hentry","category-nekategorizirano","category-natjecaji"],"_links":{"self":[{"href":"https:\/\/prva.hr\/index.php\/wp-json\/wp\/v2\/posts\/2115","targetHints":{"allow":["GET"]}}],"collection":[{"href":"https:\/\/prva.hr\/index.php\/wp-json\/wp\/v2\/posts"}],"about":[{"href":"https:\/\/prva.hr\/index.php\/wp-json\/wp\/v2\/types\/post"}],"author":[{"embeddable":true,"href":"https:\/\/prva.hr\/index.php\/wp-json\/wp\/v2\/users\/3"}],"replies":[{"embeddable":true,"href":"https:\/\/prva.hr\/index.php\/wp-json\/wp\/v2\/comments?post=2115"}],"version-history":[{"count":1,"href":"https:\/\/prva.hr\/index.php\/wp-json\/wp\/v2\/posts\/2115\/revisions"}],"predecessor-version":[{"id":2116,"href":"https:\/\/prva.hr\/index.php\/wp-json\/wp\/v2\/posts\/2115\/revisions\/2116"}],"wp:attachment":[{"href":"https:\/\/prva.hr\/index.php\/wp-json\/wp\/v2\/media?parent=2115"}],"wp:term":[{"taxonomy":"category","embeddable":true,"href":"https:\/\/prva.hr\/index.php\/wp-json\/wp\/v2\/categories?post=2115"},{"taxonomy":"post_tag","embeddable":true,"href":"https:\/\/prva.hr\/index.php\/wp-json\/wp\/v2\/tags?post=2115"}],"curies":[{"name":"wp","href":"https:\/\/api.w.org\/{rel}","templated":true}]}}