{"id":21181,"date":"2025-09-30T12:50:13","date_gmt":"2025-09-30T10:50:13","guid":{"rendered":"https:\/\/www.prva.hr\/?p=21181"},"modified":"2025-09-30T13:07:49","modified_gmt":"2025-09-30T11:07:49","slug":"odrzan-prvi-sastanak-vijeca-ucenika","status":"publish","type":"post","link":"https:\/\/prva.hr\/index.php\/2025\/09\/30\/odrzan-prvi-sastanak-vijeca-ucenika\/","title":{"rendered":"Odr\u017ean 1. sastanak Vije\u0107a u\u010denika"},"content":{"rendered":"\n<p>U ponedjeljak&nbsp;<strong>29. rujna 2025. <\/strong>odr\u017ean je prvi sastanak<strong>&nbsp;Vije\u0107a u\u010denik<\/strong>a u novoj \u0161kolskoj godini 2025.\/26. Osim predstavljanja novih \u010dlanova i \u010dlanica Vije\u0107a u\u010denika, na dnevnom redu bio je osvrt ravnateljice Dunje Maru\u0161i\u0107 Brezeti\u0107 na Godi\u0161nji plan i program rada \u0161kole, Kalendar rada, brojne aktivnosti \u0160kolskog kurikuluma te izbor predsjednika\/ice i zamjenika\/ice Vije\u0107a u\u010denika.<\/p>\n\n\n\n<p>Novi predsjednik Vije\u0107a u\u010denika je Ivan De\u017eali\u0107 iz 4.e, dok je zamjenik Ivan Nini\u0107 iz 3.c razreda.<\/p>\n\n\n\n<figure class=\"wp-block-image size-large is-resized\"><img decoding=\"async\" data-src=\"https:\/\/www.prva.hr\/wp-content\/uploads\/2025\/09\/IMG_20250929_134636-1-1024x920.jpg\" alt=\"\" class=\"wp-image-21184 lazyload\" width=\"455\" height=\"408\" data-srcset=\"https:\/\/prva.hr\/wp-content\/uploads\/2025\/09\/IMG_20250929_134636-1-1024x920.jpg 1024w, https:\/\/prva.hr\/wp-content\/uploads\/2025\/09\/IMG_20250929_134636-1-300x270.jpg 300w, https:\/\/prva.hr\/wp-content\/uploads\/2025\/09\/IMG_20250929_134636-1-768x690.jpg 768w, https:\/\/prva.hr\/wp-content\/uploads\/2025\/09\/IMG_20250929_134636-1-1536x1380.jpg 1536w, https:\/\/prva.hr\/wp-content\/uploads\/2025\/09\/IMG_20250929_134636-1-2048x1841.jpg 2048w, https:\/\/prva.hr\/wp-content\/uploads\/2025\/09\/IMG_20250929_134636-1-334x300.jpg 334w\" data-sizes=\"(max-width: 455px) 100vw, 455px\" src=\"data:image\/svg+xml;base64,PHN2ZyB3aWR0aD0iMSIgaGVpZ2h0PSIxIiB4bWxucz0iaHR0cDovL3d3dy53My5vcmcvMjAwMC9zdmciPjwvc3ZnPg==\" style=\"--smush-placeholder-width: 455px; --smush-placeholder-aspect-ratio: 455\/408;\" \/><\/figure>\n\n\n\n<figure class=\"wp-block-image size-large is-resized\"><img decoding=\"async\" data-src=\"https:\/\/www.prva.hr\/wp-content\/uploads\/2025\/09\/IMG_20250929_131931-1024x629.jpg\" alt=\"\" class=\"wp-image-21185 lazyload\" width=\"458\" height=\"280\" data-srcset=\"https:\/\/prva.hr\/wp-content\/uploads\/2025\/09\/IMG_20250929_131931-1024x629.jpg 1024w, https:\/\/prva.hr\/wp-content\/uploads\/2025\/09\/IMG_20250929_131931-300x184.jpg 300w, https:\/\/prva.hr\/wp-content\/uploads\/2025\/09\/IMG_20250929_131931-768x472.jpg 768w, https:\/\/prva.hr\/wp-content\/uploads\/2025\/09\/IMG_20250929_131931-1536x943.jpg 1536w, https:\/\/prva.hr\/wp-content\/uploads\/2025\/09\/IMG_20250929_131931-2048x1258.jpg 2048w, https:\/\/prva.hr\/wp-content\/uploads\/2025\/09\/IMG_20250929_131931-400x246.jpg 400w\" data-sizes=\"(max-width: 458px) 100vw, 458px\" src=\"data:image\/svg+xml;base64,PHN2ZyB3aWR0aD0iMSIgaGVpZ2h0PSIxIiB4bWxucz0iaHR0cDovL3d3dy53My5vcmcvMjAwMC9zdmciPjwvc3ZnPg==\" style=\"--smush-placeholder-width: 458px; --smush-placeholder-aspect-ratio: 458\/280;\" \/><\/figure>\n\n\n\n<p>Vlasta Luka\u010devi\u0107, \u0161kolska psihologinja<\/p>\n","protected":false},"excerpt":{"rendered":"<p>U ponedjeljak&nbsp;29. rujna 2025. odr\u017ean je prvi sastanak&nbsp;Vije\u0107a u\u010denika u novoj \u0161kolskoj godini 2025.\/26. Osim predstavljanja novih \u010dlanova i \u010dlanica Vije\u0107a u\u010denika, na dnevnom redu bio je osvrt ravnateljice Dunje Maru\u0161i\u0107 Brezeti\u0107 na Godi\u0161nji plan i program rada \u0161kole, Kalendar rada, brojne aktivnosti \u0160kolskog kurikuluma te izbor predsjednika\/ice i zamjenika\/ice Vije\u0107a u\u010denika. Novi predsjednik Vije\u0107a [&hellip;]<\/p>\n","protected":false},"author":6,"featured_media":21187,"comment_status":"closed","ping_status":"0","sticky":false,"template":"","format":"standard","meta":{"_et_pb_use_builder":"","_et_pb_old_content":"","_et_gb_content_width":"","footnotes":""},"categories":[5,6],"tags":[],"class_list":["post-21181","post","type-post","status-publish","format-standard","has-post-thumbnail","hentry","category-aktivnosti","category-aktualna-dogadanja"],"_links":{"self":[{"href":"https:\/\/prva.hr\/index.php\/wp-json\/wp\/v2\/posts\/21181","targetHints":{"allow":["GET"]}}],"collection":[{"href":"https:\/\/prva.hr\/index.php\/wp-json\/wp\/v2\/posts"}],"about":[{"href":"https:\/\/prva.hr\/index.php\/wp-json\/wp\/v2\/types\/post"}],"author":[{"embeddable":true,"href":"https:\/\/prva.hr\/index.php\/wp-json\/wp\/v2\/users\/6"}],"replies":[{"embeddable":true,"href":"https:\/\/prva.hr\/index.php\/wp-json\/wp\/v2\/comments?post=21181"}],"version-history":[{"count":4,"href":"https:\/\/prva.hr\/index.php\/wp-json\/wp\/v2\/posts\/21181\/revisions"}],"predecessor-version":[{"id":21195,"href":"https:\/\/prva.hr\/index.php\/wp-json\/wp\/v2\/posts\/21181\/revisions\/21195"}],"wp:featuredmedia":[{"embeddable":true,"href":"https:\/\/prva.hr\/index.php\/wp-json\/wp\/v2\/media\/21187"}],"wp:attachment":[{"href":"https:\/\/prva.hr\/index.php\/wp-json\/wp\/v2\/media?parent=21181"}],"wp:term":[{"taxonomy":"category","embeddable":true,"href":"https:\/\/prva.hr\/index.php\/wp-json\/wp\/v2\/categories?post=21181"},{"taxonomy":"post_tag","embeddable":true,"href":"https:\/\/prva.hr\/index.php\/wp-json\/wp\/v2\/tags?post=21181"}],"curies":[{"name":"wp","href":"https:\/\/api.w.org\/{rel}","templated":true}]}}