{"id":21188,"date":"2025-09-30T13:16:59","date_gmt":"2025-09-30T11:16:59","guid":{"rendered":"https:\/\/www.prva.hr\/?p=21188"},"modified":"2025-09-30T13:17:30","modified_gmt":"2025-09-30T11:17:30","slug":"odrzan-1-sastanak-vijeca-roditelja-2","status":"publish","type":"post","link":"https:\/\/prva.hr\/index.php\/2025\/09\/30\/odrzan-1-sastanak-vijeca-roditelja-2\/","title":{"rendered":"Odr\u017ean 1. sastanak Vije\u0107a roditelja"},"content":{"rendered":"\n<p>U ponedjeljak&nbsp;<strong>29. 9. 2025.&nbsp;<\/strong>ravnateljica Dunja Maru\u0161i\u0107 Brezeti\u0107 odr\u017eala je&nbsp;<strong>1. sastanak Vije\u0107a roditelja I. gimnazije<\/strong>. Na po\u010detku, ravnateljica je prezentirala analizu uspjeha u \u0161k. god. 2024.\/245 i izrazila zadovoljstvo postignutim rezultatima. U nastavku, predstavljen je prijedlog Godi\u0161njeg plana rada \u0161kole s Kalendarom rada te najavljeni brojni programi, projekti i drugi oblici rada planirani \u0160kolskim kurikulumom za \u0161k. god. 2025.\/26. Ravnateljica je najavila me\u0111unarodne suradnje planirane u sklopu Erasmus+ programa grupne mobilnosti u\u010denika. Za novog predstavnika Vije\u0107a roditelja izabran je predstavnik roditelja 3.d razreda gosp. Nikola Mostarac.<\/p>\n\n\n\n<figure class=\"wp-block-image size-large is-resized\"><img decoding=\"async\" data-src=\"https:\/\/www.prva.hr\/wp-content\/uploads\/2025\/09\/IMG_20250929_185408-1024x768.jpg\" alt=\"\" class=\"wp-image-21192 lazyload\" width=\"443\" height=\"332\" data-srcset=\"https:\/\/prva.hr\/wp-content\/uploads\/2025\/09\/IMG_20250929_185408-1024x768.jpg 1024w, https:\/\/prva.hr\/wp-content\/uploads\/2025\/09\/IMG_20250929_185408-300x225.jpg 300w, https:\/\/prva.hr\/wp-content\/uploads\/2025\/09\/IMG_20250929_185408-768x576.jpg 768w, https:\/\/prva.hr\/wp-content\/uploads\/2025\/09\/IMG_20250929_185408-1536x1152.jpg 1536w, https:\/\/prva.hr\/wp-content\/uploads\/2025\/09\/IMG_20250929_185408-2048x1536.jpg 2048w, https:\/\/prva.hr\/wp-content\/uploads\/2025\/09\/IMG_20250929_185408-400x300.jpg 400w\" data-sizes=\"(max-width: 443px) 100vw, 443px\" src=\"data:image\/svg+xml;base64,PHN2ZyB3aWR0aD0iMSIgaGVpZ2h0PSIxIiB4bWxucz0iaHR0cDovL3d3dy53My5vcmcvMjAwMC9zdmciPjwvc3ZnPg==\" style=\"--smush-placeholder-width: 443px; --smush-placeholder-aspect-ratio: 443\/332;\" \/><\/figure>\n\n\n\n<p>Vlasta Luka\u010devi\u0107, \u0161kolska psihologinja<\/p>\n","protected":false},"excerpt":{"rendered":"<p>U ponedjeljak&nbsp;29. 9. 2025.&nbsp;ravnateljica Dunja Maru\u0161i\u0107 Brezeti\u0107 odr\u017eala je&nbsp;1. sastanak Vije\u0107a roditelja I. gimnazije. Na po\u010detku, ravnateljica je prezentirala analizu uspjeha u \u0161k. god. 2024.\/245 i izrazila zadovoljstvo postignutim rezultatima. U nastavku, predstavljen je prijedlog Godi\u0161njeg plana rada \u0161kole s Kalendarom rada te najavljeni brojni programi, projekti i drugi oblici rada planirani \u0160kolskim kurikulumom za [&hellip;]<\/p>\n","protected":false},"author":6,"featured_media":21191,"comment_status":"closed","ping_status":"0","sticky":false,"template":"","format":"standard","meta":{"_et_pb_use_builder":"","_et_pb_old_content":"","_et_gb_content_width":"","footnotes":""},"categories":[5,6],"tags":[],"class_list":["post-21188","post","type-post","status-publish","format-standard","has-post-thumbnail","hentry","category-aktivnosti","category-aktualna-dogadanja"],"_links":{"self":[{"href":"https:\/\/prva.hr\/index.php\/wp-json\/wp\/v2\/posts\/21188","targetHints":{"allow":["GET"]}}],"collection":[{"href":"https:\/\/prva.hr\/index.php\/wp-json\/wp\/v2\/posts"}],"about":[{"href":"https:\/\/prva.hr\/index.php\/wp-json\/wp\/v2\/types\/post"}],"author":[{"embeddable":true,"href":"https:\/\/prva.hr\/index.php\/wp-json\/wp\/v2\/users\/6"}],"replies":[{"embeddable":true,"href":"https:\/\/prva.hr\/index.php\/wp-json\/wp\/v2\/comments?post=21188"}],"version-history":[{"count":5,"href":"https:\/\/prva.hr\/index.php\/wp-json\/wp\/v2\/posts\/21188\/revisions"}],"predecessor-version":[{"id":21203,"href":"https:\/\/prva.hr\/index.php\/wp-json\/wp\/v2\/posts\/21188\/revisions\/21203"}],"wp:featuredmedia":[{"embeddable":true,"href":"https:\/\/prva.hr\/index.php\/wp-json\/wp\/v2\/media\/21191"}],"wp:attachment":[{"href":"https:\/\/prva.hr\/index.php\/wp-json\/wp\/v2\/media?parent=21188"}],"wp:term":[{"taxonomy":"category","embeddable":true,"href":"https:\/\/prva.hr\/index.php\/wp-json\/wp\/v2\/categories?post=21188"},{"taxonomy":"post_tag","embeddable":true,"href":"https:\/\/prva.hr\/index.php\/wp-json\/wp\/v2\/tags?post=21188"}],"curies":[{"name":"wp","href":"https:\/\/api.w.org\/{rel}","templated":true}]}}