{"id":21198,"date":"2025-09-30T13:14:53","date_gmt":"2025-09-30T11:14:53","guid":{"rendered":"https:\/\/www.prva.hr\/?p=21198"},"modified":"2025-09-30T13:18:36","modified_gmt":"2025-09-30T11:18:36","slug":"odrzan-info-pult-integraledu-o-studiranju-u-inozemstvu","status":"publish","type":"post","link":"https:\/\/prva.hr\/index.php\/2025\/09\/30\/odrzan-info-pult-integraledu-o-studiranju-u-inozemstvu\/","title":{"rendered":"Odr\u017ean Info pult IntegralEdu o studiranju u inozemstvu"},"content":{"rendered":"\n<p>U okviru \u0160kolskog programa profesionalnog informiranja i usmjeravanja u utorak<strong>&nbsp;30. 9. 2025.<\/strong>&nbsp;organiziran je&nbsp;<strong>IntegralEdu info pult<\/strong>&nbsp;kojim su zainteresirani u\u010denike i u\u010denice mogli saznati vi\u0161e o mogu\u0107nosti studiranja i stipendiranja u zemljama Europe i \u0161ire. Tom prigodom, najavljeno je odr\u017eavanje me\u0111unarodnog sajma&nbsp;<strong>World Education Fair<\/strong>&nbsp;u hotelu Westin&nbsp;<strong>subotu 11.10.2025.<\/strong>&nbsp;na kojem \u0107e zainteresirani u\u010denici biti u prilici razgovarati s&nbsp; predstavnici inozemnih sveu\u010dili\u0161ta.<\/p>\n\n\n\n<p>Vlasta Luka\u010devi\u0107, \u0161kolska psihologinja<\/p>\n","protected":false},"excerpt":{"rendered":"<p>U okviru \u0160kolskog programa profesionalnog informiranja i usmjeravanja u utorak&nbsp;30. 9. 2025.&nbsp;organiziran je&nbsp;IntegralEdu info pult&nbsp;kojim su zainteresirani u\u010denike i u\u010denice mogli saznati vi\u0161e o mogu\u0107nosti studiranja i stipendiranja u zemljama Europe i \u0161ire. Tom prigodom, najavljeno je odr\u017eavanje me\u0111unarodnog sajma&nbsp;World Education Fair&nbsp;u hotelu Westin&nbsp;subotu 11.10.2025.&nbsp;na kojem \u0107e zainteresirani u\u010denici biti u prilici razgovarati s&nbsp; predstavnici [&hellip;]<\/p>\n","protected":false},"author":6,"featured_media":21201,"comment_status":"closed","ping_status":"0","sticky":false,"template":"","format":"standard","meta":{"_et_pb_use_builder":"","_et_pb_old_content":"","_et_gb_content_width":"","footnotes":""},"categories":[5,6],"tags":[],"class_list":["post-21198","post","type-post","status-publish","format-standard","has-post-thumbnail","hentry","category-aktivnosti","category-aktualna-dogadanja"],"_links":{"self":[{"href":"https:\/\/prva.hr\/index.php\/wp-json\/wp\/v2\/posts\/21198","targetHints":{"allow":["GET"]}}],"collection":[{"href":"https:\/\/prva.hr\/index.php\/wp-json\/wp\/v2\/posts"}],"about":[{"href":"https:\/\/prva.hr\/index.php\/wp-json\/wp\/v2\/types\/post"}],"author":[{"embeddable":true,"href":"https:\/\/prva.hr\/index.php\/wp-json\/wp\/v2\/users\/6"}],"replies":[{"embeddable":true,"href":"https:\/\/prva.hr\/index.php\/wp-json\/wp\/v2\/comments?post=21198"}],"version-history":[{"count":4,"href":"https:\/\/prva.hr\/index.php\/wp-json\/wp\/v2\/posts\/21198\/revisions"}],"predecessor-version":[{"id":21204,"href":"https:\/\/prva.hr\/index.php\/wp-json\/wp\/v2\/posts\/21198\/revisions\/21204"}],"wp:featuredmedia":[{"embeddable":true,"href":"https:\/\/prva.hr\/index.php\/wp-json\/wp\/v2\/media\/21201"}],"wp:attachment":[{"href":"https:\/\/prva.hr\/index.php\/wp-json\/wp\/v2\/media?parent=21198"}],"wp:term":[{"taxonomy":"category","embeddable":true,"href":"https:\/\/prva.hr\/index.php\/wp-json\/wp\/v2\/categories?post=21198"},{"taxonomy":"post_tag","embeddable":true,"href":"https:\/\/prva.hr\/index.php\/wp-json\/wp\/v2\/tags?post=21198"}],"curies":[{"name":"wp","href":"https:\/\/api.w.org\/{rel}","templated":true}]}}